{"id":11972,"date":"2025-01-26T01:26:27","date_gmt":"2025-01-26T05:26:27","guid":{"rendered":"https:\/\/noticiasveraces.com\/?p=11972"},"modified":"2025-01-26T01:26:27","modified_gmt":"2025-01-26T05:26:27","slug":"edgar-canet-de-no-saber-si-volveria-a-montar-en-moto-a-ganar-el-dakar","status":"publish","type":"post","link":"https:\/\/noticiasveraces.com\/?p=11972","title":{"rendered":"Edgar Canet, de no saber si volver\u00eda a montar en moto a ganar el Dakar"},"content":{"rendered":"<p> \n<\/p>\n<div id=\"intext\">\n<p>Edgar Canet se proclam\u00f3<b> campe\u00f3n del Dakar <\/b>en la categor\u00eda Rally 2. Con solo 19 a\u00f1os ha conseguido llevarse el trofeo a casa siendo la primera vez que participa. Adem\u00e1s, ha quedado octavo en la clasificaci\u00f3n absoluta donde ha estado cerca de los mejores: \u00abSentirte uno de ellos y poder luchar con los de delante es una sensaci\u00f3n incre\u00edble. Te da <b>un plus de motivaci\u00f3n<\/b> para seguir trabajando\u00bb. A pesar de que Rally 2 es una categor\u00eda menor, <b>la moto es exactamente igual que la de categor\u00eda absoluta<\/b>.<\/p>\n<p>Hace cuatro a\u00f1os tuvo un accidente haciendo motocross que pudo dejarle sin volver a andar: \u00ab<b>En el accidente me romp\u00ed 5 v\u00e9rtebras<\/b> y estuve unos meses en los que pas\u00e9 por varias operaciones y no sab\u00eda si volver\u00eda a subir en una moto\u00bb. Ese accidente ocurri\u00f3 el<b> 17 de enero de 2021 <\/b>y solo cuatro a\u00f1os despu\u00e9s, <b>tambi\u00e9n el 17 de enero<\/b>consigui\u00f3 este t\u00edtulo en el Dakar.<\/p>\n<h2 class=\"title-h2\">\u00abLa prueba m\u00e1s dura del mundo\u00bb<\/h2>\n<p>No las ha tenido todas consigo en rally disputado en Arabia Saud\u00ed. En una de las etapas, al poco de salir, sufri\u00f3 una ca\u00edda sobre unas piedras que pudo hacerle abandonar la carrera. <b>Pensaba que ten\u00eda algo roto.<\/b>pero con mucho coraje pudo continuar: \u00abEra muy temprano, ca\u00ed encima de las piedras y cuando te das un golpe fuerte, en el momento no sabes si te has hecho da\u00f1o o no. Pero me pude subir a la moto, pude continuar y al cabo de 20 kil\u00f3metros ya vi que no me hab\u00eda roto nada, no me dol\u00eda nada exageradamente y pude continuar\u00bb. Cuando iba a correr el Dakar ya sab\u00eda lo que le pod\u00eda pasar: \u00abEl Dakar es <b>la prueba mas dura del mundo<\/b> y toca pasar situaciones as\u00ed\u00bb.<\/p>\n<p>Ver a un chico de tan corta edad, con esas habilidades y tan centrado, llama la atenci\u00f3n de todos&#8230; pero hemos visto c\u00f3mo el propio <b>Nani Roma<\/b> ped\u00ed tranquilidad con \u00e9l. Sobre Nani Roma ha comentado Canet que tienen una relaci\u00f3n magn\u00edfica pero que cuando hace algo mal siempre le echa <b>\u00abuna bronquilla\u00bb<\/b>.<\/p>\n<p>Edgar Canet es un <b>piloto de presente y futuro<\/b>. Lleg\u00f3 al Dakar como un ni\u00f1o prodigio y se marcha como un piloto para tener en cuenta en los pr\u00f3ximos campeonatos. Adem\u00e1s, \u00e9l mismo aspira a cotas m\u00e1s altas: \u00abEstamos en el camino correcto, ahora toca no desconcentrarse y <b>seguir entrenando al m\u00e1ximo para poder conseguirlo<\/b>\u00ab.<\/p>\n<p><i>S\u00edguenos en nuestro canal de WhatsApp y no te pierdas la \u00faltima hora y toda la actualidad de antena3noticias.com<\/i><\/p>\n<div class=\"recirculation-video\" data-mod=\"a3mod_recirculation_video\">\n<div class=\"recirculation-video-wrapper\">\n<div>\n<div class=\"video-wrapper\">\n  <picture class=\"video-main-picture\"><source media=\"(min-width: 481px)\" srcset=\"https:\/\/fotografias.antena3.com\/clipping\/cmsimages02\/2025\/01\/23\/1F20FF5D-86EE-442D-947D-F605D8229E59\/aryna-sabalenka-abraza-paula-badosa-superarle-semifinales-open-australia_94.jpg?crop=4207,2366,x0,y0&amp;width=800&amp;height=450&amp;optimize=medium&amp;format=webply\" width=\"800\" height=\"450\"><source media=\"(min-width: 391px) and (max-width: 480px)\" srcset=\"https:\/\/fotografias.antena3.com\/clipping\/cmsimages02\/2025\/01\/23\/1F20FF5D-86EE-442D-947D-F605D8229E59\/aryna-sabalenka-abraza-paula-badosa-superarle-semifinales-open-australia_70.jpg?crop=4207,2366,x0,y0&amp;width=480&amp;height=270&amp;optimize=high&amp;format=webply\" width=\"480\" height=\"270\"><source media=\"(min-width: 321px) and (max-width: 390px)\" srcset=\"https:\/\/fotografias.antena3.com\/clipping\/cmsimages02\/2025\/01\/23\/1F20FF5D-86EE-442D-947D-F605D8229E59\/aryna-sabalenka-abraza-paula-badosa-superarle-semifinales-open-australia_92.jpg?crop=4207,2362,x0,y0&amp;width=390&amp;height=219&amp;optimize=high&amp;format=webply\" width=\"390\" height=\"219\"><source media=\"(max-width: 320px)\" srcset=\"https:\/\/fotografias.antena3.com\/clipping\/cmsimages02\/2025\/01\/23\/1F20FF5D-86EE-442D-947D-F605D8229E59\/aryna-sabalenka-abraza-paula-badosa-superarle-semifinales-open-australia_52.jpg?crop=4207,2366,x0,y0&amp;width=320&amp;height=180&amp;optimize=high&amp;format=webply\" width=\"320\" height=\"180\"><img decoding=\"async\" title=\"Aryna Sabalenka abraza a Paula Badosa tras superarle en las semifinales del Open de Australia\" alt=\"Aryna Sabalenka abraza a Paula Badosa tras superarle en las semifinales del Open de Australia\" width=\"480\" height=\"270\" src=\"https:\/\/fotografias.antena3.com\/clipping\/cmsimages02\/2025\/01\/23\/1F20FF5D-86EE-442D-947D-F605D8229E59\/aryna-sabalenka-abraza-paula-badosa-superarle-semifinales-open-australia_70.jpg?crop=4207,2366,x0,y0&amp;width=480&amp;height=270&amp;optimize=high&amp;format=webply\" loading=\"lazy\" class=\"lazy\"\/><br \/>\n  <\/source><\/source><\/source><\/source><\/picture>\n <\/div>\n<\/div><\/div>\n<\/p><\/div>\n<\/div>\n\n","protected":false},"excerpt":{"rendered":"<p>Edgar Canet se proclam\u00f3 campe\u00f3n del Dakar en la categor\u00eda Rally 2. Con solo 19 a\u00f1os ha conseguido llevarse el trofeo a casa siendo la primera vez que participa. Adem\u00e1s, ha quedado octavo en la clasificaci\u00f3n absoluta donde ha estado cerca de los mejores: \u00abSentirte uno de ellos y poder luchar con los de delante &hellip;<\/p>\n","protected":false},"author":1,"featured_media":11974,"comment_status":"open","ping_status":"open","sticky":false,"template":"","format":"standard","meta":{"fifu_image_url":"https:\/\/fotografias.antena3.com\/clipping\/cmsimages02\/2025\/01\/25\/E617D994-AAEB-4F96-915E-1BE7113ACECB\/edgar-canet-saber-volveria-montar-moto-ganar-dakar_69.jpg?crop=640,360,x0,y0&width=1280&height=720&optimize=low&format=jpg","fifu_image_alt":"","footnotes":""},"categories":[6],"tags":[],"class_list":["post-11972","post","type-post","status-publish","format-standard","has-post-thumbnail","","category-deportes"],"_links":{"self":[{"href":"https:\/\/noticiasveraces.com\/index.php?rest_route=\/wp\/v2\/posts\/11972","targetHints":{"allow":["GET"]}}],"collection":[{"href":"https:\/\/noticiasveraces.com\/index.php?rest_route=\/wp\/v2\/posts"}],"about":[{"href":"https:\/\/noticiasveraces.com\/index.php?rest_route=\/wp\/v2\/types\/post"}],"author":[{"embeddable":true,"href":"https:\/\/noticiasveraces.com\/index.php?rest_route=\/wp\/v2\/users\/1"}],"replies":[{"embeddable":true,"href":"https:\/\/noticiasveraces.com\/index.php?rest_route=%2Fwp%2Fv2%2Fcomments&post=11972"}],"version-history":[{"count":0,"href":"https:\/\/noticiasveraces.com\/index.php?rest_route=\/wp\/v2\/posts\/11972\/revisions"}],"wp:featuredmedia":[{"embeddable":true,"href":"https:\/\/noticiasveraces.com\/index.php?rest_route=\/wp\/v2\/media\/11974"}],"wp:attachment":[{"href":"https:\/\/noticiasveraces.com\/index.php?rest_route=%2Fwp%2Fv2%2Fmedia&parent=11972"}],"wp:term":[{"taxonomy":"category","embeddable":true,"href":"https:\/\/noticiasveraces.com\/index.php?rest_route=%2Fwp%2Fv2%2Fcategories&post=11972"},{"taxonomy":"post_tag","embeddable":true,"href":"https:\/\/noticiasveraces.com\/index.php?rest_route=%2Fwp%2Fv2%2Ftags&post=11972"}],"curies":[{"name":"wp","href":"https:\/\/api.w.org\/{rel}","templated":true}]}}