{"id":11940,"date":"2025-01-25T19:38:54","date_gmt":"2025-01-25T23:38:54","guid":{"rendered":"https:\/\/noticiasveraces.com\/?p=11940"},"modified":"2025-01-25T19:38:54","modified_gmt":"2025-01-25T23:38:54","slug":"multitudinarias-protestas-contra-la-ultraderecha-en-alemania-dw-25-01-2025","status":"publish","type":"post","link":"https:\/\/noticiasveraces.com\/?p=11940","title":{"rendered":"Multitudinarias protestas contra la ultraderecha en Alemania \u2013 DW \u2013 25\/01\/2025"},"content":{"rendered":"<p> \n<\/p>\n<div>\n<p>Manifestaciones contra el partido de ultraderecha AfD congregaron el s\u00e1bado (25.01.2025) a decenas de millas de personas en Alemania para \u00abdetener\u00bb a esta formaci\u00f3n acusada de amenazar la democracia, a un mes de las elecciones legislativas.<\/p>\n<p>Las manifestaciones m\u00e1s importantes ocurrieron en Berl\u00edn y Colonia (oeste), con alrededor de 35.000 y 20.000 manifestantes respectivamente, seg\u00fan la polic\u00eda. Pero los organizadores calcularon en 100.000 el n\u00famero de personas en la capital alemana.<\/p>\n<h2>Rechazo a Trump<\/h2>\n<p>Varias organizaciones, como Fridays for Future y Padres contra la Derecha y Campact llamaron a realizar manifestaciones en 60 ciudades de la naci\u00f3n europea, con el prop\u00f3sito de protestar contra el retorno de Donald Trump a la presidencia de EE.UU., AfD y la inminente formaci\u00f3n de un Gobierno en Austria presidido por los ultraderechistas.<\/p>\n<p>Los manifestantes desfilaron pac\u00edficamente con pancartas que dec\u00edan \u00abFuera los nazis\u00bb o \u00abla AfD no es una alternativa\u00bb, refiri\u00e9ndose al partido de ultraderecha \u00abAlternativa para Alemania\u00bb.<\/p>\n<p>Hubo tambi\u00e9n manifestaciones en Aschaffenbourg, Baviera (sur) y en Halle (este).<\/p>\n<p>(afp, efe\/min)<\/p>\n<\/p>\n<\/div>\n\n","protected":false},"excerpt":{"rendered":"<p>Manifestaciones contra el partido de ultraderecha AfD congregaron el s\u00e1bado (25.01.2025) a decenas de millas de personas en Alemania para \u00abdetener\u00bb a esta formaci\u00f3n acusada de amenazar la democracia, a un mes de las elecciones legislativas. Las manifestaciones m\u00e1s importantes ocurrieron en Berl\u00edn y Colonia (oeste), con alrededor de 35.000 y 20.000 manifestantes respectivamente, seg\u00fan &hellip;<\/p>\n","protected":false},"author":1,"featured_media":11941,"comment_status":"open","ping_status":"open","sticky":false,"template":"","format":"standard","meta":{"fifu_image_url":"https:\/\/static.dw.com\/image\/71410573_6.jpg","fifu_image_alt":"","footnotes":""},"categories":[13],"tags":[],"class_list":["post-11940","post","type-post","status-publish","format-standard","has-post-thumbnail","","category-mundo"],"_links":{"self":[{"href":"https:\/\/noticiasveraces.com\/index.php?rest_route=\/wp\/v2\/posts\/11940","targetHints":{"allow":["GET"]}}],"collection":[{"href":"https:\/\/noticiasveraces.com\/index.php?rest_route=\/wp\/v2\/posts"}],"about":[{"href":"https:\/\/noticiasveraces.com\/index.php?rest_route=\/wp\/v2\/types\/post"}],"author":[{"embeddable":true,"href":"https:\/\/noticiasveraces.com\/index.php?rest_route=\/wp\/v2\/users\/1"}],"replies":[{"embeddable":true,"href":"https:\/\/noticiasveraces.com\/index.php?rest_route=%2Fwp%2Fv2%2Fcomments&post=11940"}],"version-history":[{"count":0,"href":"https:\/\/noticiasveraces.com\/index.php?rest_route=\/wp\/v2\/posts\/11940\/revisions"}],"wp:featuredmedia":[{"embeddable":true,"href":"https:\/\/noticiasveraces.com\/index.php?rest_route=\/wp\/v2\/media\/11941"}],"wp:attachment":[{"href":"https:\/\/noticiasveraces.com\/index.php?rest_route=%2Fwp%2Fv2%2Fmedia&parent=11940"}],"wp:term":[{"taxonomy":"category","embeddable":true,"href":"https:\/\/noticiasveraces.com\/index.php?rest_route=%2Fwp%2Fv2%2Fcategories&post=11940"},{"taxonomy":"post_tag","embeddable":true,"href":"https:\/\/noticiasveraces.com\/index.php?rest_route=%2Fwp%2Fv2%2Ftags&post=11940"}],"curies":[{"name":"wp","href":"https:\/\/api.w.org\/{rel}","templated":true}]}}