{"id":11925,"date":"2025-01-25T16:35:12","date_gmt":"2025-01-25T20:35:12","guid":{"rendered":"https:\/\/noticiasveraces.com\/?p=11925"},"modified":"2025-01-25T16:35:12","modified_gmt":"2025-01-25T20:35:12","slug":"elon-musk-participa-por-video-en-mitin-de-afd-en-alemania-dw-25-01-2025","status":"publish","type":"post","link":"https:\/\/noticiasveraces.com\/?p=11925","title":{"rendered":"Elon Musk Participa por video en Mitin de Afd en Alemania &#8211; DW &#8211; 25\/01\/2025"},"content":{"rendered":"<p> \n<\/p>\n<div>\n<p>El Multimillonario Elon Musk Dio Su Apoyo Este S\u00e1bado (25.01.2025) Por Videoconferencia al Partido de Extreme Derecha Afd en Un Mitin en Alemania, En Plena Pol\u00e9mica Tras Su Su Controvertido Gesto Durante La Poses de Donald Trump, Comparado con el Saludo nazi.<\/p>\n<p>\u00abEst\u00e1 Bien Estar Orgulloso de Ser Alem\u00e1n. Combatan por Un Futuro Radiante Para Alemania\u00bb, Declar\u00f3 El Hombre M\u00e1s Rico del Mundo Ante, Seg\u00fan Datos de Alternativa para Alemania (AFD), Unos 4.500 Partidarios Reunidos en La Feria de Halle).<\/p>\n<p>El Due\u00f1o de X Reiter\u00f3 Su apoyo A Afd Que Encarna, Seg\u00fan \u00c9l, \u00abLa Mejor Esperanza para Alemania\u00bb, Ante los Alausos del P\u00fablico. En su intervenci\u00f3n elogi\u00f3 a la \u00abNacia alemana\u00bb que tiene \u00abMiles de A\u00f1os\u00bb. El Emperador Romano Julio Cesar Ya Estuvo \u00abInterroso\u00bb por la Volunte de combate de las tribus Germ\u00e1nicas, Dijo Musk en Su Intervenci\u00f3n.<\/p>\n<h2>Cr\u00edtica A Scholz<\/h2>\n<p>El Gobierno real \u00abReprima Agresivamete la Libertad de expresi\u00f3n\u00bb, A\u00f1adi\u00f3 Musk, Que Apunt\u00f3 a Que la Afd DeBe Entonces \u00abCombatir, Combatir, Combatir\u00bb, Especialmenta por \u00abM\u00c1S AUTODETERMINACI\u00d3N BARAMEMANIA ALEMARIA Y Para los Pa\u00edses de Europa y Menos.<\/p>\n<p>En Las \u00faltimas Semanas, Musk se ha involucrado con frecuencia en la Pol\u00edtica Interior de Alemania y Otros Pa\u00edses Europeos Publicando Comentarios en su plataforma en l\u00ednea x, y apoyando abiertamete a afd.<\/p>\n<p>El Partido Pol\u00edtico de Ultraderecha Alem\u00e1n Figura en SEgunda Las Intenciones de Veto.<\/p>\n<p>Musk Calific\u00f3 en El Pasado al Canciller Socialdem\u00f3crata Olaf Scholz de \u00abLoco\u00bb Y \u00abde Imb\u00e9cil Incompetente\u00bb Y al Presidente Frank-Walter Steinmeier de \u00abTirano\u00bb.<\/p>\n<p>(AFP, DPA\/MN)<\/p>\n<\/p>\n<\/div>\n\n","protected":false},"excerpt":{"rendered":"<p>El Multimillonario Elon Musk Dio Su Apoyo Este S\u00e1bado (25.01.2025) Por Videoconferencia al Partido de Extreme Derecha Afd en Un Mitin en Alemania, En Plena Pol\u00e9mica Tras Su Su Controvertido Gesto Durante La Poses de Donald Trump, Comparado con el Saludo nazi. \u00abEst\u00e1 Bien Estar Orgulloso de Ser Alem\u00e1n. Combatan por Un Futuro Radiante Para &hellip;<\/p>\n","protected":false},"author":1,"featured_media":11926,"comment_status":"open","ping_status":"open","sticky":false,"template":"","format":"standard","meta":{"fifu_image_url":"https:\/\/static.dw.com\/image\/71256863_6.jpg","fifu_image_alt":"","footnotes":""},"categories":[13],"tags":[],"class_list":["post-11925","post","type-post","status-publish","format-standard","has-post-thumbnail","","category-mundo"],"_links":{"self":[{"href":"https:\/\/noticiasveraces.com\/index.php?rest_route=\/wp\/v2\/posts\/11925","targetHints":{"allow":["GET"]}}],"collection":[{"href":"https:\/\/noticiasveraces.com\/index.php?rest_route=\/wp\/v2\/posts"}],"about":[{"href":"https:\/\/noticiasveraces.com\/index.php?rest_route=\/wp\/v2\/types\/post"}],"author":[{"embeddable":true,"href":"https:\/\/noticiasveraces.com\/index.php?rest_route=\/wp\/v2\/users\/1"}],"replies":[{"embeddable":true,"href":"https:\/\/noticiasveraces.com\/index.php?rest_route=%2Fwp%2Fv2%2Fcomments&post=11925"}],"version-history":[{"count":0,"href":"https:\/\/noticiasveraces.com\/index.php?rest_route=\/wp\/v2\/posts\/11925\/revisions"}],"wp:featuredmedia":[{"embeddable":true,"href":"https:\/\/noticiasveraces.com\/index.php?rest_route=\/wp\/v2\/media\/11926"}],"wp:attachment":[{"href":"https:\/\/noticiasveraces.com\/index.php?rest_route=%2Fwp%2Fv2%2Fmedia&parent=11925"}],"wp:term":[{"taxonomy":"category","embeddable":true,"href":"https:\/\/noticiasveraces.com\/index.php?rest_route=%2Fwp%2Fv2%2Fcategories&post=11925"},{"taxonomy":"post_tag","embeddable":true,"href":"https:\/\/noticiasveraces.com\/index.php?rest_route=%2Fwp%2Fv2%2Ftags&post=11925"}],"curies":[{"name":"wp","href":"https:\/\/api.w.org\/{rel}","templated":true}]}}