{"id":11922,"date":"2025-01-25T16:25:11","date_gmt":"2025-01-25T20:25:11","guid":{"rendered":"https:\/\/noticiasveraces.com\/?p=11922"},"modified":"2025-01-25T16:25:11","modified_gmt":"2025-01-25T20:25:11","slug":"mauricio-umansky-dejen-la-politica-a-un-lado-y-reconstruyan-los-angeles","status":"publish","type":"post","link":"https:\/\/noticiasveraces.com\/?p=11922","title":{"rendered":"Mauricio Umansky: &#8216;Dejen la pol\u00edtica a un lado y reconstruyan Los \u00c1ngeles&#8217;"},"content":{"rendered":"<p> \n<\/p>\n<div><!----> <!----> <\/p>\n<div class=\"featured featured-video video-ct\">\n<div class=\"contain\">\n<div class=\"info\">\n<div class=\"caption\">\n<p>El magnate inmobiliario Mauricio Umansky dice que California necesita trabajar con el gobierno federal para ayudar a la reconstrucci\u00f3n de Los \u00c1ngeles.<\/p>\n<\/div>\n<\/div>\n<\/div>\n<\/div>\n<p>El magnate inmobiliario Mauricio Umansky dijo que los funcionarios de California deben trabajar con el gobierno federal para ayudar a las personas en \u00e1reas devastadas por incendios forestales a reconstruirse, y que este no es el momento de pelear con el presidente Trump. <\/p>\n<p>\u00abEste es el momento de dejar la pol\u00edtica a un lado y reconstruir Los \u00c1ngeles\u00bb, dijo Umansky a FOX Business. \u00abEste no es el momento para que nuestro gobierno estatal sea pol\u00edtico y&#8230; empiece a estar en contra de Trump\u00bb.<\/p>\n<p>La empresa inmobiliaria de lujo de Umansky, The Agency, representa una cartera de casas y propiedades en venta en todo el mundo. Sin embargo, muchos de sus clientes se encuentran en las \u00e1reas m\u00e1s afectadas por los incendios forestales que se iniciaron a principios de este mes en todo el condado de Los \u00c1ngeles.<\/p>\n<p><strong>TRUMP QUIERE SOLUCIONAR LA CRISIS DE ASEQUIBILIDAD DE LA VIVIENDA: QU\u00c9 SE NECESITA<\/strong><\/p>\n<p>Umansky dijo que la situaci\u00f3n es terrible para las familias que lo han perdido todo. <\/p>\n<p>Sus agentes, algunos de los cuales han perdido sus propios hogares, han estado trabajando d\u00eda y noche para encontrarles a todos un lugar a donde ir. Pero no ha sido nada f\u00e1cil.<\/p>\n<p>\u00abUna de las cosas m\u00e1s dif\u00edciles es que hay 10 solicitantes para cada casa y nueve son rechazados\u00bb, dijo. \u00abCuando piensas en eso, todas estas son personas que perdieron sus hogares, entonces&#8230; su depresi\u00f3n es una locura\u00bb. <\/p>\n<div class=\"inline image-ct\">\n<div class=\"m\"><picture><source media=\"(max-width: 767px)\" srcset=\"https:\/\/a57.foxnews.com\/static.foxbusiness.com\/foxbusiness.com\/content\/uploads\/2025\/01\/343\/192\/la-fires.jpg?ve=1&amp;tl=1, https:\/\/a57.foxnews.com\/static.foxbusiness.com\/foxbusiness.com\/content\/uploads\/2025\/01\/686\/384\/la-fires.jpg?ve=1&amp;tl=1 2x\"><source media=\"(min-width: 768px) and (max-width: 1023px)\" srcset=\"https:\/\/a57.foxnews.com\/static.foxbusiness.com\/foxbusiness.com\/content\/uploads\/2025\/01\/672\/378\/la-fires.jpg?ve=1&amp;tl=1, https:\/\/a57.foxnews.com\/static.foxbusiness.com\/foxbusiness.com\/content\/uploads\/2025\/01\/1344\/756\/la-fires.jpg?ve=1&amp;tl=1 2x\"><source media=\"(min-width: 1024px) and (max-width: 1279px)\" srcset=\"https:\/\/a57.foxnews.com\/static.foxbusiness.com\/foxbusiness.com\/content\/uploads\/2025\/01\/931\/523\/la-fires.jpg?ve=1&amp;tl=1, https:\/\/a57.foxnews.com\/static.foxbusiness.com\/foxbusiness.com\/content\/uploads\/2025\/01\/1862\/1046\/la-fires.jpg?ve=1&amp;tl=1 2x\"><source media=\"(min-width: 1280px)\" srcset=\"https:\/\/a57.foxnews.com\/static.foxbusiness.com\/foxbusiness.com\/content\/uploads\/2025\/01\/720\/405\/la-fires.jpg?ve=1&amp;tl=1, https:\/\/a57.foxnews.com\/static.foxbusiness.com\/foxbusiness.com\/content\/uploads\/2025\/01\/1440\/810\/la-fires.jpg?ve=1&amp;tl=1 2x\"><img decoding=\"async\" src=\"https:\/\/a57.foxnews.com\/static.foxbusiness.com\/foxbusiness.com\/content\/uploads\/2025\/01\/931\/523\/la-fires.jpg?ve=1&amp;tl=1\"\/><\/source><\/source><\/source><\/source><\/picture><\/div>\n<div class=\"caption\">\n<p><span>Una vista a\u00e9rea del sol saliendo m\u00e1s all\u00e1 de las casas que ardieron en el incendio de Eaton el 21 de enero de 2025 en Altadena, California. <\/span><span>  (Mario Tama\/Getty Images\/Getty Images)<\/span><\/p>\n<\/div>\n<\/div>\n<p>Umansky dijo que la gente se est\u00e1 mudando por la ciudad y que muchos de ellos quieren quedarse cerca de casa. Sin embargo, hay muchos otros que se dirigen al norte o abandonan el estado.  <\/p>\n<p>\u00abHemos desplazado a miles y miles de personas, por lo que va a ser muy dif\u00edcil\u00bb, afirm\u00f3. <\/p>\n<p>Umansky dijo que todav\u00eda es demasiado pronto para entender c\u00f3mo ser\u00e1n las cosas con respecto a c\u00f3mo la gente va a reconstruir, pero sabe que los gobiernos a nivel estatal y federal necesitar\u00e1n trabajar juntos para hacerlo.<\/p>\n<p><strong>TRUMP VISITAR\u00c1 CALIFORNIA DESPU\u00c9S DE DESTACAR A &#8216;IDIOTA&#8217; NEWSOM EN WILDFIRE; CR\u00cdTICAS DEL CRIMEN BASH, LA PERSONA SIN HOGAR, EL GASTO<\/strong><\/p>\n<p>\u00abEstamos buscando respuestas. No creo que el gobierno haya hecho un buen trabajo al alertar a la gente sobre c\u00f3mo ser\u00e1n las cosas\u00bb, dijo, a\u00f1adiendo que los residentes todav\u00eda est\u00e1n luchando por entender c\u00f3mo van a van a conseguir un seguro.<\/p>\n<p>Los bomberos han estado luchando contra los destructivos incendios del sur de California durante semanas, y siguen encendi\u00e9ndose m\u00e1s. <\/p>\n<blockquote class=\"pull-quote\">\n<p class=\"quote-text\">Necesitan dejar sus egos a un lado y la pol\u00edtica a un lado\u00bb, dijo. \u00abVamos a necesitar dinero federal. Vamos a necesitar dinero del estado.<\/p>\n<p> <span class=\"quote-author\"><cite>-Mauricio Umansky<\/cite><\/span><\/p><\/blockquote>\n<p>El <u>fuego de hughes,<\/u> que se inform\u00f3 por primera vez el mi\u00e9rcoles por la ma\u00f1ana, estaba ubicado en la comunidad no incorporada de Castaic en el noroeste del condado de Los \u00c1ngeles. Se propag\u00f3 r\u00e1pidamente debido a los vientos agresivos que han afectado los esfuerzos de extinci\u00f3n de incendios.<\/p>\n<div class=\"inline image-ct\">\n<div class=\"m\"><picture><source media=\"(max-width: 767px)\" srcset=\"https:\/\/a57.foxnews.com\/static.foxbusiness.com\/foxbusiness.com\/content\/uploads\/2025\/01\/343\/192\/la-fires-2.jpg?ve=1&amp;tl=1, https:\/\/a57.foxnews.com\/static.foxbusiness.com\/foxbusiness.com\/content\/uploads\/2025\/01\/686\/384\/la-fires-2.jpg?ve=1&amp;tl=1 2x\"><source media=\"(min-width: 768px) and (max-width: 1023px)\" srcset=\"https:\/\/a57.foxnews.com\/static.foxbusiness.com\/foxbusiness.com\/content\/uploads\/2025\/01\/672\/378\/la-fires-2.jpg?ve=1&amp;tl=1, https:\/\/a57.foxnews.com\/static.foxbusiness.com\/foxbusiness.com\/content\/uploads\/2025\/01\/1344\/756\/la-fires-2.jpg?ve=1&amp;tl=1 2x\"><source media=\"(min-width: 1024px) and (max-width: 1279px)\" srcset=\"https:\/\/a57.foxnews.com\/static.foxbusiness.com\/foxbusiness.com\/content\/uploads\/2025\/01\/931\/523\/la-fires-2.jpg?ve=1&amp;tl=1, https:\/\/a57.foxnews.com\/static.foxbusiness.com\/foxbusiness.com\/content\/uploads\/2025\/01\/1862\/1046\/la-fires-2.jpg?ve=1&amp;tl=1 2x\"><source media=\"(min-width: 1280px)\" srcset=\"https:\/\/a57.foxnews.com\/static.foxbusiness.com\/foxbusiness.com\/content\/uploads\/2025\/01\/720\/405\/la-fires-2.jpg?ve=1&amp;tl=1, https:\/\/a57.foxnews.com\/static.foxbusiness.com\/foxbusiness.com\/content\/uploads\/2025\/01\/1440\/810\/la-fires-2.jpg?ve=1&amp;tl=1 2x\"><img decoding=\"async\" src=\"https:\/\/a57.foxnews.com\/static.foxbusiness.com\/foxbusiness.com\/content\/uploads\/2025\/01\/931\/523\/la-fires-2.jpg?ve=1&amp;tl=1\"\/><\/source><\/source><\/source><\/source><\/picture><\/div>\n<div class=\"caption\">\n<p><span>Una vista a\u00e9rea de las casas que se quemaron en el incendio de Eaton el 19 de enero de 2025 en Altadena, California. <\/span><span>  (Mario Tama\/Getty Images) \/ Getty Images)<\/span><\/p>\n<\/div>\n<\/div>\n<p>Desde que comenzaron los incendios forestales el 7 de enero, el gobernador de California, Gavin Newsom, y Trump han estado enfrentados. Newsom ha enfrentado duras cr\u00edticas por la respuesta del estado a los incendios de Los \u00c1ngeles. El gobernador de California abraz\u00f3 a Trump en la pista del Aeropuerto Internacional de Los \u00c1ngeles el viernes despu\u00e9s de que el presidente se bajara del Air Force One.<\/p>\n<div class=\"inline image-ct\">\n<div class=\"m\"><picture><source media=\"(max-width: 767px)\" srcset=\"https:\/\/a57.foxnews.com\/static.foxbusiness.com\/foxbusiness.com\/content\/uploads\/2025\/01\/343\/192\/newsom-trump-los-angeles-airport.jpg?ve=1&amp;tl=1, https:\/\/a57.foxnews.com\/static.foxbusiness.com\/foxbusiness.com\/content\/uploads\/2025\/01\/686\/384\/newsom-trump-los-angeles-airport.jpg?ve=1&amp;tl=1 2x\"><source media=\"(min-width: 768px) and (max-width: 1023px)\" srcset=\"https:\/\/a57.foxnews.com\/static.foxbusiness.com\/foxbusiness.com\/content\/uploads\/2025\/01\/672\/378\/newsom-trump-los-angeles-airport.jpg?ve=1&amp;tl=1, https:\/\/a57.foxnews.com\/static.foxbusiness.com\/foxbusiness.com\/content\/uploads\/2025\/01\/1344\/756\/newsom-trump-los-angeles-airport.jpg?ve=1&amp;tl=1 2x\"><source media=\"(min-width: 1024px) and (max-width: 1279px)\" srcset=\"https:\/\/a57.foxnews.com\/static.foxbusiness.com\/foxbusiness.com\/content\/uploads\/2025\/01\/931\/523\/newsom-trump-los-angeles-airport.jpg?ve=1&amp;tl=1, https:\/\/a57.foxnews.com\/static.foxbusiness.com\/foxbusiness.com\/content\/uploads\/2025\/01\/1862\/1046\/newsom-trump-los-angeles-airport.jpg?ve=1&amp;tl=1 2x\"><source media=\"(min-width: 1280px)\" srcset=\"https:\/\/a57.foxnews.com\/static.foxbusiness.com\/foxbusiness.com\/content\/uploads\/2025\/01\/720\/405\/newsom-trump-los-angeles-airport.jpg?ve=1&amp;tl=1, https:\/\/a57.foxnews.com\/static.foxbusiness.com\/foxbusiness.com\/content\/uploads\/2025\/01\/1440\/810\/newsom-trump-los-angeles-airport.jpg?ve=1&amp;tl=1 2x\"><img decoding=\"async\" src=\"https:\/\/a57.foxnews.com\/static.foxbusiness.com\/foxbusiness.com\/content\/uploads\/2025\/01\/931\/523\/newsom-trump-los-angeles-airport.jpg?ve=1&amp;tl=1\" alt=\"El presidente Donald Trump saluda al gobernador de California, Gavin Newsom, cuando llega a recorrer las \u00e1reas impactadas o destruidas por los incendios forestales del sur de California, en el Aeropuerto Internacional de Los \u00c1ngeles en Los \u00c1ngeles, California, el 24 de enero de 2025.\"\/><\/source><\/source><\/source><\/source><\/picture><\/div>\n<div class=\"caption\">\n<p><span>El presidente Donald Trump saluda al gobernador de California, Gavin Newsom, cuando llega a recorrer las \u00e1reas impactadas o destruidas por los incendios forestales del sur de California, en el Aeropuerto Internacional de Los \u00c1ngeles en Los \u00c1ngeles, California, el 24 de enero de 2025.<\/span><span>  (Reuters\/Leah Millis\/Reuters)<\/span><\/p>\n<\/div>\n<\/div>\n<p><strong>OBT\u00c9N FOX BUSINESS SOBRE LA MARCHA HACIENDO CLIC AQU\u00cd<\/strong><\/p>\n<p>Newsom tambi\u00e9n denunci\u00f3 las cr\u00edticas de Trump y dijo a \u00abMeet The Press\u00bb de NBC News a principios de este mes que \u00abla informaci\u00f3n err\u00f3nea y la desinformaci\u00f3n no nos ayudan a ninguno de nosotros\u00bb. Mientras tanto, Trump, un viejo cr\u00edtico del gobierno de California, arremeti\u00f3 recientemente, llegando incluso a sugerir que California podr\u00eda no recibir ayuda federal a menos que cambie ciertas pol\u00edticas, incluida su gesti\u00f3n del agua. <\/p>\n<div class=\"inline image-ct\">\n<div class=\"m\"><picture><source media=\"(max-width: 767px)\" srcset=\"https:\/\/a57.foxnews.com\/static.foxbusiness.com\/foxbusiness.com\/content\/uploads\/2025\/01\/343\/192\/wildfires-2.jpg?ve=1&amp;tl=1, https:\/\/a57.foxnews.com\/static.foxbusiness.com\/foxbusiness.com\/content\/uploads\/2025\/01\/686\/384\/wildfires-2.jpg?ve=1&amp;tl=1 2x\"><source media=\"(min-width: 768px) and (max-width: 1023px)\" srcset=\"https:\/\/a57.foxnews.com\/static.foxbusiness.com\/foxbusiness.com\/content\/uploads\/2025\/01\/672\/378\/wildfires-2.jpg?ve=1&amp;tl=1, https:\/\/a57.foxnews.com\/static.foxbusiness.com\/foxbusiness.com\/content\/uploads\/2025\/01\/1344\/756\/wildfires-2.jpg?ve=1&amp;tl=1 2x\"><source media=\"(min-width: 1024px) and (max-width: 1279px)\" srcset=\"https:\/\/a57.foxnews.com\/static.foxbusiness.com\/foxbusiness.com\/content\/uploads\/2025\/01\/931\/523\/wildfires-2.jpg?ve=1&amp;tl=1, https:\/\/a57.foxnews.com\/static.foxbusiness.com\/foxbusiness.com\/content\/uploads\/2025\/01\/1862\/1046\/wildfires-2.jpg?ve=1&amp;tl=1 2x\"><source media=\"(min-width: 1280px)\" srcset=\"https:\/\/a57.foxnews.com\/static.foxbusiness.com\/foxbusiness.com\/content\/uploads\/2025\/01\/720\/405\/wildfires-2.jpg?ve=1&amp;tl=1, https:\/\/a57.foxnews.com\/static.foxbusiness.com\/foxbusiness.com\/content\/uploads\/2025\/01\/1440\/810\/wildfires-2.jpg?ve=1&amp;tl=1 2x\"><img decoding=\"async\" src=\"https:\/\/a57.foxnews.com\/static.foxbusiness.com\/foxbusiness.com\/content\/uploads\/2025\/01\/931\/523\/wildfires-2.jpg?ve=1&amp;tl=1\"\/><\/source><\/source><\/source><\/source><\/picture><\/div>\n<div class=\"caption\">\n<p><span>Las llamas del incendio Hughes queman una ladera en Castaic, una parte noroeste del condado de Los \u00c1ngeles, California, el 22 de enero de 2025. <\/span><span>  (Robyn Beck\/AFP v\u00eda Getty Images) \/ Getty Images)<\/span><\/p>\n<\/div>\n<\/div>\n<p>Si bien Newsom firm\u00f3 un paquete de ayuda que proporciona $2.5 mil millones para los esfuerzos de recuperaci\u00f3n mientras los incendios contin\u00faan arrasando partes del sur de California, Umansky dijo que \u00abno hay duda\u00bb de que el estado tambi\u00e9n necesitar\u00e1 asistencia federal. <\/p>\n<p>\u00abNecesitan dejar de lado sus egos y la pol\u00edtica\u00bb, dijo. \u00abVamos a necesitar dinero federal. Vamos a necesitar dinero estatal\u00bb. <\/p>\n<p>El Estado no debe luchar contra Trump, afirm\u00f3. <\/p>\n<p>\u00abCuando digo que no peleemos contra \u00e9l, quiero decir&#8230; \u00e9l va a tener ideas. Vamos a necesitar la ayuda del gobierno federal. No hay duda al respecto\u00bb, dijo.<\/p>\n<p><i>Anders Hagstrom de Fox News contribuy\u00f3 a este informe. <\/i><\/p>\n<\/div>\n\n","protected":false},"excerpt":{"rendered":"<p>El magnate inmobiliario Mauricio Umansky dice que California necesita trabajar con el gobierno federal para ayudar a la reconstrucci\u00f3n de Los \u00c1ngeles. El magnate inmobiliario Mauricio Umansky dijo que los funcionarios de California deben trabajar con el gobierno federal para ayudar a las personas en \u00e1reas devastadas por incendios forestales a reconstruirse, y que este &hellip;<\/p>\n","protected":false},"author":1,"featured_media":11924,"comment_status":"open","ping_status":"open","sticky":false,"template":"","format":"standard","meta":{"fifu_image_url":"https:\/\/a57.foxnews.com\/static.foxbusiness.com\/foxbusiness.com\/content\/uploads\/2025\/01\/0\/0\/southern-california-wildfires-palisades-ocean.jpg?ve=1&tl=1","fifu_image_alt":"","footnotes":""},"categories":[3],"tags":[],"class_list":["post-11922","post","type-post","status-publish","format-standard","has-post-thumbnail","","category-negocio"],"_links":{"self":[{"href":"https:\/\/noticiasveraces.com\/index.php?rest_route=\/wp\/v2\/posts\/11922","targetHints":{"allow":["GET"]}}],"collection":[{"href":"https:\/\/noticiasveraces.com\/index.php?rest_route=\/wp\/v2\/posts"}],"about":[{"href":"https:\/\/noticiasveraces.com\/index.php?rest_route=\/wp\/v2\/types\/post"}],"author":[{"embeddable":true,"href":"https:\/\/noticiasveraces.com\/index.php?rest_route=\/wp\/v2\/users\/1"}],"replies":[{"embeddable":true,"href":"https:\/\/noticiasveraces.com\/index.php?rest_route=%2Fwp%2Fv2%2Fcomments&post=11922"}],"version-history":[{"count":0,"href":"https:\/\/noticiasveraces.com\/index.php?rest_route=\/wp\/v2\/posts\/11922\/revisions"}],"wp:featuredmedia":[{"embeddable":true,"href":"https:\/\/noticiasveraces.com\/index.php?rest_route=\/wp\/v2\/media\/11924"}],"wp:attachment":[{"href":"https:\/\/noticiasveraces.com\/index.php?rest_route=%2Fwp%2Fv2%2Fmedia&parent=11922"}],"wp:term":[{"taxonomy":"category","embeddable":true,"href":"https:\/\/noticiasveraces.com\/index.php?rest_route=%2Fwp%2Fv2%2Fcategories&post=11922"},{"taxonomy":"post_tag","embeddable":true,"href":"https:\/\/noticiasveraces.com\/index.php?rest_route=%2Fwp%2Fv2%2Ftags&post=11922"}],"curies":[{"name":"wp","href":"https:\/\/api.w.org\/{rel}","templated":true}]}}