{"id":11903,"date":"2025-01-25T13:22:41","date_gmt":"2025-01-25T17:22:41","guid":{"rendered":"https:\/\/noticiasveraces.com\/?p=11903"},"modified":"2025-01-25T13:22:41","modified_gmt":"2025-01-25T17:22:41","slug":"baten-un-record-de-slackline-entre-dos-globos-aerostabicos-a-2-500-metros","status":"publish","type":"post","link":"https:\/\/noticiasveraces.com\/?p=11903","title":{"rendered":"Baten un R\u00e9cord de &#8216;Slackline&#8217; Entre Dos Globos Aerost\u00e1bicos A 2.500 Metros"},"content":{"rendered":"<p> \n<\/p>\n<div id=\"intext\">\n<p>Los Alemanes Friedi Kuehne y Lukas Irmler establecier\u00f3n un Nuevo R\u00e9cord Mundial en una cuerda Floja tendida entre dos Globos Aerostanos en Alemania a una altitud de 2.500 metros.<\/p>\n<p>Nunca antes se hab\u00eda realizado un &#8216;slackline&#8217; una tanta altura. El R\u00e9cord Era anterior de 1.900 metros y Se Hab\u00eda Conseguido en Brasil EN 2021. Irmler y Kuehne Lo Lograron 600 Metro M\u00e1s Arba, Seg\u00fan Confirm\u00f3 la Asoci\u00f3n de Slackline.<\/p>\n<p>\u00abEst\u00e1s Solo A 2.500 Metro de Altura Mirando Hacia el Abismo &#8230; Fue Toda una Experimencia\u00bb, Explica Lucas Irmler.<\/p>\n<p>Una Aventura Solo apta para Valientes: \u00abAl Principio Pensaba que Estario Relajado, Pero cuando Lleg\u00f3 el Momento y Estaba la L\u00ednea Preparada &#8230; Creo Que no He Sentido Tanta Presi\u00f3n en mi vida\u00bb.<\/p>\n<p>Y al logarlo, se desata la locura: \u00abPegu\u00e9 un grito de algr\u00eda para descargar Toda la presi\u00f3n acumulada\u00bb.<\/p>\n<p>Ya sin nervios, y con el r\u00e9cord en sus manos, toca disfrutar y aprovechar el POco tiempo que quedaba para hacer acrobacias y saltar al vac\u00edo, cumpliendo un sue\u00f1o de paracaidismo.<\/p>\n<h2 class=\"title-h2\">Varios R\u00e9cords Mundiales<\/h2>\n<p>Los dos amigos no eran ajenos a la escena del &#8216;slackline&#8217; y ya poseen varios r\u00e9cords Mundiales. EN 2019, por Ejemplo, Lukas Irmler Recorri\u00f3 la Distancia M\u00e1s Larga del Mundo en Una Cuerda Floja: Dos Kilometros.<\/p>\n<p>Su Amigo friedi Kuehne es m\u00e1s conocido por sus r\u00e9cords en &#8216;Highlining&#8217;, ES Decir, Mantener el Equilibrio en Cuerdas Especialmental Altas, Sin Dispositivo de Seguridad. EN 2017, Kuehne Camin\u00f3 Sobre una cuerda Floja de 110 Metro de Largo Y 250 Metro de Alto y Desde Entonces Ostenta El R\u00e9cord Mundial.<\/p>\n<p><i>S\u00edguenos en nuestro canal de whatsapp y no te Pierdas la \u00daLtima Hora y Toda la actualidad de antena3noticias.com<\/i><\/p>\n<div class=\"recirculation-video\" data-mod=\"a3mod_recirculation_video\">\n<div class=\"recirculation-video-wrapper\">\n<div>\n<div class=\"video-wrapper\">\n  <picture class=\"video-main-picture\"><source media=\"(min-width: 481px)\" srcset=\"https:\/\/fotografias.antena3.com\/clipping\/cmsimages02\/2025\/01\/24\/0D5E3D77-120A-4588-8BE9-171849F805B1\/novak-djokovic-momento-retirada-zverev_94.jpg?crop=2926,1646,x0,y0&amp;width=800&amp;height=450&amp;optimize=medium&amp;format=webply\" width=\"800\" height=\"450\"><source media=\"(min-width: 391px) and (max-width: 480px)\" srcset=\"https:\/\/fotografias.antena3.com\/clipping\/cmsimages02\/2025\/01\/24\/0D5E3D77-120A-4588-8BE9-171849F805B1\/novak-djokovic-momento-retirada-zverev_70.jpg?crop=2926,1646,x0,y0&amp;width=480&amp;height=270&amp;optimize=high&amp;format=webply\" width=\"480\" height=\"270\"><source media=\"(min-width: 321px) and (max-width: 390px)\" srcset=\"https:\/\/fotografias.antena3.com\/clipping\/cmsimages02\/2025\/01\/24\/0D5E3D77-120A-4588-8BE9-171849F805B1\/novak-djokovic-momento-retirada-zverev_92.jpg?crop=2926,1643,x0,y0&amp;width=390&amp;height=219&amp;optimize=high&amp;format=webply\" width=\"390\" height=\"219\"><source media=\"(max-width: 320px)\" srcset=\"https:\/\/fotografias.antena3.com\/clipping\/cmsimages02\/2025\/01\/24\/0D5E3D77-120A-4588-8BE9-171849F805B1\/novak-djokovic-momento-retirada-zverev_52.jpg?crop=2926,1646,x0,y0&amp;width=320&amp;height=180&amp;optimize=high&amp;format=webply\" width=\"320\" height=\"180\"><img decoding=\"async\" title=\"Novak Djokovic, en el Momento de su retirada ante Zverev\" alt=\"Novak Djokovic, en el Momento de su retirada ante Zverev\" width=\"480\" height=\"270\" src=\"https:\/\/fotografias.antena3.com\/clipping\/cmsimages02\/2025\/01\/24\/0D5E3D77-120A-4588-8BE9-171849F805B1\/novak-djokovic-momento-retirada-zverev_70.jpg?crop=2926,1646,x0,y0&amp;width=480&amp;height=270&amp;optimize=high&amp;format=webply\" loading=\"lazy\" class=\"lazy\"\/><br \/>\n  <\/source><\/source><\/source><\/source><\/picture>\n <\/div>\n<\/div><\/div>\n<\/p><\/div>\n<\/div>\n\n","protected":false},"excerpt":{"rendered":"<p>Los Alemanes Friedi Kuehne y Lukas Irmler establecier\u00f3n un Nuevo R\u00e9cord Mundial en una cuerda Floja tendida entre dos Globos Aerostanos en Alemania a una altitud de 2.500 metros. Nunca antes se hab\u00eda realizado un &#8216;slackline&#8217; una tanta altura. El R\u00e9cord Era anterior de 1.900 metros y Se Hab\u00eda Conseguido en Brasil EN 2021. Irmler &hellip;<\/p>\n","protected":false},"author":1,"featured_media":11905,"comment_status":"open","ping_status":"open","sticky":false,"template":"","format":"standard","meta":{"fifu_image_url":"https:\/\/fotografias.antena3.com\/clipping\/cmsimages02\/2025\/01\/25\/EDAEA8E4-C56F-4E1A-B12D-DCEA4EF049FE\/baten-record-slackline-dos-globos-aerostaticos-2500-metros_69.jpg?crop=640,360,x0,y0&width=1280&height=720&optimize=low&format=jpg","fifu_image_alt":"","footnotes":""},"categories":[6],"tags":[],"class_list":["post-11903","post","type-post","status-publish","format-standard","has-post-thumbnail","","category-deportes"],"_links":{"self":[{"href":"https:\/\/noticiasveraces.com\/index.php?rest_route=\/wp\/v2\/posts\/11903","targetHints":{"allow":["GET"]}}],"collection":[{"href":"https:\/\/noticiasveraces.com\/index.php?rest_route=\/wp\/v2\/posts"}],"about":[{"href":"https:\/\/noticiasveraces.com\/index.php?rest_route=\/wp\/v2\/types\/post"}],"author":[{"embeddable":true,"href":"https:\/\/noticiasveraces.com\/index.php?rest_route=\/wp\/v2\/users\/1"}],"replies":[{"embeddable":true,"href":"https:\/\/noticiasveraces.com\/index.php?rest_route=%2Fwp%2Fv2%2Fcomments&post=11903"}],"version-history":[{"count":0,"href":"https:\/\/noticiasveraces.com\/index.php?rest_route=\/wp\/v2\/posts\/11903\/revisions"}],"wp:featuredmedia":[{"embeddable":true,"href":"https:\/\/noticiasveraces.com\/index.php?rest_route=\/wp\/v2\/media\/11905"}],"wp:attachment":[{"href":"https:\/\/noticiasveraces.com\/index.php?rest_route=%2Fwp%2Fv2%2Fmedia&parent=11903"}],"wp:term":[{"taxonomy":"category","embeddable":true,"href":"https:\/\/noticiasveraces.com\/index.php?rest_route=%2Fwp%2Fv2%2Fcategories&post=11903"},{"taxonomy":"post_tag","embeddable":true,"href":"https:\/\/noticiasveraces.com\/index.php?rest_route=%2Fwp%2Fv2%2Ftags&post=11903"}],"curies":[{"name":"wp","href":"https:\/\/api.w.org\/{rel}","templated":true}]}}