{"id":11846,"date":"2025-01-25T01:14:33","date_gmt":"2025-01-25T05:14:33","guid":{"rendered":"https:\/\/noticiasveraces.com\/?p=11846"},"modified":"2025-01-25T01:14:33","modified_gmt":"2025-01-25T05:14:33","slug":"muere-sara-piffer-ciclista-de-19-anos-atropellada-ante-la-mirada-de-su-hermano","status":"publish","type":"post","link":"https:\/\/noticiasveraces.com\/?p=11846","title":{"rendered":"Muere Sara Piffer, ciclista de 19 a\u00f1os, atropellada ante la mirada de su hermano"},"content":{"rendered":"<p> \n<\/p>\n<div id=\"intext\">\n<p>El mundo del ciclismo est\u00e1 de luto. Este viernes la italiana <b>Sara Piffer<\/b> ha muerto en un accidente de tr\u00e1fico en las calles del pueblo de <b>mezzocorona<\/b>en el noreste del pa\u00eds transalpino. Seg\u00fan el diario &#8216;Il Gazzettino&#8217;, la joven ciclista de<b> 19 a\u00f1os<\/b> se encontraba entrenando con su hermano cuando fue atropellada por un coche conducido por <b>un hombre de 70 a\u00f1os en sentido contrario y adelantando<\/b>.<\/p>\n<p>A pesar de la intervenci\u00f3n de los servicios de emergencia, Piffer termin\u00f3 falleciendo a causa de sus heridas, mientras que su hermano sufri\u00f3 heridas leves. Sara Piffer es el <b>noveno ciclista que muere en las carreteras italianas desde principios de a\u00f1o<\/b>seg\u00fan los datos recogidos por la asociaci\u00f3n de simpatizantes y amigos de la polic\u00eda de tr\u00e1fico.<\/p>\n<h2 class=\"title-h2\">Debut profesional en 2024<\/h2>\n<p>Miembro del <b>equipo continental Mendelspeck Ge-Man<\/b> tras empezar en el ciclismo en Mezzocorona, Sara Piffer fue<b> 18\u00aa en el Mundial J\u00fanior en 2023<\/b>antes de debutar profesionalmente al a\u00f1o siguiente, terminando 43\u00aa en el campeonato italiano senior. Ganadora de su primera carrera en Corridonia, particip\u00f3 en la Strade Bianche.<\/p>\n<p><i>S\u00edguenos en nuestro canal de WhatsApp y no te pierdas la \u00faltima hora y toda la actualidad de antena3noticias.com<\/i><\/p>\n<div class=\"recirculation-video\" data-mod=\"a3mod_recirculation_video\">\n<div class=\"recirculation-video-wrapper\">\n<div>\n<div class=\"video-wrapper\">\n  <picture class=\"video-main-picture\"><source media=\"(min-width: 481px)\" srcset=\"https:\/\/fotografias.antena3.com\/clipping\/cmsimages02\/2025\/01\/23\/1F20FF5D-86EE-442D-947D-F605D8229E59\/aryna-sabalenka-abraza-paula-badosa-superarle-semifinales-open-australia_94.jpg?crop=4207,2366,x0,y0&amp;width=800&amp;height=450&amp;optimize=medium&amp;format=webply\" width=\"800\" height=\"450\"><source media=\"(min-width: 391px) and (max-width: 480px)\" srcset=\"https:\/\/fotografias.antena3.com\/clipping\/cmsimages02\/2025\/01\/23\/1F20FF5D-86EE-442D-947D-F605D8229E59\/aryna-sabalenka-abraza-paula-badosa-superarle-semifinales-open-australia_70.jpg?crop=4207,2366,x0,y0&amp;width=480&amp;height=270&amp;optimize=high&amp;format=webply\" width=\"480\" height=\"270\"><source media=\"(min-width: 321px) and (max-width: 390px)\" srcset=\"https:\/\/fotografias.antena3.com\/clipping\/cmsimages02\/2025\/01\/23\/1F20FF5D-86EE-442D-947D-F605D8229E59\/aryna-sabalenka-abraza-paula-badosa-superarle-semifinales-open-australia_92.jpg?crop=4207,2362,x0,y0&amp;width=390&amp;height=219&amp;optimize=high&amp;format=webply\" width=\"390\" height=\"219\"><source media=\"(max-width: 320px)\" srcset=\"https:\/\/fotografias.antena3.com\/clipping\/cmsimages02\/2025\/01\/23\/1F20FF5D-86EE-442D-947D-F605D8229E59\/aryna-sabalenka-abraza-paula-badosa-superarle-semifinales-open-australia_52.jpg?crop=4207,2366,x0,y0&amp;width=320&amp;height=180&amp;optimize=high&amp;format=webply\" width=\"320\" height=\"180\"><img decoding=\"async\" title=\"Aryna Sabalenka abraza a Paula Badosa tras superarle en las semifinales del Open de Australia\" alt=\"Aryna Sabalenka abraza a Paula Badosa tras superarle en las semifinales del Open de Australia\" width=\"480\" height=\"270\" src=\"https:\/\/fotografias.antena3.com\/clipping\/cmsimages02\/2025\/01\/23\/1F20FF5D-86EE-442D-947D-F605D8229E59\/aryna-sabalenka-abraza-paula-badosa-superarle-semifinales-open-australia_70.jpg?crop=4207,2366,x0,y0&amp;width=480&amp;height=270&amp;optimize=high&amp;format=webply\" loading=\"lazy\" class=\"lazy\"\/><br \/>\n  <\/source><\/source><\/source><\/source><\/picture>\n <\/div>\n<\/div><\/div>\n<\/p><\/div>\n<\/div>\n\n","protected":false},"excerpt":{"rendered":"<p>El mundo del ciclismo est\u00e1 de luto. Este viernes la italiana Sara Piffer ha muerto en un accidente de tr\u00e1fico en las calles del pueblo de mezzocoronaen el noreste del pa\u00eds transalpino. Seg\u00fan el diario &#8216;Il Gazzettino&#8217;, la joven ciclista de 19 a\u00f1os se encontraba entrenando con su hermano cuando fue atropellada por un coche &hellip;<\/p>\n","protected":false},"author":1,"featured_media":11848,"comment_status":"open","ping_status":"open","sticky":false,"template":"","format":"standard","meta":{"fifu_image_url":"https:\/\/fotografias.antena3.com\/clipping\/cmsimages02\/2025\/01\/24\/4591FA3E-D965-4684-BF4F-18EEF57BFD60\/sara-piffer-ciclista-19-anos_69.jpg?crop=823,463,x0,y72&width=1280&height=720&optimize=low&format=jpg","fifu_image_alt":"","footnotes":""},"categories":[6],"tags":[],"class_list":["post-11846","post","type-post","status-publish","format-standard","has-post-thumbnail","","category-deportes"],"_links":{"self":[{"href":"https:\/\/noticiasveraces.com\/index.php?rest_route=\/wp\/v2\/posts\/11846","targetHints":{"allow":["GET"]}}],"collection":[{"href":"https:\/\/noticiasveraces.com\/index.php?rest_route=\/wp\/v2\/posts"}],"about":[{"href":"https:\/\/noticiasveraces.com\/index.php?rest_route=\/wp\/v2\/types\/post"}],"author":[{"embeddable":true,"href":"https:\/\/noticiasveraces.com\/index.php?rest_route=\/wp\/v2\/users\/1"}],"replies":[{"embeddable":true,"href":"https:\/\/noticiasveraces.com\/index.php?rest_route=%2Fwp%2Fv2%2Fcomments&post=11846"}],"version-history":[{"count":0,"href":"https:\/\/noticiasveraces.com\/index.php?rest_route=\/wp\/v2\/posts\/11846\/revisions"}],"wp:featuredmedia":[{"embeddable":true,"href":"https:\/\/noticiasveraces.com\/index.php?rest_route=\/wp\/v2\/media\/11848"}],"wp:attachment":[{"href":"https:\/\/noticiasveraces.com\/index.php?rest_route=%2Fwp%2Fv2%2Fmedia&parent=11846"}],"wp:term":[{"taxonomy":"category","embeddable":true,"href":"https:\/\/noticiasveraces.com\/index.php?rest_route=%2Fwp%2Fv2%2Fcategories&post=11846"},{"taxonomy":"post_tag","embeddable":true,"href":"https:\/\/noticiasveraces.com\/index.php?rest_route=%2Fwp%2Fv2%2Ftags&post=11846"}],"curies":[{"name":"wp","href":"https:\/\/api.w.org\/{rel}","templated":true}]}}