{"id":11796,"date":"2025-01-24T17:41:13","date_gmt":"2025-01-24T21:41:13","guid":{"rendered":"https:\/\/noticiasveraces.com\/?p=11796"},"modified":"2025-01-24T17:41:13","modified_gmt":"2025-01-24T21:41:13","slug":"el-presidente-de-colombia-decretan-poderes-de-emergencia-para-restaurar-la-orden-en-la-region-de-coca-desgarrada-por-el-combate-rebelde","status":"publish","type":"post","link":"https:\/\/noticiasveraces.com\/?p=11796","title":{"rendered":"El presidente de Colombia, decretan poderes de emergencia para restaurar la orden en la regi\u00f3n de Coca, desgarrada por el combate rebelde"},"content":{"rendered":"<p> \n<\/p>\n<div>\n<p class=\"speakable\">El presidente de Colombia emiti\u00f3 un decreto el viernes que le dio poderes de emergencia para restaurar la orden en una regi\u00f3n de cultivo de coca que bordea Venezuela que ha sido destruida en los \u00faltimos d\u00edas por una guerra mortal de c\u00e9sped entre los grupos rebeldes disidentes.<\/p>\n<p class=\"speakable\">El decreto del presidente Gustavo Petro, que puede extenderse, le da 90 d\u00edas para imponer toques de queda, restringir el tr\u00e1fico y tomar otras medidas que normalmente violar\u00edan los derechos civiles de los colombianos o requerir\u00edan la aprobaci\u00f3n del Congreso.<\/p>\n<p><strong>Al menos 80 personas asesinadas en el noreste de Colombia cuando las conversaciones de paz fallan, dice el funcionario<\/strong><\/p>\n<p>Es la primera vez en m\u00e1s de una d\u00e9cada que un presidente colombiano ha utilizado una medida tan extrema y subraya la gravedad del conflicto actual en un pa\u00eds que durante d\u00e9cadas estuvo paralizado por la violencia pol\u00edtica.<\/p>\n<p>Sin embargo, se aplica solo a la regi\u00f3n rural de Catatumbo cerca de la frontera con Venezuela, donde el estado colombiano ha luchado durante d\u00e9cadas para establecerse. La semana pasada, al menos 80 personas han sido asesinadas y se estima que 36,000 m\u00e1s desplazados a medida que los combates se intensifican entre el Ej\u00e9rcito Nacional de Liberaci\u00f3n, o ELN, y Holdouts de las revolucionarias Fuerzas Armadas de Colombia, o FARC.<\/p>\n<div class=\"image-ct inline\">\n<div class=\"m\"><picture><source media=\"(max-width: 767px)\" srcset=\"https:\/\/a57.foxnews.com\/static.foxnews.com\/foxnews.com\/content\/uploads\/2025\/01\/343\/192\/colombia-eln-violence.jpg?ve=1&amp;tl=1, https:\/\/a57.foxnews.com\/static.foxnews.com\/foxnews.com\/content\/uploads\/2025\/01\/686\/384\/colombia-eln-violence.jpg?ve=1&amp;tl=1 2x\" height=\"192\" width=\"343\"><source media=\"(min-width: 768px) and (max-width: 1023px)\" srcset=\"https:\/\/a57.foxnews.com\/static.foxnews.com\/foxnews.com\/content\/uploads\/2025\/01\/672\/378\/colombia-eln-violence.jpg?ve=1&amp;tl=1, https:\/\/a57.foxnews.com\/static.foxnews.com\/foxnews.com\/content\/uploads\/2025\/01\/1344\/756\/colombia-eln-violence.jpg?ve=1&amp;tl=1 2x\" height=\"378\" width=\"672\"><source media=\"(min-width: 1024px) and (max-width: 1279px)\" srcset=\"https:\/\/a57.foxnews.com\/static.foxnews.com\/foxnews.com\/content\/uploads\/2025\/01\/931\/523\/colombia-eln-violence.jpg?ve=1&amp;tl=1, https:\/\/a57.foxnews.com\/static.foxnews.com\/foxnews.com\/content\/uploads\/2025\/01\/1862\/1046\/colombia-eln-violence.jpg?ve=1&amp;tl=1 2x\" height=\"523\" width=\"931\"><source media=\"(min-width: 1280px)\" srcset=\"https:\/\/a57.foxnews.com\/static.foxnews.com\/foxnews.com\/content\/uploads\/2025\/01\/720\/405\/colombia-eln-violence.jpg?ve=1&amp;tl=1, https:\/\/a57.foxnews.com\/static.foxnews.com\/foxnews.com\/content\/uploads\/2025\/01\/1440\/810\/colombia-eln-violence.jpg?ve=1&amp;tl=1 2x\" height=\"405\" width=\"720\"><img loading=\"lazy\" decoding=\"async\" src=\"https:\/\/a57.foxnews.com\/static.foxnews.com\/foxnews.com\/content\/uploads\/2025\/01\/1200\/675\/colombia-eln-violence.jpg?ve=1&amp;tl=1\" alt=\"Violencia de Colombia Eln\" width=\"1200\" height=\"675\"\/><\/source><\/source><\/source><\/source><\/picture><\/div>\n<div class=\"info\">\n<div class=\"caption\">\n<p><span>Patrulla policial en Tibu, Colombia, martes 21 de enero de 2025, luego de ataques de guerrilla que han matado a docenas de personas y obligaron a miles a huir de sus hogares en la regi\u00f3n de Catatumbo. <\/span> <span>(Photo AP\/Fernando Vergara)<\/span><\/p>\n<\/div>\n<\/div>\n<\/div>\n<p>Los oponentes conservadores de Petro han criticado la medida, acusando a la antigua guerrilla de montar en ruta sobre la constituci\u00f3n. Pero algunos activistas lo han celebrado, diciendo que esperan que la medida se traduzca en una mejor infraestructura, atenci\u00f3n m\u00e9dica y escuelas en la regi\u00f3n tradicionalmente sin ley.<\/p>\n<p>\u00ab\u00bfPor qu\u00e9 los grupos armados est\u00e1n aqu\u00ed? Porque el \u00faltimo gobierno no ha realizado inversiones. Nos han abandonado\u00bb, dijo Jaime Botero, activista en la ciudad de Tibu, a Associated Press.<\/p>\n<p>A principios de esta semana, Petro reactiv\u00f3 las \u00f3rdenes de arresto contra 31 comandantes de ELN que hab\u00edan sido suspendidos como parte de un esfuerzo por cortejar la insurgencia inspirada en la Revoluci\u00f3n Cuba en un acuerdo de paz para finalizar su guerra de 60 a\u00f1os contra el estado. Petro tambi\u00e9n suspendi\u00f3 todas las conversaciones de paz, que han avanzado lentamente desde que asumi\u00f3 el cargo en 2022.<\/p>\n<p>El ELN ha dominado tradicionalmente en Catatumbo, pero ha estado perdiendo terreno ante el Holdouts de FARC, un grupo guerrillero que se disolvi\u00f3 en gran medida despu\u00e9s de firmar un acuerdo de paz en 2016 con el gobierno.<\/p>\n<p><strong><u>Haga clic aqu\u00ed para obtener la aplicaci\u00f3n Fox News<\/u><\/strong><\/p>\n<p>El conflicto actual se derrama a trav\u00e9s de la frontera hacia Venezuela, donde algunos de los que huyen de la violencia han buscado refugio.<\/p>\n<p>Se desconoce el paradero actual de los negociadores de la paz Eln. Pero el gobierno de Cuba dijo esta semana que no est\u00e1n all\u00ed, lo que lleva a algunos a especular que pueden estar escondidos en Venezuela, que es uno de los patrocinadores de la iniciativa de paz de Petro con el ELN.<\/p>\n<p> <!----> <!----><\/div>\n\n","protected":false},"excerpt":{"rendered":"<p>El presidente de Colombia emiti\u00f3 un decreto el viernes que le dio poderes de emergencia para restaurar la orden en una regi\u00f3n de cultivo de coca que bordea Venezuela que ha sido destruida en los \u00faltimos d\u00edas por una guerra mortal de c\u00e9sped entre los grupos rebeldes disidentes. El decreto del presidente Gustavo Petro, que &hellip;<\/p>\n","protected":false},"author":1,"featured_media":11798,"comment_status":"open","ping_status":"open","sticky":false,"template":"","format":"standard","meta":{"fifu_image_url":"https:\/\/static.foxnews.com\/foxnews.com\/content\/uploads\/2025\/01\/colombia-eln-violence.jpg","fifu_image_alt":"","footnotes":""},"categories":[13],"tags":[],"class_list":["post-11796","post","type-post","status-publish","format-standard","has-post-thumbnail","","category-mundo"],"_links":{"self":[{"href":"https:\/\/noticiasveraces.com\/index.php?rest_route=\/wp\/v2\/posts\/11796","targetHints":{"allow":["GET"]}}],"collection":[{"href":"https:\/\/noticiasveraces.com\/index.php?rest_route=\/wp\/v2\/posts"}],"about":[{"href":"https:\/\/noticiasveraces.com\/index.php?rest_route=\/wp\/v2\/types\/post"}],"author":[{"embeddable":true,"href":"https:\/\/noticiasveraces.com\/index.php?rest_route=\/wp\/v2\/users\/1"}],"replies":[{"embeddable":true,"href":"https:\/\/noticiasveraces.com\/index.php?rest_route=%2Fwp%2Fv2%2Fcomments&post=11796"}],"version-history":[{"count":0,"href":"https:\/\/noticiasveraces.com\/index.php?rest_route=\/wp\/v2\/posts\/11796\/revisions"}],"wp:featuredmedia":[{"embeddable":true,"href":"https:\/\/noticiasveraces.com\/index.php?rest_route=\/wp\/v2\/media\/11798"}],"wp:attachment":[{"href":"https:\/\/noticiasveraces.com\/index.php?rest_route=%2Fwp%2Fv2%2Fmedia&parent=11796"}],"wp:term":[{"taxonomy":"category","embeddable":true,"href":"https:\/\/noticiasveraces.com\/index.php?rest_route=%2Fwp%2Fv2%2Fcategories&post=11796"},{"taxonomy":"post_tag","embeddable":true,"href":"https:\/\/noticiasveraces.com\/index.php?rest_route=%2Fwp%2Fv2%2Ftags&post=11796"}],"curies":[{"name":"wp","href":"https:\/\/api.w.org\/{rel}","templated":true}]}}