{"id":11766,"date":"2025-01-24T13:09:13","date_gmt":"2025-01-24T17:09:13","guid":{"rendered":"https:\/\/noticiasveraces.com\/?p=11766"},"modified":"2025-01-24T13:09:13","modified_gmt":"2025-01-24T17:09:13","slug":"el-exciclista-rohan-dennis-admite-que-mato-a-su-mujer-melissa-hoskins","status":"publish","type":"post","link":"https:\/\/noticiasveraces.com\/?p=11766","title":{"rendered":"El exciclista Rohan Dennis admite que mat\u00f3 a su mujer, Melissa Hoskins"},"content":{"rendered":"<p> \n<\/p>\n<div id=\"intext\">\n<p>El exciclista australiano Rohan Dennis, bicampe\u00f3n del mundo de contrarreloj, se ha declarado formalmente culpable de un cargo relacionado con <b>el accidente que provoc\u00f3 la muerte de su mujer<\/b>Melissa Hoskins.<\/p>\n<p>La tambi\u00e9n exciclista ol\u00edmpica australiana Melissa Hoskins falleci\u00f3 a los 32 a\u00f1os tras ser atropellada por una furgoneta frente al domicilio de la pareja en Adelaida el 30 de diciembre de 2023.<\/p>\n<p>Dennis, de 34 a\u00f1os, se declar\u00f3 culpable este viernes de un cargo de acto agravado que puede causar da\u00f1os en una comparecencia ante el juez en el distrito de Australia Meridional en Adelaida.<\/p>\n<h2 class=\"title-h2\">La sentencia, el 14 de abril.<\/h2>\n<p>El juez Ian Press impuso a Dennis la libertad bajo fianza hasta el 14 de abril, fecha en la que se conocer\u00e1 la sentencia y en la que se leer\u00e1n las declaraciones de las v\u00edctimas.<\/p>\n<p>Los cargos de causar la muerte por conducci\u00f3n peligrosa y un cargo agravado por conducir sin la debida precauci\u00f3n no fueron procesados \u200b\u200btras una vista en el Tribunal de Magistrados de Adelaida en diciembre de 2024.<\/p>\n<h2 class=\"title-h2\">Hasta 7 a\u00f1os de prisi\u00f3n<\/h2>\n<p>Si es que Rohan Dennis ya <b>se declar\u00f3 el pasado diciembre culpable de \u00abprobabilidad de da\u00f1o\u00bb<\/b> por el atropello mortal de su esposa, por lo que se enfrenta a una pena m\u00e1xima de siete a\u00f1os de c\u00e1rcel.<\/p>\n<h2 class=\"title-h2\">camara de seguridad<\/h2>\n<p>Seg\u00fan inform\u00f3 el medio &#8216;The Australian&#8217;, una c\u00e1mara de seguridad capt\u00f3 a la esposa del ciclista ol\u00edmpico junto corriendo a la furgoneta que conduc\u00eda Dennis despu\u00e9s de que ella saltara sobre el cap\u00f3 del veh\u00edculo. Luego, seg\u00fan dicha informaci\u00f3n citada por &#8216;Daily Mail&#8217;, las im\u00e1genes muestran a Hoskins intentando alcanzar la palanca de la puerta antes de ser golpeada por la camioneta Volkswagen.<\/p>\n<h2 class=\"title-h2\">Hoskins fue ol\u00edmpica en Londres y R\u00edo<\/h2>\n<p>Hoskins represent\u00f3 a Australia en la persecuci\u00f3n por equipos en pista en los Juegos Ol\u00edmpicos de Londres 2012 y R\u00edo 2016, adem\u00e1s de formar parte del equipo que gan\u00f3 el t\u00edtulo mundial en 2015.<\/p>\n<p>Dennis se retir\u00f3 al final de la temporada 2023 tras una carrera en la que gan\u00f3 dos veces el t\u00edtulo mundial de contrarreloj, as\u00ed como una medalla de bronce ol\u00edmpica en la misma disciplina en Tokio.<\/p>\n<p>A\u00f1adi\u00f3 una plata en la persecuci\u00f3n por equipos en Londres 2012 y visti\u00f3 el maillot amarillo en el Tour de Francia tras ganar la contrarreloj inaugural en 2015. La pareja se cas\u00f3 en 2018 y tiene dos hijos.<\/p>\n<p><i>S\u00edguenos en nuestro canal de WhatsApp y no te pierdas la \u00faltima hora y toda la actualidad de antena3noticias.com<\/i><\/p>\n<div class=\"recirculation-video\" data-mod=\"a3mod_recirculation_video\">\n<div class=\"recirculation-video-wrapper\">\n<div>\n<div class=\"video-wrapper\">\n  <picture class=\"video-main-picture\"><source media=\"(min-width: 481px)\" srcset=\"https:\/\/fotografias.antena3.com\/clipping\/cmsimages02\/2025\/01\/24\/C4B9D788-B73E-4973-B7C3-ABAE3A7BCEE0\/robert-carmona-futbolista-mas-longevo-mundo_94.jpg?crop=1920,1080,x0,y0&amp;width=800&amp;height=450&amp;optimize=medium&amp;format=webply\" width=\"800\" height=\"450\"><source media=\"(min-width: 391px) and (max-width: 480px)\" srcset=\"https:\/\/fotografias.antena3.com\/clipping\/cmsimages02\/2025\/01\/24\/C4B9D788-B73E-4973-B7C3-ABAE3A7BCEE0\/robert-carmona-futbolista-mas-longevo-mundo_70.jpg?crop=1920,1080,x0,y0&amp;width=480&amp;height=270&amp;optimize=high&amp;format=webply\" width=\"480\" height=\"270\"><source media=\"(min-width: 321px) and (max-width: 390px)\" srcset=\"https:\/\/fotografias.antena3.com\/clipping\/cmsimages02\/2025\/01\/24\/C4B9D788-B73E-4973-B7C3-ABAE3A7BCEE0\/robert-carmona-futbolista-mas-longevo-mundo_92.jpg?crop=1920,1078,x0,y1&amp;width=390&amp;height=219&amp;optimize=high&amp;format=webply\" width=\"390\" height=\"219\"><source media=\"(max-width: 320px)\" srcset=\"https:\/\/fotografias.antena3.com\/clipping\/cmsimages02\/2025\/01\/24\/C4B9D788-B73E-4973-B7C3-ABAE3A7BCEE0\/robert-carmona-futbolista-mas-longevo-mundo_52.jpg?crop=1920,1080,x0,y0&amp;width=320&amp;height=180&amp;optimize=high&amp;format=webply\" width=\"320\" height=\"180\"><img decoding=\"async\" title=\"Robert Carmona, el futbolista m\u00e1s longevo del mundo\" alt=\"Robert Carmona, el futbolista m\u00e1s longevo del mundo\" width=\"480\" height=\"270\" src=\"https:\/\/fotografias.antena3.com\/clipping\/cmsimages02\/2025\/01\/24\/C4B9D788-B73E-4973-B7C3-ABAE3A7BCEE0\/robert-carmona-futbolista-mas-longevo-mundo_70.jpg?crop=1920,1080,x0,y0&amp;width=480&amp;height=270&amp;optimize=high&amp;format=webply\" loading=\"lazy\" class=\"lazy\"\/><br \/>\n  <\/source><\/source><\/source><\/source><\/picture>\n <\/div>\n<\/div><\/div>\n<\/p><\/div>\n<\/div>\n\n","protected":false},"excerpt":{"rendered":"<p>El exciclista australiano Rohan Dennis, bicampe\u00f3n del mundo de contrarreloj, se ha declarado formalmente culpable de un cargo relacionado con el accidente que provoc\u00f3 la muerte de su mujerMelissa Hoskins. La tambi\u00e9n exciclista ol\u00edmpica australiana Melissa Hoskins falleci\u00f3 a los 32 a\u00f1os tras ser atropellada por una furgoneta frente al domicilio de la pareja en &hellip;<\/p>\n","protected":false},"author":1,"featured_media":11768,"comment_status":"open","ping_status":"open","sticky":false,"template":"","format":"standard","meta":{"fifu_image_url":"https:\/\/fotografias.antena3.com\/clipping\/cmsimages02\/2025\/01\/24\/B09651C5-932A-41F9-A203-7A3C031D5854\/rohan-dennis-llega-tribunal-magistrados-adelaida_69.jpg?crop=1920,1080,x0,y0&width=1280&height=720&optimize=low&format=jpg","fifu_image_alt":"","footnotes":""},"categories":[6],"tags":[],"class_list":["post-11766","post","type-post","status-publish","format-standard","has-post-thumbnail","","category-deportes"],"_links":{"self":[{"href":"https:\/\/noticiasveraces.com\/index.php?rest_route=\/wp\/v2\/posts\/11766","targetHints":{"allow":["GET"]}}],"collection":[{"href":"https:\/\/noticiasveraces.com\/index.php?rest_route=\/wp\/v2\/posts"}],"about":[{"href":"https:\/\/noticiasveraces.com\/index.php?rest_route=\/wp\/v2\/types\/post"}],"author":[{"embeddable":true,"href":"https:\/\/noticiasveraces.com\/index.php?rest_route=\/wp\/v2\/users\/1"}],"replies":[{"embeddable":true,"href":"https:\/\/noticiasveraces.com\/index.php?rest_route=%2Fwp%2Fv2%2Fcomments&post=11766"}],"version-history":[{"count":0,"href":"https:\/\/noticiasveraces.com\/index.php?rest_route=\/wp\/v2\/posts\/11766\/revisions"}],"wp:featuredmedia":[{"embeddable":true,"href":"https:\/\/noticiasveraces.com\/index.php?rest_route=\/wp\/v2\/media\/11768"}],"wp:attachment":[{"href":"https:\/\/noticiasveraces.com\/index.php?rest_route=%2Fwp%2Fv2%2Fmedia&parent=11766"}],"wp:term":[{"taxonomy":"category","embeddable":true,"href":"https:\/\/noticiasveraces.com\/index.php?rest_route=%2Fwp%2Fv2%2Fcategories&post=11766"},{"taxonomy":"post_tag","embeddable":true,"href":"https:\/\/noticiasveraces.com\/index.php?rest_route=%2Fwp%2Fv2%2Ftags&post=11766"}],"curies":[{"name":"wp","href":"https:\/\/api.w.org\/{rel}","templated":true}]}}