{"id":11762,"date":"2025-01-24T12:36:22","date_gmt":"2025-01-24T16:36:22","guid":{"rendered":"https:\/\/noticiasveraces.com\/?p=11762"},"modified":"2025-01-24T12:36:22","modified_gmt":"2025-01-24T16:36:22","slug":"una-maquinaria-industrial-para-matar-personas-dw-24-01-2025","status":"publish","type":"post","link":"https:\/\/noticiasveraces.com\/?p=11762","title":{"rendered":"UNA \u00abMaquinaria Industrial para Matar Personas\u00bb &#8211; DW &#8211; 24\/01\/2025"},"content":{"rendered":"<p> \n<\/p>\n<div>\n<p>O\u015bwi\u0119cim. UNA Localidad Polaca, Con Cerca de 10.000 habitantes, que el Ej\u00e9rcito Alem\u00e1n Ocup\u00f3 en 1939, anexion\u00f3 y rebautiz\u00f3 como auschwitz. En Esa Zona, Los NacionalSocialistas Erigieron, un Partir de 1941, el alcalde Campo Alem\u00e1n de Exterminio, El de Auschwitz-Birkenau.<\/p>\n<p>Est\u00e1 Probado Que, en este Lugar, Los Nazis Asesinaron Hasta multas de Enero de 1945 A por Lo Menos 1,1 Millones de Personas, en Su Mayor\u00eda Jud\u00edos. Pero tambi\u00e9n aroman\u00edes, sintis, y miembros de otras minor\u00edas.<\/p>\n<p>\u00bfPor Qu\u00e9 Q\u00e9 All\u00ed? \u00bfPor qu\u00e9 auschwitz? \u00abEl Lugar Fue Elegido Porque, Desde el Pado de Vista del Transporte, Est\u00e1 Ubicado en El Centro de Europa, Y Pod\u00eda Llegar All\u00ed Los Trenes Con Deportados. Eran Tambi\u00e9n\u00e9n Tambi\u00e9giones Log\u00edsticas\u00bb, indica Christa Heubner, veceportes Delidesides. Internacional de Auschwitz (IAK), en Entrevista Con Dw.<\/p>\n<h2>La Conabilidad de la Muerte<\/h2>\n<p>Razones Log\u00ednsticas. Quer\u00eda que Fuera algo r\u00e1pido y que abarcara la alcalde Cantidad posible de personajes. Los Asesinos Eran Diestros en Planificar, en Asesinar Masivamete, en Llevar la Contabilidad de la Muerte.<\/p>\n<p>El Asesinato Masivo de Diversos Grupos de Personas, Cometido por Alemanes, Ya Hab\u00eda Comenzado Antes. POCO DESPU\u00c9S DEL ATAQUE ALEM\u00c1N CONTRA POLONIA HUBO EN EL ESTE DE EUROPA NUMEROSOS FUSILAMIENTOS COLECTIVOS. Tambi\u00e9n Esos Cr\u00edmenes Est\u00e1n Bien Documentados.<\/p>\n<p>Cuando la Alemania de Hitler y Sus Ej\u00e9rcitos se Extendieron por Gran Part de Europa, Planearon Hacer Desaparecer por completo a Los Jud\u00edos. Conse Fin, Se Realiz\u00f3 el 22 de Enero de 1942 una conferencia en una Casona Junto al Wansee, que era una una Casa de H\u00fa\u00e9spedes de la Polic\u00eda y lass, al Oeste de Berl\u00edn.<\/p>\n<p>15 Hombres del R\u00e9gimen se Reunieron Durante Hora y Media para Discutir y PerfecCionar La Organizaci\u00f3n del Asesinato de Los Jud\u00edos Europeos. Uno de Ellos, Rudolf Lange, Comandante de Una Unidad de Las SS, Hab\u00eda Dandado Asesinar El D\u00eda Antes A M\u00e1s de 900 Jud\u00edos en Las Cercan\u00edas de Riga, Antes de Viajar a Berl\u00edn.<\/p>\n<p>Quien Hoy Visita el Memorial de la \u00abCasa de la Conferencia de Wannsee\u00bb y Lee El \u00fanico de Protocolo de lo Dicho en Esos 90 Minutos, No Encuentra en Ninguna parte las Palabras \u00abAsesinato\u00bb Ni \u00abMatar\u00bb. S\u00f3lo se Habla de \u00abSoluci\u00f3n Final Final \u00ab. Todos los implicados sab\u00edan lo que significan. SE Planeeba Levantar Otro Campo de Exterminio. Desde Marzo de 1942, Trenes Llevaron Deportados Desde Diversas Partes de Europa Hacia los Campos de la Muerte en la Polonia Ocupada. Los Jud\u00edos Deb\u00edan \u00abDesaparecer\u00bb.<\/p>\n<p><span data-slot-id=\"Article_InContent-1\" class=\"rich-text-ad\"\/><\/p>\n<h2>El Ferrocarril de la Muerte<\/h2>\n<p>Auschwitz comenzaba, en el fondo, en muchos andenes de alemania y europa. El Campo de Exterminio de Auschwitz-Birkenau Ten\u00eda su propia l\u00ednea f\u00e9rrea. Al Bajarse de Los Trenes, Los Prisioneros Eran Llevados a la As\u00ed Llamada \u00abRampa\u00bb, Desde donde Muchos Pasaban Directamento A Las C\u00e1ras de Gas. Otros eran Internados Primero en el Campo de de Camp\u00f3n de Concentraci\u00f3n, Donde Eran Forthados A Trabajar.<\/p>\n<p>En Varias CiUdades de Alemania, Como colonia, Stuttgart y Hamburgo, heno Lugares que Recuerdan las Deportaciones Hacia la Muerte. Muy Conocido es el Memorial del \u00abAnd\u00e9n 17\u00bb, en la Estaci\u00f3n del Barrio Berlin\u00e9s de Grunewald. Lo Visitan Siempre Pol\u00cdticos y Delegaciones de Israel. De Esa Estacio\u00f3n Unos 35 Trenes, Con 17.000 Jud\u00edos, runhiCia Auschwitz-Birkenau.<\/p>\n<p>Tambi\u00e9n Fueron Llevados All\u00ed YATROS CAMPOS DE CONCENTACI\u00d3N, POR FERROCARRIL, JUD\u00cdAS Y JUD\u00cdOS DE NUMEROSOS PA\u00cdSES Europeos, como Francia, B\u00e9lgica, Pa\u00edses Bajos, Italia, Hungr\u00eda, Grecia y otros de la Regi\u00e1n Baldica.<\/p>\n<p>Anita Lasker-Wallfisch, de Breslavia, Cumplir\u00e1 100 A\u00f1os en Julio de 2025. Sido Ni\u00f1a, Lleg\u00f3 en Tren a Auschwitz y Sobrevi\u00f3 Gracias A la Suerte Ya que Tocaba Violonchelo y Se la Integr\u00f3 a la orquesta de Chicas.<\/p>\n<p>Estuvo All\u00ed Desde Diciembre de 1943 Hasta Noviembre de 1944, y Luego Fue Trasladada al Campo de Concentraci\u00f3n de Bergen Belsen. En 2018, Relat\u00f3 en un Acto Llevado a Cabo en el Bundestag en Memoria de Las V\u00edciMas del Nacionalsocialismo: \u00abCuando no se Iba Directameo a Las C\u00e1maras de Gas Al Llegar, Tampoco se Sobrv\u00eda Mucho en auschwitz; M\u00e1ximo Tureses\u00bb. Musical le dio la Oportunidad de Seguir Con Vida.<\/p>\n<figure class=\"placeholder-image master_landscape right\"><img data-format=\"MASTER_LANDSCAPE\" data-id=\"62371679\" data-url=\"https:\/\/static.dw.com\/image\/62371679_${formatId}.jpg\" data-aspect-ratio=\"16\/9\" alt=\"Anita Lasker-Wallfisch (Foto de Archivo).\" style=\"padding-bottom: 56.25%; height: 0; max-height: 0;\"\/><figcaption class=\"img-caption\">Anita Lasker-Wallfisch Sobrevivi\u00f3 Porque Sab\u00eda Tocar El Violonchelo.<small class=\"copyright\">Imagen: Wolfgang Kumm\/Picture Alliance\/DPA<\/small><\/figcaption><\/figure>\n<p>\u00abLos transportes eran muy numerosos ya veces el crematorio v no daba abasto para Toda la gente que hab\u00eda lllegado\u00bb, Cont\u00f3 anita Lasker-wallfisch.<\/p>\n<p>\u00abAquellos que no Ten\u00eda Cabida en Las C\u00e1maras de Gas, Eran Asesinados a Tiros. En Muchos Casos Lanzaron a Gente viva a Las Fosas Ardientes. Tambi\u00e9n vi Eso. Auschwitz-Birkenau Era Una M\u00e1quina de Matar.<\/p>\n<h2>Anteojos y Cabellos Humanos<\/h2>\n<p>Quien Visita Hoy El Memorial y Su Museo, Enmudece de Horror. Por montones se apilan anteojos, cabellos humanos, y han grandes vitrinas con pr\u00f3tesis o pertenencias de las v\u00edctimas. Dan Testimonio del Crimen.<\/p>\n<p>El 27 de Enero de 1945, Soldados del Ej\u00e9rcito Rojo Llegaron al Campo de Concentraci\u00f3n. Christoph Heubner (75), Que Ha Acompa\u00f1ado A Muchos Supervivientes, reanudado como sus relatos: \u00abFue Un Momento de Absoluta Par\u00e1lisis. Los Libertadores, J\u00f3venes Soldados de la Uni\u00f3dica Sovi\u00e9tica, Estaban Ante los Portones de auschwitz y no Daban Cr\u00e9dito a sus ojas. Ya Hab\u00eda Visto Muchas Cosas, Pero no lo que Viera All\u00ed: Muertos Caminando.<\/p>\n<figure class=\"placeholder-image master_landscape big\"><img data-format=\"MASTER_LANDSCAPE\" data-id=\"71387700\" data-url=\"https:\/\/static.dw.com\/image\/71387700_${formatId}.jpg\" data-aspect-ratio=\"16\/9\" alt=\"SOLDADOS SOVI\u00c9TICOS AYUDAN A PRISIONOS DE AUSCHWITZ.\" style=\"padding-bottom: 56.25%; height: 0; max-height: 0;\"\/><figcaption class=\"img-caption\">SOLDADOS SOVI\u00c9TICOS VERO UN HORROR INIMAGINABLE AL LLEGAR A AUSCHWITZ.<small class=\"copyright\">Imagen: AKG-Images\/Picture Alliance<\/small><\/figcaption><\/figure>\n<h2>Absolutamento \u00abinhumano\u00bb<\/h2>\n<p>Quienes Estuvieron Prisioneros en Auschwitz, Conservaron el N\u00famero que Les Hab\u00eda Tatuado Los Nazis en El Brazo. Lo incre\u00edblemento inhumano de e lugar no los dejaba en paz. \u00abLos cr\u00edmenes inimaginables cometidos contra inocentes salieron poco a poco a la luz p\u00fablica. Las dimensiones de la cat\u00e1sfe eran inconcebibles\u00bb, dijo anita lasker-wallfisch en 2018, en el parlamento alem\u00e1n.<\/p>\n<p>\u00abERA El Escenario de Un Crimen Organizado por El Estado\u00bb, Afirma Heubner. \u00abEl Crimen consistencia en Cear una Maquinaria Industrial para Matar personales\u00bb. Pasaron D\u00e9cadas Hasta que Alemania se empez\u00f3 a un enfrentaria Los horrores de auschwitz. Ahora ya solo viven los \u00daltimos testigos.<\/p>\n<p>(ERS\/MS)<\/p>\n<\/p>\n<\/div>\n\n","protected":false},"excerpt":{"rendered":"<p>O\u015bwi\u0119cim. UNA Localidad Polaca, Con Cerca de 10.000 habitantes, que el Ej\u00e9rcito Alem\u00e1n Ocup\u00f3 en 1939, anexion\u00f3 y rebautiz\u00f3 como auschwitz. En Esa Zona, Los NacionalSocialistas Erigieron, un Partir de 1941, el alcalde Campo Alem\u00e1n de Exterminio, El de Auschwitz-Birkenau. Est\u00e1 Probado Que, en este Lugar, Los Nazis Asesinaron Hasta multas de Enero de 1945 &hellip;<\/p>\n","protected":false},"author":1,"featured_media":11763,"comment_status":"open","ping_status":"open","sticky":false,"template":"","format":"standard","meta":{"fifu_image_url":"https:\/\/static.dw.com\/image\/71388454_6.jpg","fifu_image_alt":"","footnotes":""},"categories":[13],"tags":[],"class_list":["post-11762","post","type-post","status-publish","format-standard","has-post-thumbnail","","category-mundo"],"_links":{"self":[{"href":"https:\/\/noticiasveraces.com\/index.php?rest_route=\/wp\/v2\/posts\/11762","targetHints":{"allow":["GET"]}}],"collection":[{"href":"https:\/\/noticiasveraces.com\/index.php?rest_route=\/wp\/v2\/posts"}],"about":[{"href":"https:\/\/noticiasveraces.com\/index.php?rest_route=\/wp\/v2\/types\/post"}],"author":[{"embeddable":true,"href":"https:\/\/noticiasveraces.com\/index.php?rest_route=\/wp\/v2\/users\/1"}],"replies":[{"embeddable":true,"href":"https:\/\/noticiasveraces.com\/index.php?rest_route=%2Fwp%2Fv2%2Fcomments&post=11762"}],"version-history":[{"count":0,"href":"https:\/\/noticiasveraces.com\/index.php?rest_route=\/wp\/v2\/posts\/11762\/revisions"}],"wp:featuredmedia":[{"embeddable":true,"href":"https:\/\/noticiasveraces.com\/index.php?rest_route=\/wp\/v2\/media\/11763"}],"wp:attachment":[{"href":"https:\/\/noticiasveraces.com\/index.php?rest_route=%2Fwp%2Fv2%2Fmedia&parent=11762"}],"wp:term":[{"taxonomy":"category","embeddable":true,"href":"https:\/\/noticiasveraces.com\/index.php?rest_route=%2Fwp%2Fv2%2Fcategories&post=11762"},{"taxonomy":"post_tag","embeddable":true,"href":"https:\/\/noticiasveraces.com\/index.php?rest_route=%2Fwp%2Fv2%2Ftags&post=11762"}],"curies":[{"name":"wp","href":"https:\/\/api.w.org\/{rel}","templated":true}]}}