{"id":11721,"date":"2025-01-24T06:05:11","date_gmt":"2025-01-24T10:05:11","guid":{"rendered":"https:\/\/noticiasveraces.com\/?p=11721"},"modified":"2025-01-24T06:05:11","modified_gmt":"2025-01-24T10:05:11","slug":"la-eleccion-de-trump-para-el-embajador-de-la-onu-aclamado-por-el-ministro-israeli-como-guerrero-contra-el-antisemitismo","status":"publish","type":"post","link":"https:\/\/noticiasveraces.com\/?p=11721","title":{"rendered":"La elecci\u00f3n de Trump para el embajador de la ONU aclamado por el ministro israel\u00ed como \u00abguerrero contra el antisemitismo\u00bb"},"content":{"rendered":"<p> \n<\/p>\n<div>\n<div class=\"article-gating gated-overlay\">\n<div class=\"article-gating-wrapper\">\n<p>\u00danase a Fox News para acceder a este contenido<\/p>\n<p>Adem\u00e1s de acceso especial a art\u00edculos seleccionados y otro contenido premium con su cuenta, de forma gratuita.<\/p>\n<div class=\"article-gating-legal tablet-desktop\">Al ingresar su correo electr\u00f3nico y presionar continuar, usted acepta los t\u00e9rminos de uso y la pol\u00edtica de privacidad de Fox News, que incluye nuestro aviso de incentivo financiero.\n    <\/div>\n<p><span>Por favor, introduce una direcci\u00f3n de correo electr\u00f3nico v\u00e1lida.<\/span><\/p>\n<footer class=\"article-gating-footer\">\u00bfTiene problemas? Haga clic aqu\u00ed.<\/footer>\n<\/div>\n<\/div>\n<p class=\"speakable\">Tel Aviv: la administraci\u00f3n Trump har\u00e1 m\u00e1s que su predecesor para combatir la ola de mareas de los odiosos jud\u00edos desatados por el Hamas el 7 de octubre de 2023, Masacre, ministro israel\u00ed de asuntos de la di\u00e1spora y combatir el antisemitismo Amichai Chikli a Fox News Digital. <\/p>\n<p class=\"speakable\">Chikli se\u00f1al\u00f3 que, cuando se confirm\u00f3, el nuevo embajador de los Estados Unidos ante las Naciones Unidas, la ex representante Elise Stefanik, RN.Y., entrar\u00e1 en uno de los epicentros del asalto global contra el pueblo jud\u00edo y su estado.<\/p>\n<p>\u00abVimos a Stefanik en la audiencia sobre el antisemitismo del campus en el Congreso\u00bb, dijo, y se\u00f1al\u00f3 que una vez confirm\u00f3 como miembro de la administraci\u00f3n Trump, ella estar\u00e1 \u00abestacionada en una de las arenas m\u00e1s hostiles: la ONU\u00bb Chikli agreg\u00f3 que est\u00e1 \u00bb Un guerrero contra el antisemitismo, estamos muy contentos con su nombramiento \u00ab.<\/p>\n<p><strong>Stefanik Touts Grilling College Administradores en la audiencia de confirmaci\u00f3n del Senado<\/strong><\/p>\n<div class=\"image-ct inline\">\n<div class=\"m\"><picture><source media=\"(max-width: 767px)\" srcset=\"https:\/\/a57.foxnews.com\/static.foxnews.com\/foxnews.com\/content\/uploads\/2025\/01\/343\/192\/president-donald-trump-inauguration-100-days_11.jpg?ve=1&amp;tl=1, https:\/\/a57.foxnews.com\/static.foxnews.com\/foxnews.com\/content\/uploads\/2025\/01\/686\/384\/president-donald-trump-inauguration-100-days_11.jpg?ve=1&amp;tl=1 2x\" height=\"192\" width=\"343\"><source media=\"(min-width: 768px) and (max-width: 1023px)\" srcset=\"https:\/\/a57.foxnews.com\/static.foxnews.com\/foxnews.com\/content\/uploads\/2025\/01\/672\/378\/president-donald-trump-inauguration-100-days_11.jpg?ve=1&amp;tl=1, https:\/\/a57.foxnews.com\/static.foxnews.com\/foxnews.com\/content\/uploads\/2025\/01\/1344\/756\/president-donald-trump-inauguration-100-days_11.jpg?ve=1&amp;tl=1 2x\" height=\"378\" width=\"672\"><source media=\"(min-width: 1024px) and (max-width: 1279px)\" srcset=\"https:\/\/a57.foxnews.com\/static.foxnews.com\/foxnews.com\/content\/uploads\/2025\/01\/931\/523\/president-donald-trump-inauguration-100-days_11.jpg?ve=1&amp;tl=1, https:\/\/a57.foxnews.com\/static.foxnews.com\/foxnews.com\/content\/uploads\/2025\/01\/1862\/1046\/president-donald-trump-inauguration-100-days_11.jpg?ve=1&amp;tl=1 2x\" height=\"523\" width=\"931\"><source media=\"(min-width: 1280px)\" srcset=\"https:\/\/a57.foxnews.com\/static.foxnews.com\/foxnews.com\/content\/uploads\/2025\/01\/720\/405\/president-donald-trump-inauguration-100-days_11.jpg?ve=1&amp;tl=1, https:\/\/a57.foxnews.com\/static.foxnews.com\/foxnews.com\/content\/uploads\/2025\/01\/1440\/810\/president-donald-trump-inauguration-100-days_11.jpg?ve=1&amp;tl=1 2x\" height=\"405\" width=\"720\"><img loading=\"lazy\" decoding=\"async\" src=\"https:\/\/a57.foxnews.com\/static.foxnews.com\/foxnews.com\/content\/uploads\/2025\/01\/1200\/675\/president-donald-trump-inauguration-100-days_11.jpg?ve=1&amp;tl=1\" alt=\"Representante Elise Stefanik, republicana de Nueva York y embajadora de los Estados Unidos al nominado de las Naciones Unidas (ONU) para el presidente de los Estados Unidos, Donald Trump, llega a una audiencia de confirmaci\u00f3n del Comit\u00e9 de Relaciones Exteriores del Senado\" width=\"1200\" height=\"675\"\/><\/source><\/source><\/source><\/source><\/picture><\/div>\n<div class=\"info\">\n<div class=\"caption\">\n<p><span>La ex representante Elise Stefanik, nominada para el embajador de los Estados Unidos ante las Naciones Unidas, asiste a su audiencia de confirmaci\u00f3n ante el Comit\u00e9 de Relaciones Exteriores del Senado el 21 de enero de 2025.<\/span> <span>(Tierney L. Cross\/Bloomberg a trav\u00e9s de Getty Images)<\/span><\/p>\n<\/div>\n<\/div>\n<\/div>\n<p>En diciembre de 2023, Stefanik fue ampliamente elogiado durante una audiencia del Congreso sobre la explosi\u00f3n del antisemitismo en las universidades estadounidenses. Pregunt\u00f3 a los presidentes de la Universidad de Harvard, la Universidad de Pensilvania y el Instituto de Tecnolog\u00eda de Massachusetts si pedir genocidio contra jud\u00edos viol\u00f3 sus c\u00f3digos de conducta.<\/p>\n<p>Un a\u00f1o despu\u00e9s, el presidente republicano de la C\u00e1mara de Representantes, Mike Johnson, present\u00f3 el informe del personal de la C\u00e1mara de Representantes de los Estados Unidos sobre antisemitismo, compilado por seis comit\u00e9s del Congreso.<\/p>\n<p>Chikli le dijo a Fox News Digital Four Medes Accessable para frenar el fen\u00f3meno: \u00abHacer cumplir un cumplimiento estricto del T\u00edtulo VI para prohibir la discriminaci\u00f3n y abordar el antisemitismo en el campus; retener los fondos federales a las instituciones que boicotean a Israel o tolerar el comportamiento antisemita; requiriendo universidades para inspeccionar contribuciones extranjeras y ajuste supervisi\u00f3n del gobierno;<\/p>\n<div class=\"image-ct inline\">\n<div class=\"m\"><picture><source media=\"(max-width: 767px)\" srcset=\"https:\/\/a57.foxnews.com\/static.foxnews.com\/foxnews.com\/content\/uploads\/2024\/09\/343\/192\/Columbia-University-protests-3.jpg?ve=1&amp;tl=1, https:\/\/a57.foxnews.com\/static.foxnews.com\/foxnews.com\/content\/uploads\/2024\/09\/686\/384\/Columbia-University-protests-3.jpg?ve=1&amp;tl=1 2x\" height=\"192\" width=\"343\"><source media=\"(min-width: 768px) and (max-width: 1023px)\" srcset=\"https:\/\/a57.foxnews.com\/static.foxnews.com\/foxnews.com\/content\/uploads\/2024\/09\/672\/378\/Columbia-University-protests-3.jpg?ve=1&amp;tl=1, https:\/\/a57.foxnews.com\/static.foxnews.com\/foxnews.com\/content\/uploads\/2024\/09\/1344\/756\/Columbia-University-protests-3.jpg?ve=1&amp;tl=1 2x\" height=\"378\" width=\"672\"><source media=\"(min-width: 1024px) and (max-width: 1279px)\" srcset=\"https:\/\/a57.foxnews.com\/static.foxnews.com\/foxnews.com\/content\/uploads\/2024\/09\/931\/523\/Columbia-University-protests-3.jpg?ve=1&amp;tl=1, https:\/\/a57.foxnews.com\/static.foxnews.com\/foxnews.com\/content\/uploads\/2024\/09\/1862\/1046\/Columbia-University-protests-3.jpg?ve=1&amp;tl=1 2x\" height=\"523\" width=\"931\"><source media=\"(min-width: 1280px)\" srcset=\"https:\/\/a57.foxnews.com\/static.foxnews.com\/foxnews.com\/content\/uploads\/2024\/09\/720\/405\/Columbia-University-protests-3.jpg?ve=1&amp;tl=1, https:\/\/a57.foxnews.com\/static.foxnews.com\/foxnews.com\/content\/uploads\/2024\/09\/1440\/810\/Columbia-University-protests-3.jpg?ve=1&amp;tl=1 2x\" height=\"405\" width=\"720\"><img loading=\"lazy\" decoding=\"async\" src=\"https:\/\/a57.foxnews.com\/static.foxnews.com\/foxnews.com\/content\/uploads\/2024\/09\/1200\/675\/Columbia-University-protests-3.jpg?ve=1&amp;tl=1\" alt=\"Manifestantes anti-Israel en Nueva York\" width=\"1200\" height=\"675\"\/><\/source><\/source><\/source><\/source><\/picture><\/div>\n<div class=\"info\">\n<div class=\"caption\">\n<p><span>Las manifestaciones anti-Israel continuaron en la ciudad de Nueva York el martes en el campus de la Universidad de Columbia.<\/span> <span>(AP\/Yuki Iwamura)<\/span><\/p>\n<\/div>\n<\/div>\n<\/div>\n<p>\u00abEste informe del orador de la casa muestra que esto [Trump] La administraci\u00f3n est\u00e1 altamente comprometida a contrarrestar el antisemitismo \u00ab, dijo Chikli.<\/p>\n<p>En su nuevo papel, Stefanik tambi\u00e9n ha prometido luchar contra los jud\u00edos en Turtle Bay, que describi\u00f3 como una \u00abguarida del antisemitismo\u00bb.<\/p>\n<p><strong>La selecci\u00f3n de la embajadora de la ONU de Trump, Elise Stefanik, podr\u00eda salvar a los contribuyentes millones si aprovecha a Musk-Ramaswamy &#8216;Dogle&#8217;<\/strong><\/p>\n<p>\u00abIncluso antes de los ataques terroristas b\u00e1rbaros de Hamas el 7 de octubre, la ONU ha traicionado continuamente a Israel y traicion\u00f3 a Estados Unidos, actuando como un apologista de Ir\u00e1n y sus representantes terroristas\u00bb, dijo Stefanik en noviembre despu\u00e9s de su nominaci\u00f3n.<\/p>\n<p>Durante su confirmaci\u00f3n del Senado el martes, dijo que la Agencia de Alivio y Obras de las Naciones Unidas (UNRWA), un conducto para la ayuda internacional a los palestinos, deber\u00eda estar \u00abal final de la lista\u00bb de las organizaciones para recibir fondos estadounidenses.<\/p>\n<p>En enero de 2024, el entonces presidente Joe Biden detuvo los fondos a UNRWA despu\u00e9s de que Israel public\u00f3 evidencia de que el personal de la agencia particip\u00f3 en la masacre del 7 de octubre. <\/p>\n<div class=\"image-ct inline\">\n<div class=\"m\"><picture><source media=\"(max-width: 767px)\" srcset=\"https:\/\/a57.foxnews.com\/static.foxnews.com\/foxnews.com\/content\/uploads\/2024\/04\/343\/192\/GettyImages-1458277038.jpg?ve=1&amp;tl=1, https:\/\/a57.foxnews.com\/static.foxnews.com\/foxnews.com\/content\/uploads\/2024\/04\/686\/384\/GettyImages-1458277038.jpg?ve=1&amp;tl=1 2x\" height=\"192\" width=\"343\"><source media=\"(min-width: 768px) and (max-width: 1023px)\" srcset=\"https:\/\/a57.foxnews.com\/static.foxnews.com\/foxnews.com\/content\/uploads\/2024\/04\/672\/378\/GettyImages-1458277038.jpg?ve=1&amp;tl=1, https:\/\/a57.foxnews.com\/static.foxnews.com\/foxnews.com\/content\/uploads\/2024\/04\/1344\/756\/GettyImages-1458277038.jpg?ve=1&amp;tl=1 2x\" height=\"378\" width=\"672\"><source media=\"(min-width: 1024px) and (max-width: 1279px)\" srcset=\"https:\/\/a57.foxnews.com\/static.foxnews.com\/foxnews.com\/content\/uploads\/2024\/04\/931\/523\/GettyImages-1458277038.jpg?ve=1&amp;tl=1, https:\/\/a57.foxnews.com\/static.foxnews.com\/foxnews.com\/content\/uploads\/2024\/04\/1862\/1046\/GettyImages-1458277038.jpg?ve=1&amp;tl=1 2x\" height=\"523\" width=\"931\"><source media=\"(min-width: 1280px)\" srcset=\"https:\/\/a57.foxnews.com\/static.foxnews.com\/foxnews.com\/content\/uploads\/2024\/04\/720\/405\/GettyImages-1458277038.jpg?ve=1&amp;tl=1, https:\/\/a57.foxnews.com\/static.foxnews.com\/foxnews.com\/content\/uploads\/2024\/04\/1440\/810\/GettyImages-1458277038.jpg?ve=1&amp;tl=1 2x\" height=\"405\" width=\"720\"><img loading=\"lazy\" decoding=\"async\" src=\"https:\/\/a57.foxnews.com\/static.foxnews.com\/foxnews.com\/content\/uploads\/2024\/04\/1200\/675\/GettyImages-1458277038.jpg?ve=1&amp;tl=1\" alt=\"Asuntos de di\u00e1spora de Likud\" width=\"1200\" height=\"675\"\/><\/source><\/source><\/source><\/source><\/picture><\/div>\n<div class=\"info\">\n<div class=\"caption\">\n<p><span>Ministro Israel\u00ed de Asuntos de Di\u00e1spora Amichai Chikli<\/span> <span>(Shahar Azran\/Getty Images\/File)<\/span><\/p>\n<\/div>\n<\/div>\n<\/div>\n<p>Seg\u00fan Chikli, UNRWA sirve efectivamente como el sistema educativo de Hamas, lo que a su vez lo convierte en el motor que alimenta el antisemitismo a lo largo de Gaza y territorios administrados por Palestino en Cisjordania, conocido por los israel\u00edes como Judea y Samaria.<\/p>\n<p>\u00abSe necesita una aldea para criar a un hijo, y se necesita una aldea para criar un terrorista. Y si coloca a un ni\u00f1o en las escuelas de UNRWA, puede estar seguro de que se graduar\u00e1 con la mentalidad de un terrorista\u00bb, dijo Chikli a Fox News Digital.<\/p>\n<p><strong>Los nuevos informes afirman que UNRWA trabaja con terroristas, ense\u00f1a odio a medida que la agencia regresa a los cr\u00edticos<\/strong><\/p>\n<p>\u00ab[Palestinian children] Aprender\u00e1 a admirar terroristas suicidas, terroristas de Hamas Nukhba que masacraron personas inocentes. Van a escuelas que llevan el nombre de terroristas, con libros de texto que incluyen problemas matem\u00e1ticos sobre cu\u00e1ntos soldados israel\u00edes fueron atacados o cu\u00e1ntas piedras se les arroj\u00f3 \u00ab, continu\u00f3.<\/p>\n<p>\u00abEs por eso que es fundamental asegurarse de que UNRWA est\u00e9 cerrado\u00bb, agreg\u00f3. <\/p>\n<p>En octubre, el parlamento israel\u00ed prohibi\u00f3 a UNRWA operar en el estado jud\u00edo. La ley entra en vigencia el 30 de enero.<\/p>\n<div class=\"image-ct inline\">\n<div class=\"m\"><picture><source media=\"(max-width: 767px)\" srcset=\"https:\/\/a57.foxnews.com\/static.foxnews.com\/foxnews.com\/content\/uploads\/2023\/10\/343\/192\/GettyImages-1748098117.jpg?ve=1&amp;tl=1, https:\/\/a57.foxnews.com\/static.foxnews.com\/foxnews.com\/content\/uploads\/2023\/10\/686\/384\/GettyImages-1748098117.jpg?ve=1&amp;tl=1 2x\" height=\"192\" width=\"343\"><source media=\"(min-width: 768px) and (max-width: 1023px)\" srcset=\"https:\/\/a57.foxnews.com\/static.foxnews.com\/foxnews.com\/content\/uploads\/2023\/10\/672\/378\/GettyImages-1748098117.jpg?ve=1&amp;tl=1, https:\/\/a57.foxnews.com\/static.foxnews.com\/foxnews.com\/content\/uploads\/2023\/10\/1344\/756\/GettyImages-1748098117.jpg?ve=1&amp;tl=1 2x\" height=\"378\" width=\"672\"><source media=\"(min-width: 1024px) and (max-width: 1279px)\" srcset=\"https:\/\/a57.foxnews.com\/static.foxnews.com\/foxnews.com\/content\/uploads\/2023\/10\/931\/523\/GettyImages-1748098117.jpg?ve=1&amp;tl=1, https:\/\/a57.foxnews.com\/static.foxnews.com\/foxnews.com\/content\/uploads\/2023\/10\/1862\/1046\/GettyImages-1748098117.jpg?ve=1&amp;tl=1 2x\" height=\"523\" width=\"931\"><source media=\"(min-width: 1280px)\" srcset=\"https:\/\/a57.foxnews.com\/static.foxnews.com\/foxnews.com\/content\/uploads\/2023\/10\/720\/405\/GettyImages-1748098117.jpg?ve=1&amp;tl=1, https:\/\/a57.foxnews.com\/static.foxnews.com\/foxnews.com\/content\/uploads\/2023\/10\/1440\/810\/GettyImages-1748098117.jpg?ve=1&amp;tl=1 2x\" height=\"405\" width=\"720\"><img loading=\"lazy\" decoding=\"async\" src=\"https:\/\/a57.foxnews.com\/static.foxnews.com\/foxnews.com\/content\/uploads\/2023\/10\/1200\/675\/GettyImages-1748098117.jpg?ve=1&amp;tl=1\" alt=\"Lazzarini hablando\" width=\"1200\" height=\"675\"\/><\/source><\/source><\/source><\/source><\/picture><\/div>\n<div class=\"info\">\n<div class=\"caption\">\n<p><span>Philippe Lazzarini, Comisionado General de la Agencia de Alivio y Obras de las Naciones Unidas para los Refugiados Palestinos en el Cercano Oriente, celebra una conferencia de prensa en Jerusal\u00e9n el 27 de octubre de 2023.<\/span> <span>(Mostafa Alkharouf\/Anadolu a trav\u00e9s de Getty Images)<\/span><\/p>\n<\/div>\n<\/div>\n<\/div>\n<p>Un portavoz del l\u00edder de la oposici\u00f3n israel\u00ed, Yair Lapid, dijo a Fox News Digital que \u00abel gobierno y la comunidad internacional han tenido 90 d\u00edas para encontrar alternativas a UNRWA\u00bb.<\/p>\n<p>Se neg\u00f3 a decir si Lapid estaba en contacto con la administraci\u00f3n Trump para discutir los planes de \u00abd\u00eda despu\u00e9s de\u00bb una vez que UNRWA deja de operar. <\/p>\n<p>En agosto, el comisionado general de la UNRWA, Philippe Lazzarini, confirm\u00f3 la probable participaci\u00f3n de al menos 19 empleados de UNRWA en la masacre del 7 de octubre, diciendo que \u00abla evidencia, si se autentica y corrobor\u00f3, podr\u00eda indicar que los miembros del personal de UNRWA pueden haber estado involucrados en el ataques \u00ab.<\/p>\n<div class=\"image-ct inline\">\n<div class=\"m\"><picture><source media=\"(max-width: 767px)\" srcset=\"https:\/\/a57.foxnews.com\/static.foxnews.com\/foxnews.com\/content\/uploads\/2023\/09\/343\/192\/United-Nations-Gridlock_05.jpg?ve=1&amp;tl=1, https:\/\/a57.foxnews.com\/static.foxnews.com\/foxnews.com\/content\/uploads\/2023\/09\/686\/384\/United-Nations-Gridlock_05.jpg?ve=1&amp;tl=1 2x\" height=\"192\" width=\"343\"><source media=\"(min-width: 768px) and (max-width: 1023px)\" srcset=\"https:\/\/a57.foxnews.com\/static.foxnews.com\/foxnews.com\/content\/uploads\/2023\/09\/672\/378\/United-Nations-Gridlock_05.jpg?ve=1&amp;tl=1, https:\/\/a57.foxnews.com\/static.foxnews.com\/foxnews.com\/content\/uploads\/2023\/09\/1344\/756\/United-Nations-Gridlock_05.jpg?ve=1&amp;tl=1 2x\" height=\"378\" width=\"672\"><source media=\"(min-width: 1024px) and (max-width: 1279px)\" srcset=\"https:\/\/a57.foxnews.com\/static.foxnews.com\/foxnews.com\/content\/uploads\/2023\/09\/931\/523\/United-Nations-Gridlock_05.jpg?ve=1&amp;tl=1, https:\/\/a57.foxnews.com\/static.foxnews.com\/foxnews.com\/content\/uploads\/2023\/09\/1862\/1046\/United-Nations-Gridlock_05.jpg?ve=1&amp;tl=1 2x\" height=\"523\" width=\"931\"><source media=\"(min-width: 1280px)\" srcset=\"https:\/\/a57.foxnews.com\/static.foxnews.com\/foxnews.com\/content\/uploads\/2023\/09\/720\/405\/United-Nations-Gridlock_05.jpg?ve=1&amp;tl=1, https:\/\/a57.foxnews.com\/static.foxnews.com\/foxnews.com\/content\/uploads\/2023\/09\/1440\/810\/United-Nations-Gridlock_05.jpg?ve=1&amp;tl=1 2x\" height=\"405\" width=\"720\"><img loading=\"lazy\" decoding=\"async\" src=\"https:\/\/a57.foxnews.com\/static.foxnews.com\/foxnews.com\/content\/uploads\/2023\/09\/1200\/675\/United-Nations-Gridlock_05.jpg?ve=1&amp;tl=1\" alt=\"Una vista de la Torre de la ONU en el fondo con tr\u00e1fico en primer plano\" width=\"1200\" height=\"675\"\/><\/source><\/source><\/source><\/source><\/picture><\/div>\n<div class=\"info\">\n<div class=\"caption\">\n<p><span>Una visi\u00f3n general de la Ciudad de las Naciones Unidas de Nueva York, Nueva York, NY, el martes 19 de septiembre de 2023. El tr\u00e1fico aumenta en esta \u00e9poca del a\u00f1o, ya que la Asamblea General de las Naciones Unidas recibe a l\u00edderes de todo el mundo.<\/span> <span>(Julia Bonavita para Fox News Digital)<\/span><\/p>\n<\/div>\n<\/div>\n<\/div>\n<p>M\u00e1s tarde confirm\u00f3 que al menos nueve empleados de UNRWA fueron despedidos despu\u00e9s de una investigaci\u00f3n interna.<\/p>\n<p>La directora de comunicaciones de UNRWA, Juliette Touma, dijo a Fox News Digital que \u00abestamos comprometidos a quedarnos y entregar [aid] En los territorios palestinos ocupados, incluidos la Franja de Gaza, Cisjordania y Jerusal\u00e9n Este, hasta que no podemos \u00ab.<\/p>\n<p>\u00abUNRWA tiene los sistemas m\u00e1s s\u00f3lidos en comparaci\u00f3n con otras agencias de las Naciones Unidas cuando se trata de la adhesi\u00f3n al principio de neutralidad con respecto a nuestros programas que hacemos y nuestro personal\u00bb, dijo. <\/p>\n<p>Cuando se le pregunt\u00f3 si la organizaci\u00f3n ha reunido un plan para las operaciones en curso una vez que la prohibici\u00f3n israel\u00ed se activa, dijo: \u00abNo lo hemos hecho\u00bb.<\/p>\n<p>El hijo de Ayelet Samerano, Yonatan, fue secuestrado por un terrorista que, seg\u00fan los informes, trabaj\u00f3 para UNRWA el 7 de octubre de 2023. Un video del terrorista que arrastr\u00f3 el cuerpo sin vida de Yonatan en un autom\u00f3vil se volvi\u00f3 viral. <\/p>\n<div class=\"image-ct inline\">\n<div class=\"m\"><picture><source media=\"(max-width: 767px)\" srcset=\"https:\/\/a57.foxnews.com\/static.foxnews.com\/foxnews.com\/content\/uploads\/2024\/06\/343\/192\/nova-music-festival.jpg?ve=1&amp;tl=1, https:\/\/a57.foxnews.com\/static.foxnews.com\/foxnews.com\/content\/uploads\/2024\/06\/686\/384\/nova-music-festival.jpg?ve=1&amp;tl=1 2x\" height=\"192\" width=\"343\"><source media=\"(min-width: 768px) and (max-width: 1023px)\" srcset=\"https:\/\/a57.foxnews.com\/static.foxnews.com\/foxnews.com\/content\/uploads\/2024\/06\/672\/378\/nova-music-festival.jpg?ve=1&amp;tl=1, https:\/\/a57.foxnews.com\/static.foxnews.com\/foxnews.com\/content\/uploads\/2024\/06\/1344\/756\/nova-music-festival.jpg?ve=1&amp;tl=1 2x\" height=\"378\" width=\"672\"><source media=\"(min-width: 1024px) and (max-width: 1279px)\" srcset=\"https:\/\/a57.foxnews.com\/static.foxnews.com\/foxnews.com\/content\/uploads\/2024\/06\/931\/523\/nova-music-festival.jpg?ve=1&amp;tl=1, https:\/\/a57.foxnews.com\/static.foxnews.com\/foxnews.com\/content\/uploads\/2024\/06\/1862\/1046\/nova-music-festival.jpg?ve=1&amp;tl=1 2x\" height=\"523\" width=\"931\"><source media=\"(min-width: 1280px)\" srcset=\"https:\/\/a57.foxnews.com\/static.foxnews.com\/foxnews.com\/content\/uploads\/2024\/06\/720\/405\/nova-music-festival.jpg?ve=1&amp;tl=1, https:\/\/a57.foxnews.com\/static.foxnews.com\/foxnews.com\/content\/uploads\/2024\/06\/1440\/810\/nova-music-festival.jpg?ve=1&amp;tl=1 2x\" height=\"405\" width=\"720\"><img loading=\"lazy\" decoding=\"async\" src=\"https:\/\/a57.foxnews.com\/static.foxnews.com\/foxnews.com\/content\/uploads\/2024\/06\/1200\/675\/nova-music-festival.jpg?ve=1&amp;tl=1\" alt=\"Memorial en el Nova Music Festival\" width=\"1200\" height=\"675\"\/><\/source><\/source><\/source><\/source><\/picture><\/div>\n<div class=\"info\">\n<div class=\"caption\">\n<p><span>Memoriales en el sitio del ataque terrorista de Hamas del 7 de octubre contra el Festival de M\u00fasica de Supernova cerca de Kibbutz Re&#8217;im, Israel, el lunes 27 de mayo de 2024. <\/span> <span>(Kobi Wolf\/Bloomberg a trav\u00e9s de Getty Images)<\/span><\/p>\n<\/div>\n<\/div>\n<\/div>\n<p>\u00abNo lo dejar\u00e9 ir. Estoy presionando al gobierno muy duro por la ley, que se aprob\u00f3 en la Kn\u00e9set, para ser implementadas\u00bb, dijo Samerano a Fox News Digital. \u00abNo sab\u00eda UNRWA antes, pero luego investigu\u00e9 y encontr\u00e9 muchos documentos que demuestran que est\u00e1 involucrado en el terror. Que estuvieron involucrados en tomar rehenes el 7 de octubre y sostener a los israel\u00edes secuestrados en sus hogares y edificios significa que no hay raz\u00f3n para que no hay raz\u00f3n para que no hay raz\u00f3n para Esta organizaci\u00f3n contin\u00faa existiendo \u00ab.<\/p>\n<p>\u00abDebemos asegurarnos de que UNRWA sea reemplazado por otra organizaci\u00f3n que ayude a los Gazanes y asegurar que el terror no los infiltre\u00bb, continu\u00f3. \u00abLa gente fuera de Gaza y interesada en la paz real debe ense\u00f1ar un nuevo plan de estudios que cree oportunidades para los gazanes, no el terror\u00bb.<\/p>\n<p><strong>Haga clic aqu\u00ed para obtener la aplicaci\u00f3n Fox News<\/strong><\/p>\n<p>El embajador israel\u00ed ante la ONU Danny Danon Danon dijo a Fox News Digital que Stefanik es \u00abun aliado firme de Israel y del pueblo jud\u00edo\u00bb.<\/p>\n<p>\u00abElla lidera con claridad moral y un fuerte compromiso con la justicia y la verdad\u00bb, dijo. \u00abTengo muchas ganas de trabajar con ella en la ONU, donde la demonizaci\u00f3n y las distorsiones sobre Israel est\u00e1n fuera de control\u00bb.<\/p>\n<\/div>\n\n","protected":false},"excerpt":{"rendered":"<p>\u00danase a Fox News para acceder a este contenido Adem\u00e1s de acceso especial a art\u00edculos seleccionados y otro contenido premium con su cuenta, de forma gratuita. Al ingresar su correo electr\u00f3nico y presionar continuar, usted acepta los t\u00e9rminos de uso y la pol\u00edtica de privacidad de Fox News, que incluye nuestro aviso de incentivo financiero. &hellip;<\/p>\n","protected":false},"author":1,"featured_media":11723,"comment_status":"open","ping_status":"open","sticky":false,"template":"","format":"standard","meta":{"fifu_image_url":"https:\/\/static.foxnews.com\/foxnews.com\/content\/uploads\/2025\/01\/president-donald-trump-inauguration-100-days_11.jpg","fifu_image_alt":"","footnotes":""},"categories":[13],"tags":[],"class_list":["post-11721","post","type-post","status-publish","format-standard","has-post-thumbnail","","category-mundo"],"_links":{"self":[{"href":"https:\/\/noticiasveraces.com\/index.php?rest_route=\/wp\/v2\/posts\/11721","targetHints":{"allow":["GET"]}}],"collection":[{"href":"https:\/\/noticiasveraces.com\/index.php?rest_route=\/wp\/v2\/posts"}],"about":[{"href":"https:\/\/noticiasveraces.com\/index.php?rest_route=\/wp\/v2\/types\/post"}],"author":[{"embeddable":true,"href":"https:\/\/noticiasveraces.com\/index.php?rest_route=\/wp\/v2\/users\/1"}],"replies":[{"embeddable":true,"href":"https:\/\/noticiasveraces.com\/index.php?rest_route=%2Fwp%2Fv2%2Fcomments&post=11721"}],"version-history":[{"count":0,"href":"https:\/\/noticiasveraces.com\/index.php?rest_route=\/wp\/v2\/posts\/11721\/revisions"}],"wp:featuredmedia":[{"embeddable":true,"href":"https:\/\/noticiasveraces.com\/index.php?rest_route=\/wp\/v2\/media\/11723"}],"wp:attachment":[{"href":"https:\/\/noticiasveraces.com\/index.php?rest_route=%2Fwp%2Fv2%2Fmedia&parent=11721"}],"wp:term":[{"taxonomy":"category","embeddable":true,"href":"https:\/\/noticiasveraces.com\/index.php?rest_route=%2Fwp%2Fv2%2Fcategories&post=11721"},{"taxonomy":"post_tag","embeddable":true,"href":"https:\/\/noticiasveraces.com\/index.php?rest_route=%2Fwp%2Fv2%2Ftags&post=11721"}],"curies":[{"name":"wp","href":"https:\/\/api.w.org\/{rel}","templated":true}]}}