{"id":11708,"date":"2025-01-24T00:53:43","date_gmt":"2025-01-24T04:53:43","guid":{"rendered":"https:\/\/noticiasveraces.com\/?p=11708"},"modified":"2025-01-24T00:53:43","modified_gmt":"2025-01-24T04:53:43","slug":"lo-que-sabemos-sobre-el-ataque-con-cuchillo-en-baviera-dw-23-01-2025","status":"publish","type":"post","link":"https:\/\/noticiasveraces.com\/?p=11708","title":{"rendered":"Lo que Sabemos Sobre El Ataque Con Cuchillo en Baviera &#8211; DW &#8211; 23\/01\/2025"},"content":{"rendered":"<p> \n<\/p>\n<div>\n<p>El atacante convirti\u00f3 un id\u00edlico Lugar P\u00fablico de Juegos en un escenario terror\u00edfico en cuestio de minutos. En el parque Sch\u00f6ntal, en el Centro de Aschaffenburg, en Baviera, El Hombre Atac\u00f3 Con Un Cuchillo a Un Grupo de Una Guarder\u00eda Poco Antes del Mediod\u00eda. El Presunto Autor, Un Afgano de 28 A\u00f1os, Mat\u00f3 a un ni\u00f1o ya un adulto.<\/p>\n<p>Los Transe\u00fanes Persiguieron al Sospechoso. Al Cabo de Unos Minutos, La Polic\u00eda Logr\u00f3 Detenerlo. Se cree que el sospechoso intent\u00f3 huir a Trav\u00e9s de Las V\u00edas del Tren, por lo que el Tr\u00e1fico ferroviario qued\u00f3 temporalmento suspendido en la ciancia de 73.000 habitantes.<\/p>\n<h2>\u00bfQui\u00e9nes hijo las v\u00edctimas y c\u00f3mo se Encuentran los Heridos?<\/h2>\n<p>Entre las dos personsas muertas Hay un ni\u00f1o de dos a\u00f1os cuya familia procede de marruecos. La Segunda Persona Asesinada es un transe\u00fante de 41 A\u00f1os. Al Parecer, Fue \u00c9l Quien Intent\u00f3 Detener al Agresor. Gracias A Su Intervenci\u00f3n, \u00abOTros Ni\u00f1os Se Salvaron de la Muerte\u00bb, declar\u00f3 Joachim Herrmann (CSU), Ministro del Interior del Estado de Baviera.<\/p>\n<p>Los Tres Heridos hijo Una Ni\u00f1a Siria de dos A\u00f1os, un hombre de 72 y un maestro de Guarder\u00eda de 59. Fueron Trasladados al Hospital de Aschaffenburg.<\/p>\n<h2>\u00bfQ\u00e9 Sabemos del Sospechoso?<\/h2>\n<p>Al Parecer, El Presunto Autor es El Afgano Enamullah O., de 28 A\u00f1os, Que Vive en Un Centro de Acogida Cerca de Aschaffenburg. Seg\u00fan Las Autoridades B\u00e1varas, El Hombre Padec\u00eda una Enfirmedad Mental. Adem\u00e1s, \u00abYa hab\u00eda realizado varias comparecencias pol\u00edticas en el pasado\u00bb, seg\u00fan un comunicado de prensa de la jefatura de polic\u00eda de Baja Franconia.<\/p>\n<p>El Registro del Domicilio del Sospechoso no Revela que Haya Podido existir un M\u00f3vil Pol\u00edtico, Declar\u00f3 el Ministro del Interior B\u00e1varo, Herrmann. \u00abPor el Momento, Las Especificaciones Van Muy en la Direcci\u00f3n de Su evidente Enfirmedad Mental\u00bb. En su alojamiento Fueron Hallados Psicof\u00e1rmacos.<\/p>\n<p>El Presunto Autor Tambi\u00e9n Hab\u00eda Sido Declarado Culpable anterior de delitos Violentos y relaciones con las drogas. En Diciembre de 2024, inclusi\u00f3n se le orden\u00f3 a veces un asesoramiento psicol\u00f3gico, Explic\u00f3 el Ministro del Interior B\u00e1varo. \u00abLos Antecedentes exactos del Delito y Un Posible Motivo Siguen Sin Estar Claros y Son Objeto de Investigaciones en Curso\u00bb, Escribe la Jefatura de Polic\u00eda responsable del Caso.<\/p>\n<figure class=\"placeholder-image master_landscape big\"><img data-format=\"MASTER_LANDSCAPE\" data-id=\"71381290\" data-url=\"https:\/\/static.dw.com\/image\/71381290_${formatId}.jpg\" data-aspect-ratio=\"16\/9\" alt=\"Dos Hombres de Pelo Oscuro y Barba Sostienen Frente A Ellos, en un para parque, Carteles en los que see: Si Alguien Mata a una persona, es como hubiera Matado a Toda la humanidad.\" style=\"padding-bottom: 56.25%; height: 0; max-height: 0;\"\/><figcaption class=\"img-caption\">LUTO: El Jueves, Numerosas Personas de Aschaffenburg Acudieron Al Lugar del Crimen para expresar sus condolencias, incluidas persona de origen migrante.<small class=\"copyright\">Imagen: Daniel L\u00f6b\/DPA\/Picture Alliance<\/small><\/figcaption><\/figure>\n<h2>\u00bfPor Qu\u00e9 Segu\u00eda El Hombre en Alemania?<\/h2>\n<p>El Sospechoso Entr\u00f3 en Alemania en Noviembre de 2022, Al Parecer A Trav\u00e9s de Bulgaria, Pa\u00eds de la Ue. Hace dos Meses anunci\u00f3 Que Quer\u00eda Regr\u00e9s Entonces se Cerr\u00f3 su procedimiento de asilo y se le oblig\u00f3 un abandonar el pa\u00eds.<\/p>\n<p>En Alemania, la obligaci\u00f3n de abandonar el pa\u00eds se aplica a las personsas que no tienen la ciuda alemana ni derecho de residencia. Este se Aplic\u00f3 Al Sospechoso. Seg\u00fan Las Normas de la Ue, Podr\u00eda Haber Sido Devuelto A Bulgaria. El Mismo hab\u00eda declarado que quer\u00eda Solicitar Papeles de Salida A Afganist\u00e1n, Ahora no Est\u00e1 Claro Q\u00e9 Sucedi\u00f3 con esas intenciones. <\/p>\n<p><span data-slot-id=\"Article_InContent-1\" class=\"rich-text-ad\"\/><\/p>\n<h2>\u00bfEst\u00e1n aumento -los delitos cometidos por solicitantes de asilo?<\/h2>\n<p>En X, El Experto en Terrorismo Peter Neumann, Del King&#8217;s College de Londres, Describe El Delito como \u00abresultado de unsistema Fallido\u00bb. Seg\u00fan \u00c9l, en Alemania, Numerosos J\u00f3venes Solicitantes de Asilo Son Alojados Durante A\u00f1os Sin Ninguna Actividad Significativa Ni Perspectivas.<\/p>\n<p>\u00abEl resultado es Todo Tipo de Disfuncionalidades\u00bb, Afirma Neumann, incluida la radicalizaci\u00f3, la Delincuencia violenta y las enfiertas de los mentales. Este sistema sin beneficio ni a la sociedad ni a los solicitantes de asilo. Por tanto, se deber\u00eda invertir m\u00e1s en integraci\u00f3n o limitar el n\u00damero de abogados de asilo, seg\u00fan neumann.<\/p>\n<p>EN 2024, El N\u00famero de Extranjeros sospechosos de delitos Penales aument\u00f3 un 13,5 por ciento. Este no incluido los delitos contra el Derecho de Residencia. El L\u00edder de la Oposici\u00f3 Friedrich Merz, del Partido Conservador Cdu, Anuncio Que, COMO Canciller, Impondr\u00eda una \u00abProhibici\u00f3n de Entrada\u00bb A Todas Las Personas Sin Documentos V\u00e1lidos. Seg\u00fan Encuestas Reales, Merz es el M\u00e1s Probable PROXOMO Canciller. <\/p>\n<p>(GG\/MS)<\/p>\n<\/div>\n\n","protected":false},"excerpt":{"rendered":"<p>El atacante convirti\u00f3 un id\u00edlico Lugar P\u00fablico de Juegos en un escenario terror\u00edfico en cuestio de minutos. En el parque Sch\u00f6ntal, en el Centro de Aschaffenburg, en Baviera, El Hombre Atac\u00f3 Con Un Cuchillo a Un Grupo de Una Guarder\u00eda Poco Antes del Mediod\u00eda. El Presunto Autor, Un Afgano de 28 A\u00f1os, Mat\u00f3 a un &hellip;<\/p>\n","protected":false},"author":1,"featured_media":11709,"comment_status":"open","ping_status":"open","sticky":false,"template":"","format":"standard","meta":{"fifu_image_url":"https:\/\/static.dw.com\/image\/71379852_6.jpg","fifu_image_alt":"","footnotes":""},"categories":[13],"tags":[],"class_list":["post-11708","post","type-post","status-publish","format-standard","has-post-thumbnail","","category-mundo"],"_links":{"self":[{"href":"https:\/\/noticiasveraces.com\/index.php?rest_route=\/wp\/v2\/posts\/11708","targetHints":{"allow":["GET"]}}],"collection":[{"href":"https:\/\/noticiasveraces.com\/index.php?rest_route=\/wp\/v2\/posts"}],"about":[{"href":"https:\/\/noticiasveraces.com\/index.php?rest_route=\/wp\/v2\/types\/post"}],"author":[{"embeddable":true,"href":"https:\/\/noticiasveraces.com\/index.php?rest_route=\/wp\/v2\/users\/1"}],"replies":[{"embeddable":true,"href":"https:\/\/noticiasveraces.com\/index.php?rest_route=%2Fwp%2Fv2%2Fcomments&post=11708"}],"version-history":[{"count":0,"href":"https:\/\/noticiasveraces.com\/index.php?rest_route=\/wp\/v2\/posts\/11708\/revisions"}],"wp:featuredmedia":[{"embeddable":true,"href":"https:\/\/noticiasveraces.com\/index.php?rest_route=\/wp\/v2\/media\/11709"}],"wp:attachment":[{"href":"https:\/\/noticiasveraces.com\/index.php?rest_route=%2Fwp%2Fv2%2Fmedia&parent=11708"}],"wp:term":[{"taxonomy":"category","embeddable":true,"href":"https:\/\/noticiasveraces.com\/index.php?rest_route=%2Fwp%2Fv2%2Fcategories&post=11708"},{"taxonomy":"post_tag","embeddable":true,"href":"https:\/\/noticiasveraces.com\/index.php?rest_route=%2Fwp%2Fv2%2Ftags&post=11708"}],"curies":[{"name":"wp","href":"https:\/\/api.w.org\/{rel}","templated":true}]}}