{"id":11687,"date":"2025-01-23T23:11:08","date_gmt":"2025-01-24T03:11:08","guid":{"rendered":"https:\/\/noticiasveraces.com\/?p=11687"},"modified":"2025-01-23T23:11:08","modified_gmt":"2025-01-24T03:11:08","slug":"la-perdida-de-memoria-no-siempre-es-alzheimer-los-expertos-advierten-sobre-una-demencia-poco-conocida","status":"publish","type":"post","link":"https:\/\/noticiasveraces.com\/?p=11687","title":{"rendered":"La p\u00e9rdida de memoria no siempre es Alzheimer: los expertos advierten sobre una demencia poco conocida"},"content":{"rendered":"<p> \n<\/p>\n<div>\n<p class=\"speakable\">Como <u>enfermedad de alzheimer<\/u> es la forma m\u00e1s com\u00fan de demencia (que afecta aproximadamente a 6,7 \u200b\u200bmillones de estadounidenses), no es sorprendente que las personas que experimentan p\u00e9rdida de memoria puedan sospechar de EA.<\/p>\n<p class=\"speakable\">De hecho, existe otro trastorno cognitivo com\u00fan con s\u00edntomas muy similares, llamado encefalopat\u00eda TDP-43 relacionada con la edad con predominio l\u00edmbico (o LATE para abreviar), que a menudo se diagnostica err\u00f3neamente como Alzheimer.<\/p>\n<p>Un informe reciente publicado en Alzheimer&#8217;s &#038; Dementia: The Journal of the Alzheimer&#8217;s Association destaca la necesidad de desarrollar \u00abcriterios objetivos\u00bb para diagnosticar y estadificar todos los tipos de demencia, incluida la LATE.<\/p>\n<p><strong><u>5 GRANDES DESCUBRIMIENTOS DEL ALZHEIMER QUE REALIZARON LOS CIENT\u00cdFICOS EN 2024<\/u><\/strong><\/p>\n<h2><strong>\u00bfEn qu\u00e9 se diferencia LATE del Alzheimer?<\/strong><\/h2>\n<p>LATE es una afecci\u00f3n frecuente en la vejez y puede contribuir a la p\u00e9rdida de memoria y al deterioro cognitivo, seg\u00fan la coautora del informe Rebecca M. Edelmayer, Ph.D., vicepresidenta de compromiso cient\u00edfico de la Asociaci\u00f3n de Alzheimer en Chicago.<\/p>\n<div class=\"image-ct inline\">\n<div class=\"m\"><picture><source media=\"(max-width: 767px)\" srcset=\"https:\/\/a57.foxnews.com\/static.foxnews.com\/foxnews.com\/content\/uploads\/2023\/05\/343\/192\/brain-neurons.jpg?ve=1&amp;tl=1, https:\/\/a57.foxnews.com\/static.foxnews.com\/foxnews.com\/content\/uploads\/2023\/05\/686\/384\/brain-neurons.jpg?ve=1&amp;tl=1 2x\" height=\"192\" width=\"343\"><source media=\"(min-width: 768px) and (max-width: 1023px)\" srcset=\"https:\/\/a57.foxnews.com\/static.foxnews.com\/foxnews.com\/content\/uploads\/2023\/05\/672\/378\/brain-neurons.jpg?ve=1&amp;tl=1, https:\/\/a57.foxnews.com\/static.foxnews.com\/foxnews.com\/content\/uploads\/2023\/05\/1344\/756\/brain-neurons.jpg?ve=1&amp;tl=1 2x\" height=\"378\" width=\"672\"><source media=\"(min-width: 1024px) and (max-width: 1279px)\" srcset=\"https:\/\/a57.foxnews.com\/static.foxnews.com\/foxnews.com\/content\/uploads\/2023\/05\/931\/523\/brain-neurons.jpg?ve=1&amp;tl=1, https:\/\/a57.foxnews.com\/static.foxnews.com\/foxnews.com\/content\/uploads\/2023\/05\/1862\/1046\/brain-neurons.jpg?ve=1&amp;tl=1 2x\" height=\"523\" width=\"931\"><source media=\"(min-width: 1280px)\" srcset=\"https:\/\/a57.foxnews.com\/static.foxnews.com\/foxnews.com\/content\/uploads\/2023\/05\/720\/405\/brain-neurons.jpg?ve=1&amp;tl=1, https:\/\/a57.foxnews.com\/static.foxnews.com\/foxnews.com\/content\/uploads\/2023\/05\/1440\/810\/brain-neurons.jpg?ve=1&amp;tl=1 2x\" height=\"405\" width=\"720\"><img loading=\"lazy\" decoding=\"async\" src=\"https:\/\/a57.foxnews.com\/static.foxnews.com\/foxnews.com\/content\/uploads\/2023\/05\/1200\/675\/brain-neurons.jpg?ve=1&amp;tl=1\" alt=\"Neuronas cerebrales\" width=\"1200\" height=\"675\"\/><\/source><\/source><\/source><\/source><\/picture><\/div>\n<div class=\"info\">\n<div class=\"caption\">\n<p><span>\u00abLATE se define por cambios en la prote\u00edna TDP-43 en el tejido cerebral y frecuentemente coexiste con los cambios de la enfermedad de Alzheimer, como la acumulaci\u00f3n de placas de beta amiloide y ovillos de tau\u00bb.<\/span> <span>(iStock)<\/span><\/p>\n<\/div>\n<\/div>\n<\/div>\n<p>\u00abLATE se define por cambios en la prote\u00edna TDP-43 en el tejido cerebral y frecuentemente coexiste con los cambios de la enfermedad de Alzheimer, como la acumulaci\u00f3n de placas de beta amiloide y ovillos de tau\u00bb, dijo a Fox News Digital.<\/p>\n<p>Los criterios recientemente propuestos tienen como objetivo ayudar a los m\u00e9dicos a diferenciar mejor el LATE del Alzheimer, lo que en \u00faltima instancia conduce a diagn\u00f3sticos m\u00e1s precisos y mejores estrategias de tratamiento, anot\u00f3 Edelmayer.<\/p>\n<p><strong><u>NUEVA INVESTIGACI\u00d3N SOBRE EL ALZHEIMER REVELA LA FASE &#8216;TRANQUILA&#8217; DE LA ENFERMEDAD, ANTES DE QUE APAREZCAN LOS S\u00cdNTOMAS<\/u><\/strong><\/p>\n<p>LATE tiende a tener un ritmo de deterioro m\u00e1s lento que el Alzheimer, seg\u00fan el autor principal David Wolk, profesor de neurolog\u00eda de la Universidad de Pensilvania.<\/p>\n<p>La afecci\u00f3n ocurre junto con la enfermedad de Alzheimer en aproximadamente un tercio de los pacientes, estim\u00f3 el m\u00e9dico, y parece acelerar el curso de la enfermedad.  <\/p>\n<p>M\u00e1s del 25% de las personas mayores de 80 a\u00f1os padecen esta forma de demencia.<\/p>\n<div class=\"image-ct inline\">\n<div class=\"m\"><picture><source media=\"(max-width: 767px)\" srcset=\"https:\/\/a57.foxnews.com\/static.foxnews.com\/foxnews.com\/content\/uploads\/2025\/01\/343\/192\/man-focusing.jpg?ve=1&amp;tl=1, https:\/\/a57.foxnews.com\/static.foxnews.com\/foxnews.com\/content\/uploads\/2025\/01\/686\/384\/man-focusing.jpg?ve=1&amp;tl=1 2x\" height=\"192\" width=\"343\"><source media=\"(min-width: 768px) and (max-width: 1023px)\" srcset=\"https:\/\/a57.foxnews.com\/static.foxnews.com\/foxnews.com\/content\/uploads\/2025\/01\/672\/378\/man-focusing.jpg?ve=1&amp;tl=1, https:\/\/a57.foxnews.com\/static.foxnews.com\/foxnews.com\/content\/uploads\/2025\/01\/1344\/756\/man-focusing.jpg?ve=1&amp;tl=1 2x\" height=\"378\" width=\"672\"><source media=\"(min-width: 1024px) and (max-width: 1279px)\" srcset=\"https:\/\/a57.foxnews.com\/static.foxnews.com\/foxnews.com\/content\/uploads\/2025\/01\/931\/523\/man-focusing.jpg?ve=1&amp;tl=1, https:\/\/a57.foxnews.com\/static.foxnews.com\/foxnews.com\/content\/uploads\/2025\/01\/1862\/1046\/man-focusing.jpg?ve=1&amp;tl=1 2x\" height=\"523\" width=\"931\"><source media=\"(min-width: 1280px)\" srcset=\"https:\/\/a57.foxnews.com\/static.foxnews.com\/foxnews.com\/content\/uploads\/2025\/01\/720\/405\/man-focusing.jpg?ve=1&amp;tl=1, https:\/\/a57.foxnews.com\/static.foxnews.com\/foxnews.com\/content\/uploads\/2025\/01\/1440\/810\/man-focusing.jpg?ve=1&amp;tl=1 2x\" height=\"405\" width=\"720\"><img loading=\"lazy\" decoding=\"async\" src=\"https:\/\/a57.foxnews.com\/static.foxnews.com\/foxnews.com\/content\/uploads\/2025\/01\/1200\/675\/man-focusing.jpg?ve=1&amp;tl=1\" alt=\"hombre concentr\u00e1ndose\" width=\"1200\" height=\"675\"\/><\/source><\/source><\/source><\/source><\/picture><\/div>\n<div class=\"info\">\n<div class=\"caption\">\n<p><span>M\u00e1s del 25% de las personas mayores de 80 a\u00f1os padecen esta forma com\u00fan pero poco conocida de demencia.<\/span> <span>(iStock)<\/span><\/p>\n<\/div>\n<\/div>\n<\/div>\n<p>\u00abA pesar de lo com\u00fan de la afecci\u00f3n, la mayor\u00eda de los m\u00e9dicos y pacientes nunca han o\u00eddo hablar de LATE y no lo consideran cuando hay p\u00e9rdida de memoria\u00bb, anot\u00f3 Wolk.<\/p>\n<p>\u00abSaber si est\u00e1 presente en la enfermedad de Alzheimer tambi\u00e9n afecta el pron\u00f3stico y puede afectar la eficacia de los tratamientos\u00bb.<\/p>\n<blockquote class=\"pull-quote\">\n<p class=\"quote-text\">\u00abLa mayor\u00eda de los m\u00e9dicos y pacientes nunca han o\u00eddo hablar de LATE y no lo consideran cuando hay p\u00e9rdida de memoria\u00bb.<\/p>\n<p> <!----><\/p><\/blockquote>\n<p>Antes de los criterios presentados en el nuevo informe, no hab\u00eda consenso sobre c\u00f3mo diagnosticar esta afecci\u00f3n.<\/p>\n<p>\u00abS\u00f3lo se defini\u00f3 en la autopsia despu\u00e9s de la muerte\u00bb, dijo Wolk. <\/p>\n<p><strong><u>HAGA CLIC AQU\u00cd PARA OBTENER LA APLICACI\u00d3N FOX NEWS<\/u><\/strong><strong>      <\/strong><\/p>\n<p>\u00abEstos criterios proporcionan una manera para que los m\u00e9dicos diagnostiquen la enfermedad, lo cual es un paso importante tanto en la pr\u00e1ctica cl\u00ednica como, en \u00faltima instancia, en la investigaci\u00f3n para tratar mejor la afecci\u00f3n\u00bb.<\/p>\n<p>Si bien existe una prueba de diagn\u00f3stico para medir definitivamente la enfermedad de Alzheimer, no existe tal prueba para LATE, se\u00f1al\u00f3 Wolk.<\/p>\n<div class=\"image-ct inline\">\n<div class=\"m\"><picture><source media=\"(max-width: 767px)\" srcset=\"https:\/\/a57.foxnews.com\/static.foxnews.com\/foxnews.com\/content\/uploads\/2025\/01\/343\/192\/woman-confused.jpg?ve=1&amp;tl=1, https:\/\/a57.foxnews.com\/static.foxnews.com\/foxnews.com\/content\/uploads\/2025\/01\/686\/384\/woman-confused.jpg?ve=1&amp;tl=1 2x\" height=\"192\" width=\"343\"><source media=\"(min-width: 768px) and (max-width: 1023px)\" srcset=\"https:\/\/a57.foxnews.com\/static.foxnews.com\/foxnews.com\/content\/uploads\/2025\/01\/672\/378\/woman-confused.jpg?ve=1&amp;tl=1, https:\/\/a57.foxnews.com\/static.foxnews.com\/foxnews.com\/content\/uploads\/2025\/01\/1344\/756\/woman-confused.jpg?ve=1&amp;tl=1 2x\" height=\"378\" width=\"672\"><source media=\"(min-width: 1024px) and (max-width: 1279px)\" srcset=\"https:\/\/a57.foxnews.com\/static.foxnews.com\/foxnews.com\/content\/uploads\/2025\/01\/931\/523\/woman-confused.jpg?ve=1&amp;tl=1, https:\/\/a57.foxnews.com\/static.foxnews.com\/foxnews.com\/content\/uploads\/2025\/01\/1862\/1046\/woman-confused.jpg?ve=1&amp;tl=1 2x\" height=\"523\" width=\"931\"><source media=\"(min-width: 1280px)\" srcset=\"https:\/\/a57.foxnews.com\/static.foxnews.com\/foxnews.com\/content\/uploads\/2025\/01\/720\/405\/woman-confused.jpg?ve=1&amp;tl=1, https:\/\/a57.foxnews.com\/static.foxnews.com\/foxnews.com\/content\/uploads\/2025\/01\/1440\/810\/woman-confused.jpg?ve=1&amp;tl=1 2x\" height=\"405\" width=\"720\"><img loading=\"lazy\" decoding=\"async\" src=\"https:\/\/a57.foxnews.com\/static.foxnews.com\/foxnews.com\/content\/uploads\/2025\/01\/1200\/675\/woman-confused.jpg?ve=1&amp;tl=1\" alt=\"Mujer confundida\" width=\"1200\" height=\"675\"\/><\/source><\/source><\/source><\/source><\/picture><\/div>\n<div class=\"info\">\n<div class=\"caption\">\n<p><span>Si bien existe una prueba de diagn\u00f3stico para medir definitivamente la enfermedad de Alzheimer, no existe tal prueba para LATE.<\/span> <span>(iStock)<\/span><\/p>\n<\/div>\n<\/div>\n<\/div>\n<p>\u00abLos criterios proporcionan niveles de probabilidad de diagn\u00f3stico, pero no pueden ser definitivos\u00bb, dijo a Fox News Digital. \u00abAdem\u00e1s, los criterios deben validarse en la pr\u00e1ctica\u00bb.<\/p>\n<p>En un futuro pr\u00f3ximo, se\u00f1al\u00f3 Edelmayer, los avances en los marcadores biol\u00f3gicos ayudar\u00e1n a los m\u00e9dicos a diferenciar los distintos tipos de demencia. <\/p>\n<p><strong><u>HAGA CLIC AQU\u00cd PARA SUSCRIBIRSE A NUESTRO BOLET\u00cdN DE SALUD<\/u><\/strong><\/p>\n<p>\u00abHasta que esas herramientas est\u00e9n disponibles, los criterios cl\u00ednicos para el diagn\u00f3stico, como el que acabamos de publicar, se pueden utilizar para respaldar un enfoque de medicina m\u00e1s personalizado para el tratamiento, la atenci\u00f3n y la inscripci\u00f3n en estudios cl\u00ednicos\u00bb, dijo a Fox News Digital.<\/p>\n<p><i><strong><u>Para m\u00e1s art\u00edculos de salud, visite <\/u><\/strong><\/i><i><strong><u>www.foxnews.com\/health<\/u><\/strong><\/i><\/p>\n<p>\u00abAdem\u00e1s, estas nuevas recomendaciones crean una hoja de ruta que identifica oportunidades para futuras investigaciones y los desaf\u00edos que a\u00fan quedan para diagnosticar con precisi\u00f3n a las personas con LATE\u00bb.<\/p>\n<p> <!----> <\/p>\n<div class=\"article-meta\">\n<div class=\"author-bio\">\n<p>Melissa Rudy es editora senior de salud y miembro del equipo de estilo de vida de Fox News Digital. Se pueden enviar consejos sobre historias a melissa.rudy@fox.com.<\/p>\n<\/div>\n<\/div>\n<\/div>\n\n","protected":false},"excerpt":{"rendered":"<p>Como enfermedad de alzheimer es la forma m\u00e1s com\u00fan de demencia (que afecta aproximadamente a 6,7 \u200b\u200bmillones de estadounidenses), no es sorprendente que las personas que experimentan p\u00e9rdida de memoria puedan sospechar de EA. De hecho, existe otro trastorno cognitivo com\u00fan con s\u00edntomas muy similares, llamado encefalopat\u00eda TDP-43 relacionada con la edad con predominio l\u00edmbico &hellip;<\/p>\n","protected":false},"author":1,"featured_media":11689,"comment_status":"open","ping_status":"open","sticky":false,"template":"","format":"standard","meta":{"fifu_image_url":"https:\/\/a57.foxnews.com\/static.foxnews.com\/foxnews.com\/content\/uploads\/2023\/05\/1200\/675\/brain-neurons.jpg?ve=1&tl=1","fifu_image_alt":"","footnotes":""},"categories":[8],"tags":[],"class_list":["post-11687","post","type-post","status-publish","format-standard","has-post-thumbnail","","category-salud"],"_links":{"self":[{"href":"https:\/\/noticiasveraces.com\/index.php?rest_route=\/wp\/v2\/posts\/11687","targetHints":{"allow":["GET"]}}],"collection":[{"href":"https:\/\/noticiasveraces.com\/index.php?rest_route=\/wp\/v2\/posts"}],"about":[{"href":"https:\/\/noticiasveraces.com\/index.php?rest_route=\/wp\/v2\/types\/post"}],"author":[{"embeddable":true,"href":"https:\/\/noticiasveraces.com\/index.php?rest_route=\/wp\/v2\/users\/1"}],"replies":[{"embeddable":true,"href":"https:\/\/noticiasveraces.com\/index.php?rest_route=%2Fwp%2Fv2%2Fcomments&post=11687"}],"version-history":[{"count":0,"href":"https:\/\/noticiasveraces.com\/index.php?rest_route=\/wp\/v2\/posts\/11687\/revisions"}],"wp:featuredmedia":[{"embeddable":true,"href":"https:\/\/noticiasveraces.com\/index.php?rest_route=\/wp\/v2\/media\/11689"}],"wp:attachment":[{"href":"https:\/\/noticiasveraces.com\/index.php?rest_route=%2Fwp%2Fv2%2Fmedia&parent=11687"}],"wp:term":[{"taxonomy":"category","embeddable":true,"href":"https:\/\/noticiasveraces.com\/index.php?rest_route=%2Fwp%2Fv2%2Fcategories&post=11687"},{"taxonomy":"post_tag","embeddable":true,"href":"https:\/\/noticiasveraces.com\/index.php?rest_route=%2Fwp%2Fv2%2Ftags&post=11687"}],"curies":[{"name":"wp","href":"https:\/\/api.w.org\/{rel}","templated":true}]}}