{"id":11669,"date":"2025-01-23T18:45:12","date_gmt":"2025-01-23T22:45:12","guid":{"rendered":"https:\/\/noticiasveraces.com\/?p=11669"},"modified":"2025-01-23T18:45:12","modified_gmt":"2025-01-23T22:45:12","slug":"es-un-problema-de-concentracion-sacrificio-y-compromiso","status":"publish","type":"post","link":"https:\/\/noticiasveraces.com\/?p=11669","title":{"rendered":"\u00abEs un problema de concentraci\u00f3n, sacrificio y compromiso\u00bb"},"content":{"rendered":"<p> \n<\/p>\n<div id=\"intext\">\n<p>La noche ante el Salzburgo fue la primera realmente pl\u00e1cida para este Real Madrid intermitente en Champions League. Carlo Ancelotti, sin embargo, quiso aprovechar la <b>abultada goleada al equipo austr\u00edaco (5-1)<\/b> para mandar un mensaje claro a sus futbolistas: defensa, defensa y m\u00e1s defensa. Ese fue su gran mantra en la rueda de prensa posterior al partido en el Bernab\u00e9u. Y es que el de Reggiolo sabe que, a pesar de bajos sensibles como las de Carvajal y Militao, las tareas defensivas son una cuesti\u00f3n de todo el equipo.<\/p>\n<p>Carletto revel\u00f3 un aspecto que le preocupa: \u00abEs un problema de concentraci\u00f3n, de sacrificio y de compromiso. <b>Los equipos que defienden bien, ganan<\/b>\u00ab. Es consciente Ancelotti de que sus victorias en los banquillos se han cimentado muchas veces en un bloque bajo; c\u00f3mo olvidar, por ejemplo, el partido de vuelta de cuartos de final en el Etihad la temporada pasada ante el Manchester City.<\/p>\n<blockquote class=\"blockquote \">\n<p class=\"blockquote__quote\">\u00abCon Mbapp\u00e9, Rodrygo y Bellingham nunca habr\u00e1 problema de marcar goles. Tenemos que mejorar en defensa\u00bb<\/p>\n<\/blockquote>\n<p>Y es que Ancelotti sabe que este nuevo Real Madrid, sin Kroos pero con Kylian Mbapp\u00e9 arriba, va sobrado de pegada de cara a puerta: \u00abEn ataque lo est\u00e1n haciendo bien todos y entre ellos nunca va a haber un problema de marcar goles, entre Estos jugadores. Hoy ha sido un partido m\u00e1s complicado al principio, pero al final un buen partido con goles.<b> Hay mucha creatividad y me he fijado m\u00e1s en el trabajo defensivo del equipo.<\/b> porque es la llave del \u00e9xito. Con Mbapp\u00e9, Rodrygo y Bellingham nunca habr\u00e1 problema de marcar goles. Tenemos que mejorar en defensa\u00bb, insisti\u00f3.<\/p>\n<p>\u00abA nivel ofensivo se tiene en cuenta mucha la creatividad, c\u00f3mo el jugador ve la jugada, a nivel defensivo toda la creatividad te la quitas, es estar bien posicionado, moverte y trabajar juntos teniendo el mismo pensamiento.<b> Cada uno tiene su papel, el de Mbapp\u00e9 no es el de R\u00fcdiger y cada uno tiene que cumplirlo<\/b>. Hemos mejorado mucho pero tenemos que seguir mejorando\u201d, reconoci\u00f3.<\/p>\n<h2 class=\"title-h2\">La vuelta de Alaba, necesaria<\/h2>\n<p>A todo esto, el regreso de David Alaba se antoja m\u00e1s que necesario, ya que ayudar\u00e1 a mejorar la zaga pese al ascenso de Asencio y las probaturas fallidas con Tchouam\u00e9ni de central. El austr\u00edaco aument\u00f3 a 30 minutos su participaci\u00f3n en el segundo partido tras su grave lesi\u00f3n. \u00abAlaba est\u00e1 muy cerca de jugar desde el principio. Hoy ha tenido m\u00e1s minutos, es mucho de c\u00f3mo se sienta \u00e9l para empezar un partido. Se est\u00e1 entrenando bien, est\u00e1 c\u00f3modo y no lo veo dudoso. <b>Cuando \u00e9l me diga que est\u00e1 listo, yo le voy a un metro<\/b>\u00ab, asegur\u00f3.<\/p>\n<p><i>S\u00edguenos en nuestro <b>canal de whatsapp<\/b> y no te pierdas la \u00faltima hora y toda la actualidad de antena3noticias.com<\/i><\/p>\n<div class=\"recirculation-video\" data-mod=\"a3mod_recirculation_video\">\n<div class=\"recirculation-video-wrapper\">\n<div>\n<div class=\"video-wrapper\">\n  <picture class=\"video-main-picture\"><source media=\"(min-width: 481px)\" srcset=\"https:\/\/fotografias.antena3.com\/clipping\/cmsimages02\/2025\/01\/23\/A1FF5AA3-59F3-458F-93A7-1F5E273FF3C3\/sabalenka-concede-entrevista-plena-pista-ganar-sabalenka_94.jpg?crop=4627,2603,x0,y0&amp;width=800&amp;height=450&amp;optimize=medium&amp;format=webply\" width=\"800\" height=\"450\"><source media=\"(min-width: 391px) and (max-width: 480px)\" srcset=\"https:\/\/fotografias.antena3.com\/clipping\/cmsimages02\/2025\/01\/23\/A1FF5AA3-59F3-458F-93A7-1F5E273FF3C3\/sabalenka-concede-entrevista-plena-pista-ganar-sabalenka_70.jpg?crop=4627,2603,x0,y0&amp;width=480&amp;height=270&amp;optimize=high&amp;format=webply\" width=\"480\" height=\"270\"><source media=\"(min-width: 321px) and (max-width: 390px)\" srcset=\"https:\/\/fotografias.antena3.com\/clipping\/cmsimages02\/2025\/01\/23\/A1FF5AA3-59F3-458F-93A7-1F5E273FF3C3\/sabalenka-concede-entrevista-plena-pista-ganar-sabalenka_92.jpg?crop=4627,2598,x0,y0&amp;width=390&amp;height=219&amp;optimize=high&amp;format=webply\" width=\"390\" height=\"219\"><source media=\"(max-width: 320px)\" srcset=\"https:\/\/fotografias.antena3.com\/clipping\/cmsimages02\/2025\/01\/23\/A1FF5AA3-59F3-458F-93A7-1F5E273FF3C3\/sabalenka-concede-entrevista-plena-pista-ganar-sabalenka_52.jpg?crop=4627,2603,x0,y0&amp;width=320&amp;height=180&amp;optimize=high&amp;format=webply\" width=\"320\" height=\"180\"><img decoding=\"async\" title=\"Sabalenka concede una entrevista en plena pista tras ganar a Sabalenka\" alt=\"Sabalenka concede una entrevista en plena pista tras ganar a Sabalenka\" width=\"480\" height=\"270\" src=\"https:\/\/fotografias.antena3.com\/clipping\/cmsimages02\/2025\/01\/23\/A1FF5AA3-59F3-458F-93A7-1F5E273FF3C3\/sabalenka-concede-entrevista-plena-pista-ganar-sabalenka_70.jpg?crop=4627,2603,x0,y0&amp;width=480&amp;height=270&amp;optimize=high&amp;format=webply\" loading=\"lazy\" class=\"lazy\"\/><br \/>\n  <\/source><\/source><\/source><\/source><\/picture>\n <\/div>\n<\/div><\/div>\n<\/p><\/div>\n<\/div>\n\n","protected":false},"excerpt":{"rendered":"<p>La noche ante el Salzburgo fue la primera realmente pl\u00e1cida para este Real Madrid intermitente en Champions League. Carlo Ancelotti, sin embargo, quiso aprovechar la abultada goleada al equipo austr\u00edaco (5-1) para mandar un mensaje claro a sus futbolistas: defensa, defensa y m\u00e1s defensa. Ese fue su gran mantra en la rueda de prensa posterior &hellip;<\/p>\n","protected":false},"author":1,"featured_media":11671,"comment_status":"open","ping_status":"open","sticky":false,"template":"","format":"standard","meta":{"fifu_image_url":"https:\/\/fotografias.antena3.com\/clipping\/cmsimages01\/2025\/01\/23\/563373B5-88CB-4664-B7B1-C590604E5113\/ancelotti-banquillo-partido-salzburgo_69.jpg?crop=5140,2891,x0,y0&width=1280&height=720&optimize=low&format=jpg","fifu_image_alt":"","footnotes":""},"categories":[6],"tags":[],"class_list":["post-11669","post","type-post","status-publish","format-standard","has-post-thumbnail","","category-deportes"],"_links":{"self":[{"href":"https:\/\/noticiasveraces.com\/index.php?rest_route=\/wp\/v2\/posts\/11669","targetHints":{"allow":["GET"]}}],"collection":[{"href":"https:\/\/noticiasveraces.com\/index.php?rest_route=\/wp\/v2\/posts"}],"about":[{"href":"https:\/\/noticiasveraces.com\/index.php?rest_route=\/wp\/v2\/types\/post"}],"author":[{"embeddable":true,"href":"https:\/\/noticiasveraces.com\/index.php?rest_route=\/wp\/v2\/users\/1"}],"replies":[{"embeddable":true,"href":"https:\/\/noticiasveraces.com\/index.php?rest_route=%2Fwp%2Fv2%2Fcomments&post=11669"}],"version-history":[{"count":0,"href":"https:\/\/noticiasveraces.com\/index.php?rest_route=\/wp\/v2\/posts\/11669\/revisions"}],"wp:featuredmedia":[{"embeddable":true,"href":"https:\/\/noticiasveraces.com\/index.php?rest_route=\/wp\/v2\/media\/11671"}],"wp:attachment":[{"href":"https:\/\/noticiasveraces.com\/index.php?rest_route=%2Fwp%2Fv2%2Fmedia&parent=11669"}],"wp:term":[{"taxonomy":"category","embeddable":true,"href":"https:\/\/noticiasveraces.com\/index.php?rest_route=%2Fwp%2Fv2%2Fcategories&post=11669"},{"taxonomy":"post_tag","embeddable":true,"href":"https:\/\/noticiasveraces.com\/index.php?rest_route=%2Fwp%2Fv2%2Ftags&post=11669"}],"curies":[{"name":"wp","href":"https:\/\/api.w.org\/{rel}","templated":true}]}}