{"id":11661,"date":"2025-01-23T17:25:25","date_gmt":"2025-01-23T21:25:25","guid":{"rendered":"https:\/\/noticiasveraces.com\/?p=11661"},"modified":"2025-01-23T17:25:25","modified_gmt":"2025-01-23T21:25:25","slug":"sobreviviente-del-ataque-terrorista-de-hamas-en-el-festival-de-musica-nova-gana-un-lugar-para-representar-a-israel-en-eurovision","status":"publish","type":"post","link":"https:\/\/noticiasveraces.com\/?p=11661","title":{"rendered":"Sobreviviente del ataque terrorista de Hamas en el festival de m\u00fasica Nova gana un lugar para representar a Israel en Eurovisi\u00f3n"},"content":{"rendered":"<p> \n<\/p>\n<div>\n<div class=\"article-gating gated-overlay\">\n<div class=\"article-gating-wrapper\">\n<p>\u00danase a Fox News para acceder a este contenido<\/p>\n<p>Adem\u00e1s, acceso especial a art\u00edculos seleccionados y otro contenido premium con su cuenta, sin cargo.<\/p>\n<div class=\"article-gating-legal tablet-desktop\">Al ingresar su correo electr\u00f3nico y presionar Continuar, acepta los T\u00e9rminos de uso y la Pol\u00edtica de privacidad de Fox News, que incluye nuestro Aviso de incentivo financiero.\n    <\/div>\n<p><span>Por favor, introduce una direcci\u00f3n de correo electr\u00f3nico v\u00e1lida.<\/span><\/p>\n<footer class=\"article-gating-footer\">\u00bfTienes problemas? Haga clic aqu\u00ed.<\/footer>\n<\/div>\n<\/div>\n<p class=\"speakable\">Una sobreviviente del ataque terrorista del festival de m\u00fasica Nova por parte de Hamas el 7 de octubre de 2023, canaliz\u00f3 su viaje terap\u00e9utico a trav\u00e9s de la m\u00fasica y el jueves asegur\u00f3 el lugar para representar a Israel en el Festival de la Canci\u00f3n de Eurovisi\u00f3n en Basilea, Suiza.<\/p>\n<p class=\"speakable\">Seg\u00fan los informes, Yuval Raphael, de 24 a\u00f1os, comenz\u00f3 a cantar como una forma de afrontar el trauma que sufri\u00f3 despu\u00e9s de que ella, cuatro de sus amigos y aproximadamente otras 40 personas intentaron esconderse en un refugio antia\u00e9reo al borde de la carretera cerca del Kibbutz Re&#8217;im despu\u00e9s de que huyeron del festival en autom\u00f3vil despu\u00e9s de el ataque. <\/p>\n<p>Raphael, que se vio obligada a esconderse bajo los cuerpos de los que murieron frente a ella durante unas ocho horas antes de que llegara la ayuda, comparti\u00f3 su historia y describi\u00f3 c\u00f3mo los terroristas de Ham\u00e1s regresaron repetidamente al refugio antia\u00e9reo y abrieron fuego contra quienes se escond\u00edan en el interior. <\/p>\n<p>Finalmente, los terroristas comenzaron a arrojar granadas dentro del refugio de concreto, una historia similar a la que soportaron docenas de personas ese d\u00eda, incluido el estadounidense-israel\u00ed Hersh Goldberg-Polin.<\/p>\n<p><strong>Las FDI MATARON A UN TERRORISTA DE HAMAS DICE QUE TRABAJABA PARA LA UNRWA, CARGA LED EN LA MASACRE DEL REFUGIO BOMBA DE REIM<\/strong><\/p>\n<p>\u00abLa m\u00fasica es uno de los ingredientes m\u00e1s fuertes en mi proceso de curaci\u00f3n\u00bb, dijo durante la competencia el jueves, inform\u00f3 The Times of Israel.<\/p>\n<p>A pesar de no tener experiencia previa como cantante, Raphael consigui\u00f3 su primer puesto despu\u00e9s de cantar \u00abThe Writings on the Wall\u00bb seguido de una interpretaci\u00f3n de \u00abDancing Queen\u00bb de ABBA dedicada a \u00abtodos los \u00e1ngeles\u00bb asesinados en el ataque terrorista de octubre de 2023. El programa, \u00abRising Star\u00bb, se transmite en el canal 12 de Keshet de Israel.<\/p>\n<p>Raphael hab\u00eda atra\u00eddo previamente la atenci\u00f3n internacional no por su potente voz, sino al compartir su experiencia con el Consejo de Derechos Humanos de las Naciones Unidas en una medida que, seg\u00fan ella, no ten\u00eda motivaciones pol\u00edticas sino un intento de llamar la atenci\u00f3n sobre lo que civiles inocentes soportaron ese tr\u00e1gico d\u00eda. <\/p>\n<div class=\"image-ct inline\">\n<div class=\"m\"><picture><source media=\"(max-width: 767px)\" srcset=\"https:\/\/a57.foxnews.com\/static.foxnews.com\/foxnews.com\/content\/uploads\/2024\/10\/343\/192\/bomb-shelter.jpg?ve=1&amp;tl=1, https:\/\/a57.foxnews.com\/static.foxnews.com\/foxnews.com\/content\/uploads\/2024\/10\/686\/384\/bomb-shelter.jpg?ve=1&amp;tl=1 2x\" height=\"192\" width=\"343\"><source media=\"(min-width: 768px) and (max-width: 1023px)\" srcset=\"https:\/\/a57.foxnews.com\/static.foxnews.com\/foxnews.com\/content\/uploads\/2024\/10\/672\/378\/bomb-shelter.jpg?ve=1&amp;tl=1, https:\/\/a57.foxnews.com\/static.foxnews.com\/foxnews.com\/content\/uploads\/2024\/10\/1344\/756\/bomb-shelter.jpg?ve=1&amp;tl=1 2x\" height=\"378\" width=\"672\"><source media=\"(min-width: 1024px) and (max-width: 1279px)\" srcset=\"https:\/\/a57.foxnews.com\/static.foxnews.com\/foxnews.com\/content\/uploads\/2024\/10\/931\/523\/bomb-shelter.jpg?ve=1&amp;tl=1, https:\/\/a57.foxnews.com\/static.foxnews.com\/foxnews.com\/content\/uploads\/2024\/10\/1862\/1046\/bomb-shelter.jpg?ve=1&amp;tl=1 2x\" height=\"523\" width=\"931\"><source media=\"(min-width: 1280px)\" srcset=\"https:\/\/a57.foxnews.com\/static.foxnews.com\/foxnews.com\/content\/uploads\/2024\/10\/720\/405\/bomb-shelter.jpg?ve=1&amp;tl=1, https:\/\/a57.foxnews.com\/static.foxnews.com\/foxnews.com\/content\/uploads\/2024\/10\/1440\/810\/bomb-shelter.jpg?ve=1&amp;tl=1 2x\" height=\"405\" width=\"720\"><img loading=\"lazy\" decoding=\"async\" src=\"https:\/\/a57.foxnews.com\/static.foxnews.com\/foxnews.com\/content\/uploads\/2024\/10\/1200\/675\/bomb-shelter.jpg?ve=1&amp;tl=1\" alt=\"Israel refugio antia\u00e9reo de Ham\u00e1s\" width=\"1200\" height=\"675\"\/><\/source><\/source><\/source><\/source><\/picture><\/div>\n<div class=\"info\">\n<div class=\"caption\">\n<p><span>Se muestran im\u00e1genes en las paredes de un refugio antia\u00e9reo cerca del Kibbutz Be&#8217;eri en el sur de Israel, el 7 de abril de 2024, donde, seis meses antes, la gente busc\u00f3 refugio antes de ser asesinada durante el mortal ataque del 7 de octubre contra Israel por parte de terroristas de Hamas desde Gaza. .<\/span> <span>(Reuters\/Amir Cohen)<\/span><\/p>\n<\/div>\n<\/div>\n<\/div>\n<p><strong>EL ENVIADO DE TRUMP DICE QUE EL ALTO EL FUEGO EN GAZA PODR\u00cdA ALLAR EL CAMINO PARA UN ACUERDO DE NORMALIZACI\u00d3N EN ORIENTE MEDIO: &#8216;PUNTO DE INFLEXI\u00d3N&#8217;<\/strong><\/p>\n<div class=\"image-ct inline\">\n<div class=\"m\"><picture><source media=\"(max-width: 767px)\" srcset=\"https:\/\/a57.foxnews.com\/static.foxnews.com\/foxnews.com\/content\/uploads\/2025\/01\/343\/192\/yuval-raphael-2.jpg?ve=1&amp;tl=1, https:\/\/a57.foxnews.com\/static.foxnews.com\/foxnews.com\/content\/uploads\/2025\/01\/686\/384\/yuval-raphael-2.jpg?ve=1&amp;tl=1 2x\" height=\"192\" width=\"343\"><source media=\"(min-width: 768px) and (max-width: 1023px)\" srcset=\"https:\/\/a57.foxnews.com\/static.foxnews.com\/foxnews.com\/content\/uploads\/2025\/01\/672\/378\/yuval-raphael-2.jpg?ve=1&amp;tl=1, https:\/\/a57.foxnews.com\/static.foxnews.com\/foxnews.com\/content\/uploads\/2025\/01\/1344\/756\/yuval-raphael-2.jpg?ve=1&amp;tl=1 2x\" height=\"378\" width=\"672\"><source media=\"(min-width: 1024px) and (max-width: 1279px)\" srcset=\"https:\/\/a57.foxnews.com\/static.foxnews.com\/foxnews.com\/content\/uploads\/2025\/01\/931\/523\/yuval-raphael-2.jpg?ve=1&amp;tl=1, https:\/\/a57.foxnews.com\/static.foxnews.com\/foxnews.com\/content\/uploads\/2025\/01\/1862\/1046\/yuval-raphael-2.jpg?ve=1&amp;tl=1 2x\" height=\"523\" width=\"931\"><source media=\"(min-width: 1280px)\" srcset=\"https:\/\/a57.foxnews.com\/static.foxnews.com\/foxnews.com\/content\/uploads\/2025\/01\/720\/405\/yuval-raphael-2.jpg?ve=1&amp;tl=1, https:\/\/a57.foxnews.com\/static.foxnews.com\/foxnews.com\/content\/uploads\/2025\/01\/1440\/810\/yuval-raphael-2.jpg?ve=1&amp;tl=1 2x\" height=\"405\" width=\"720\"><img loading=\"lazy\" decoding=\"async\" src=\"https:\/\/a57.foxnews.com\/static.foxnews.com\/foxnews.com\/content\/uploads\/2025\/01\/1200\/675\/yuval-raphael-2.jpg?ve=1&amp;tl=1\" alt=\"Yuval Rafael canta \" width=\"1200\" height=\"675\"\/><\/source><\/source><\/source><\/source><\/picture><\/div>\n<div class=\"info\">\n<div class=\"caption\">\n<p><span>Yuval Raphael, de 24 a\u00f1os, gan\u00f3 el puesto para representar a Israel en el concurso de m\u00fasica de Eurovisi\u00f3n el 23 de enero de 2023, despu\u00e9s de no tener experiencia previa en canto.<\/span> <span>(Ortal Dahan Ziv)<\/span><\/p>\n<\/div>\n<\/div>\n<\/div>\n<p>\u00abQuiero contarles la historia del pa\u00eds, de lo que pas\u00e9 yo y de lo que pasaron otros\u00bb, habr\u00eda dicho antes de la final. \u00abQuiero contar la historia, pero no desde un punto de vista de buscar l\u00e1stima. Quiero que sea desde un punto de vista firme frente a esto y frente a los abucheos que estoy 100% seguro que vendr\u00e1n del multitud.\u00bb<\/p>\n<p>Los comentarios de Raphael se refer\u00edan al rechazo que ella y otros israel\u00edes han enfrentado durante las competiciones internacionales, incluso en 2024, tras el ataque terrorista y las posteriores operaciones de las Fuerzas de Defensa de Israel (FDI) en Gaza.<\/p>\n<div class=\"image-ct inline\">\n<div class=\"m\"><picture><source media=\"(max-width: 767px)\" srcset=\"https:\/\/a57.foxnews.com\/static.foxnews.com\/foxnews.com\/content\/uploads\/2025\/01\/343\/192\/yuval-raphael.jpg?ve=1&amp;tl=1, https:\/\/a57.foxnews.com\/static.foxnews.com\/foxnews.com\/content\/uploads\/2025\/01\/686\/384\/yuval-raphael.jpg?ve=1&amp;tl=1 2x\" height=\"192\" width=\"343\"><source media=\"(min-width: 768px) and (max-width: 1023px)\" srcset=\"https:\/\/a57.foxnews.com\/static.foxnews.com\/foxnews.com\/content\/uploads\/2025\/01\/672\/378\/yuval-raphael.jpg?ve=1&amp;tl=1, https:\/\/a57.foxnews.com\/static.foxnews.com\/foxnews.com\/content\/uploads\/2025\/01\/1344\/756\/yuval-raphael.jpg?ve=1&amp;tl=1 2x\" height=\"378\" width=\"672\"><source media=\"(min-width: 1024px) and (max-width: 1279px)\" srcset=\"https:\/\/a57.foxnews.com\/static.foxnews.com\/foxnews.com\/content\/uploads\/2025\/01\/931\/523\/yuval-raphael.jpg?ve=1&amp;tl=1, https:\/\/a57.foxnews.com\/static.foxnews.com\/foxnews.com\/content\/uploads\/2025\/01\/1862\/1046\/yuval-raphael.jpg?ve=1&amp;tl=1 2x\" height=\"523\" width=\"931\"><source media=\"(min-width: 1280px)\" srcset=\"https:\/\/a57.foxnews.com\/static.foxnews.com\/foxnews.com\/content\/uploads\/2025\/01\/720\/405\/yuval-raphael.jpg?ve=1&amp;tl=1, https:\/\/a57.foxnews.com\/static.foxnews.com\/foxnews.com\/content\/uploads\/2025\/01\/1440\/810\/yuval-raphael.jpg?ve=1&amp;tl=1 2x\" height=\"405\" width=\"720\"><img loading=\"lazy\" decoding=\"async\" src=\"https:\/\/a57.foxnews.com\/static.foxnews.com\/foxnews.com\/content\/uploads\/2025\/01\/1200\/675\/yuval-raphael.jpg?ve=1&amp;tl=1\" alt=\"Competidores de Eurovisi\u00f3n\" width=\"1200\" height=\"675\"\/><\/source><\/source><\/source><\/source><\/picture><\/div>\n<div class=\"info\">\n<div class=\"caption\">\n<p><span>Yuval Raphael, de 24 a\u00f1os, gan\u00f3 el puesto para representar a Israel en el concurso de m\u00fasica de Eurovisi\u00f3n el 23 de enero de 2023, a pesar de no tener experiencia previa en canto.<\/span> <span>(Ortal Dahan Ziv)<\/span><\/p>\n<\/div>\n<\/div>\n<\/div>\n<p> <strong>HAGA CLIC AQU\u00cd PARA OBTENER LA APLICACI\u00d3N FOX NEWS<\/strong><\/p>\n<p>Israel ha enfrentado llamados para ser excluido de la competencia internacional, pero la Uni\u00f3n Europea de Radiodifusi\u00f3n ha rechazado la iniciativa, afirmando que Eurovisi\u00f3n es un evento musical apol\u00edtico. El concursante israel\u00ed de 2024, Eden Golan, se enfrent\u00f3 a protestas antiisrael\u00edes y se le tuvo que conceder un destacamento de seguridad del Shin Bet.<\/p>\n<p>A Golan tambi\u00e9n se le pidi\u00f3 que cambiara el nombre de su canci\u00f3n, \u00abOctober Rain\u00bb, a \u00abHurricane\u00bb porque los funcionarios del evento cre\u00edan que era demasiado pol\u00edtico, inform\u00f3 The Times of Israel.<\/p>\n<\/div>\n<p><script async src=\"\/\/www.instagram.com\/embed.js\"><\/script><br \/>\n<br \/>\n","protected":false},"excerpt":{"rendered":"<p>\u00danase a Fox News para acceder a este contenido Adem\u00e1s, acceso especial a art\u00edculos seleccionados y otro contenido premium con su cuenta, sin cargo. Al ingresar su correo electr\u00f3nico y presionar Continuar, acepta los T\u00e9rminos de uso y la Pol\u00edtica de privacidad de Fox News, que incluye nuestro Aviso de incentivo financiero. Por favor, introduce &hellip;<\/p>\n","protected":false},"author":1,"featured_media":11663,"comment_status":"open","ping_status":"open","sticky":false,"template":"","format":"standard","meta":{"fifu_image_url":"https:\/\/static.foxnews.com\/foxnews.com\/content\/uploads\/2025\/01\/yuval-raphael-2.jpg","fifu_image_alt":"","footnotes":""},"categories":[13],"tags":[],"class_list":["post-11661","post","type-post","status-publish","format-standard","has-post-thumbnail","","category-mundo"],"_links":{"self":[{"href":"https:\/\/noticiasveraces.com\/index.php?rest_route=\/wp\/v2\/posts\/11661","targetHints":{"allow":["GET"]}}],"collection":[{"href":"https:\/\/noticiasveraces.com\/index.php?rest_route=\/wp\/v2\/posts"}],"about":[{"href":"https:\/\/noticiasveraces.com\/index.php?rest_route=\/wp\/v2\/types\/post"}],"author":[{"embeddable":true,"href":"https:\/\/noticiasveraces.com\/index.php?rest_route=\/wp\/v2\/users\/1"}],"replies":[{"embeddable":true,"href":"https:\/\/noticiasveraces.com\/index.php?rest_route=%2Fwp%2Fv2%2Fcomments&post=11661"}],"version-history":[{"count":0,"href":"https:\/\/noticiasveraces.com\/index.php?rest_route=\/wp\/v2\/posts\/11661\/revisions"}],"wp:featuredmedia":[{"embeddable":true,"href":"https:\/\/noticiasveraces.com\/index.php?rest_route=\/wp\/v2\/media\/11663"}],"wp:attachment":[{"href":"https:\/\/noticiasveraces.com\/index.php?rest_route=%2Fwp%2Fv2%2Fmedia&parent=11661"}],"wp:term":[{"taxonomy":"category","embeddable":true,"href":"https:\/\/noticiasveraces.com\/index.php?rest_route=%2Fwp%2Fv2%2Fcategories&post=11661"},{"taxonomy":"post_tag","embeddable":true,"href":"https:\/\/noticiasveraces.com\/index.php?rest_route=%2Fwp%2Fv2%2Ftags&post=11661"}],"curies":[{"name":"wp","href":"https:\/\/api.w.org\/{rel}","templated":true}]}}