{"id":11633,"date":"2025-01-23T13:50:32","date_gmt":"2025-01-23T17:50:32","guid":{"rendered":"https:\/\/noticiasveraces.com\/?p=11633"},"modified":"2025-01-23T13:50:32","modified_gmt":"2025-01-23T17:50:32","slug":"benjamin-netanyahu-sale-en-defensa-de-elon-musk-falsamente-difamado","status":"publish","type":"post","link":"https:\/\/noticiasveraces.com\/?p=11633","title":{"rendered":"Benjamin Netanyahu sale en defensa de Elon Musk: &#8216;falsamente difamado&#8217;"},"content":{"rendered":"<p> \n<\/p>\n<div>\n<p class=\"speakable\">El primer ministro israel\u00ed, Benjamin Netanyahu, defendi\u00f3 a Elon Musk despu\u00e9s de que los medios de comunicaci\u00f3n describieran un gesto que el director ejecutivo de Tesla hizo en el mitin de toma de posesi\u00f3n del presidente Donald Trump el lunes como un saludo nazi.<\/p>\n<p class=\"speakable\">Netanyahu recurri\u00f3 a X el jueves para publicar que Musk est\u00e1 \u00absiendo difamado falsamente\u00bb.<\/p>\n<p>\u00abElon es un gran amigo de Israel\u00bb, dijo el primer ministro. \u00abVisit\u00f3 Israel despu\u00e9s de la masacre del 7 de octubre en la que los terroristas de Hamas cometieron la peor atrocidad contra el pueblo jud\u00edo desde el Holocausto. Desde entonces, ha apoyado repetida y en\u00e9rgicamente el derecho de Israel a defenderse contra los terroristas y reg\u00edmenes genocidas que buscan aniquilar al \u00fanico e incomparable Estado jud\u00edo.\u00bb <\/p>\n<p>Netanyahu continu\u00f3 agradeciendo a Musk por su apoyo.<\/p>\n<p><strong>LOS MEDIOS DE MEDIO ACUSAN A ELON MUSK DE DAR UN &#8216;SALUDO FASCISTA&#8217; EN EL RALLY DE INAUGURACI\u00d3N DE TRUMP<\/strong><\/p>\n<p>Musk hizo el gesto en cuesti\u00f3n mientras hablaba ante una multitud de fieles de MAGA en el Capital One Arena en Washington, DC.<\/p>\n<div class=\"image-ct inline\">\n<div class=\"m\"><picture><source media=\"(max-width: 767px)\" srcset=\"https:\/\/a57.foxnews.com\/static.foxnews.com\/foxnews.com\/content\/uploads\/2025\/01\/343\/192\/musk-inauguration.jpg?ve=1&amp;tl=1, https:\/\/a57.foxnews.com\/static.foxnews.com\/foxnews.com\/content\/uploads\/2025\/01\/686\/384\/musk-inauguration.jpg?ve=1&amp;tl=1 2x\" height=\"192\" width=\"343\"><source media=\"(min-width: 768px) and (max-width: 1023px)\" srcset=\"https:\/\/a57.foxnews.com\/static.foxnews.com\/foxnews.com\/content\/uploads\/2025\/01\/672\/378\/musk-inauguration.jpg?ve=1&amp;tl=1, https:\/\/a57.foxnews.com\/static.foxnews.com\/foxnews.com\/content\/uploads\/2025\/01\/1344\/756\/musk-inauguration.jpg?ve=1&amp;tl=1 2x\" height=\"378\" width=\"672\"><source media=\"(min-width: 1024px) and (max-width: 1279px)\" srcset=\"https:\/\/a57.foxnews.com\/static.foxnews.com\/foxnews.com\/content\/uploads\/2025\/01\/931\/523\/musk-inauguration.jpg?ve=1&amp;tl=1, https:\/\/a57.foxnews.com\/static.foxnews.com\/foxnews.com\/content\/uploads\/2025\/01\/1862\/1046\/musk-inauguration.jpg?ve=1&amp;tl=1 2x\" height=\"523\" width=\"931\"><source media=\"(min-width: 1280px)\" srcset=\"https:\/\/a57.foxnews.com\/static.foxnews.com\/foxnews.com\/content\/uploads\/2025\/01\/720\/405\/musk-inauguration.jpg?ve=1&amp;tl=1, https:\/\/a57.foxnews.com\/static.foxnews.com\/foxnews.com\/content\/uploads\/2025\/01\/1440\/810\/musk-inauguration.jpg?ve=1&amp;tl=1 2x\" height=\"405\" width=\"720\"><img loading=\"lazy\" decoding=\"async\" src=\"https:\/\/a57.foxnews.com\/static.foxnews.com\/foxnews.com\/content\/uploads\/2025\/01\/1200\/675\/musk-inauguration.jpg?ve=1&amp;tl=1\" alt=\"Elon Musk\" width=\"1200\" height=\"675\"\/><\/source><\/source><\/source><\/source><\/picture><\/div>\n<div class=\"info\">\n<div class=\"caption\">\n<p><span>Elon Musk llega para hablar en un desfile de inauguraci\u00f3n presidencial bajo techo en Washington el lunes 20 de enero de 2025.<\/span> <span>(Foto AP\/Matt Rourke)<\/span><\/p>\n<\/div>\n<\/div>\n<\/div>\n<p>\u00ab\u00a1As\u00ed es como se siente la victoria! Y esta no fue una victoria cualquiera, fue una bifurcaci\u00f3n en el camino para la civilizaci\u00f3n humana&#8230; S\u00f3lo quiero decirte gracias por hacer que esto suceda, gracias. De mi coraz\u00f3n al tuyo\u00bb, dijo entusiasmado. Dijo Musk mientras colocaba su mano sobre su propio coraz\u00f3n y se acercaba a la multitud.<\/p>\n<p>PBS News Hour public\u00f3 una publicaci\u00f3n en X que dec\u00eda que el CEO de Tesla \u00abhizo lo que parec\u00eda ser un saludo fascista\u00bb, mientras que la publicaci\u00f3n de Jerusal\u00e9n escribi\u00f3: \u00abEl multimillonario estadounidense Elon Musk pareci\u00f3 hacer un saludo Heil Hitler en el desfile de Trump en Washington DC el Lunes, despu\u00e9s de la toma de posesi\u00f3n de Trump.\u00bb<\/p>\n<p>La presentadora de CNN Erin Burnett reprodujo el clip del gesto y lo calific\u00f3 como un \u00absaludo extra\u00f1o\u00bb.<\/p>\n<p><strong>ELON MUSK SE UNE A TRUMP EN EL RALLY DE DC: &#8216;ESPERANDO HACER MUCHOS CAMBIOS&#8217;<\/strong><\/p>\n<p>Musk abord\u00f3 la controversia el mi\u00e9rcoles en X, su propiedad, y escribi\u00f3: \u00abLos izquierdistas radicales est\u00e1n realmente molestos porque tuvieron que tomarse un tiempo de su ajetreado d\u00eda elogiando a Ham\u00e1s para llamarme nazi\u00bb.<\/p>\n<p>El jueves, Musk se burl\u00f3 de los informes en otra publicaci\u00f3n en X.<\/p>\n<p>\u00ab\u00a1No digas Hess a las acusaciones nazis! \u00a1Algunas personas critican a Goebbels! \u00a1Deja de insultar a tus enemigos! \u00a1Sus pronombres habr\u00edan sido \u00c9l\/Himmler! Apuesto a que lo hiciste nazi\u00bb, escribi\u00f3 Musk, agregando un emoji de risa y llanto.<\/p>\n<p>La Liga Antidifamaci\u00f3n tambi\u00e9n defendi\u00f3 a Musk en un comunicado diciendo que el multimillonario tecnol\u00f3gico hab\u00eda hecho un \u00abgesto inc\u00f3modo en un momento de entusiasmo, no un saludo nazi\u00bb.<\/p>\n<p><strong><u>HAGA CLIC PARA OBTENER LA APLICACI\u00d3N FOX NEWS<\/u><\/strong><\/p>\n<p>\u00abEn este momento, todas las partes deber\u00edan darse un poco de gracia, tal vez incluso el beneficio de la duda y tomar un respiro\u00bb, dec\u00eda el comunicado. <\/p>\n<p><i>David Spector de Fox News Digital contribuy\u00f3 a este informe.<\/i><\/p>\n<p> <!----> <\/div>\n\n","protected":false},"excerpt":{"rendered":"<p>El primer ministro israel\u00ed, Benjamin Netanyahu, defendi\u00f3 a Elon Musk despu\u00e9s de que los medios de comunicaci\u00f3n describieran un gesto que el director ejecutivo de Tesla hizo en el mitin de toma de posesi\u00f3n del presidente Donald Trump el lunes como un saludo nazi. Netanyahu recurri\u00f3 a X el jueves para publicar que Musk est\u00e1 &hellip;<\/p>\n","protected":false},"author":1,"featured_media":11635,"comment_status":"open","ping_status":"open","sticky":false,"template":"","format":"standard","meta":{"fifu_image_url":"https:\/\/static.foxnews.com\/foxnews.com\/content\/uploads\/2025\/01\/musk-inauguration.jpg","fifu_image_alt":"","footnotes":""},"categories":[13],"tags":[],"class_list":["post-11633","post","type-post","status-publish","format-standard","has-post-thumbnail","","category-mundo"],"_links":{"self":[{"href":"https:\/\/noticiasveraces.com\/index.php?rest_route=\/wp\/v2\/posts\/11633","targetHints":{"allow":["GET"]}}],"collection":[{"href":"https:\/\/noticiasveraces.com\/index.php?rest_route=\/wp\/v2\/posts"}],"about":[{"href":"https:\/\/noticiasveraces.com\/index.php?rest_route=\/wp\/v2\/types\/post"}],"author":[{"embeddable":true,"href":"https:\/\/noticiasveraces.com\/index.php?rest_route=\/wp\/v2\/users\/1"}],"replies":[{"embeddable":true,"href":"https:\/\/noticiasveraces.com\/index.php?rest_route=%2Fwp%2Fv2%2Fcomments&post=11633"}],"version-history":[{"count":0,"href":"https:\/\/noticiasveraces.com\/index.php?rest_route=\/wp\/v2\/posts\/11633\/revisions"}],"wp:featuredmedia":[{"embeddable":true,"href":"https:\/\/noticiasveraces.com\/index.php?rest_route=\/wp\/v2\/media\/11635"}],"wp:attachment":[{"href":"https:\/\/noticiasveraces.com\/index.php?rest_route=%2Fwp%2Fv2%2Fmedia&parent=11633"}],"wp:term":[{"taxonomy":"category","embeddable":true,"href":"https:\/\/noticiasveraces.com\/index.php?rest_route=%2Fwp%2Fv2%2Fcategories&post=11633"},{"taxonomy":"post_tag","embeddable":true,"href":"https:\/\/noticiasveraces.com\/index.php?rest_route=%2Fwp%2Fv2%2Ftags&post=11633"}],"curies":[{"name":"wp","href":"https:\/\/api.w.org\/{rel}","templated":true}]}}