{"id":11631,"date":"2025-01-23T12:49:40","date_gmt":"2025-01-23T16:49:40","guid":{"rendered":"https:\/\/noticiasveraces.com\/?p=11631"},"modified":"2025-01-23T12:49:40","modified_gmt":"2025-01-23T16:49:40","slug":"merz-quiere-prohibir-el-ingreso-de-indocumentados-dw-23-01-2025","status":"publish","type":"post","link":"https:\/\/noticiasveraces.com\/?p=11631","title":{"rendered":"Merz quiere prohibir el ingreso de indocumentados \u2013 DW \u2013 23\/01\/2025"},"content":{"rendered":"<p> \n<\/p>\n<div>\n<p>El l\u00edder de la Uni\u00f3n Cristianodem\u00f3crata (CDU) y candidato a la canciller\u00eda en los comicios anticipados del pr\u00f3ximo 23 de febrero, Friedrich Merz, prometi\u00f3 este jueves (23.01.2025) una \u00abprohibici\u00f3n de facto\u00bb a la entrada de migrantes irregulares a Alemania como una de las primeras medidas de su legislatura en caso de encabezar el futuro gobierno.<\/p>\n<p>\u00abHabr\u00e1 una prohibici\u00f3n de facto a la entrada a Alemania para todos aquellos que no dispongan de documentos de entrada v\u00e1lidos o hagan uso de la libertad de circulaci\u00f3n europea\u00bb, afirm\u00f3 en una comparecencia ante la prensa, y agreg\u00f3 que esta medida tambi\u00e9n se aplica expl\u00edcitamente a las personas con derecho a solicitar protecci\u00f3n internacional.<\/p>\n<p>Merz, que hizo estas declaraciones un d\u00eda despu\u00e9s de que un ciudadano afgano con problemas psiqui\u00e1tricos matase a cuchilladas a un hombre y un ni\u00f1o de dos a\u00f1os en un parque en el sur de Alemania, se\u00f1al\u00f3 que, de ser el pr\u00f3ximo canciller, en su primer d\u00eda en el cargo dar\u00e1n las instrucciones pertinentes al Ministerio del Interior para que \u00abcontrole de manera permanente las fronteras alemanas con todos los pa\u00edses vecinos y rechace sin excepci\u00f3n todos los intentos de entrada ilegal en el pa\u00eds\u00bb.<\/p>\n<p>Calific\u00f3 de \u00abmanifiestamente disfuncionales\u00bb las normas europeas, al referirse al mecanismo de Dubl\u00edn, el espacio Schengen y la base de datos Eurodac, y se\u00f1al\u00f3 que, por ello, Alemania debe hacer uso de su derecho a dar prioridad a las leyes nacionales.<\/p>\n<p>El l\u00edder conservador indic\u00f3 que \u00e9ste ser\u00e1 el primero de un cat\u00e1logo de cinco puntos para soportar la pol\u00edtica migratoria, sobre el cual no est\u00e1 dispuesto a transigir, y seg\u00fan el que la polic\u00eda tendr\u00e1 derecho a solicitar \u00f3rdenes de detenci\u00f3n, para lo que Merz tiene previsto. Presentar una moci\u00f3n en este sentido en el Bundestag, la c\u00e1mara baja, la pr\u00f3xima semana.<\/p>\n<p>ct (efe, ntv)<\/p>\n<\/div>\n\n","protected":false},"excerpt":{"rendered":"<p>El l\u00edder de la Uni\u00f3n Cristianodem\u00f3crata (CDU) y candidato a la canciller\u00eda en los comicios anticipados del pr\u00f3ximo 23 de febrero, Friedrich Merz, prometi\u00f3 este jueves (23.01.2025) una \u00abprohibici\u00f3n de facto\u00bb a la entrada de migrantes irregulares a Alemania como una de las primeras medidas de su legislatura en caso de encabezar el futuro gobierno. &hellip;<\/p>\n","protected":false},"author":1,"featured_media":11632,"comment_status":"open","ping_status":"open","sticky":false,"template":"","format":"standard","meta":{"fifu_image_url":"https:\/\/static.dw.com\/image\/71383708_6.jpg","fifu_image_alt":"","footnotes":""},"categories":[13],"tags":[],"class_list":["post-11631","post","type-post","status-publish","format-standard","has-post-thumbnail","","category-mundo"],"_links":{"self":[{"href":"https:\/\/noticiasveraces.com\/index.php?rest_route=\/wp\/v2\/posts\/11631","targetHints":{"allow":["GET"]}}],"collection":[{"href":"https:\/\/noticiasveraces.com\/index.php?rest_route=\/wp\/v2\/posts"}],"about":[{"href":"https:\/\/noticiasveraces.com\/index.php?rest_route=\/wp\/v2\/types\/post"}],"author":[{"embeddable":true,"href":"https:\/\/noticiasveraces.com\/index.php?rest_route=\/wp\/v2\/users\/1"}],"replies":[{"embeddable":true,"href":"https:\/\/noticiasveraces.com\/index.php?rest_route=%2Fwp%2Fv2%2Fcomments&post=11631"}],"version-history":[{"count":0,"href":"https:\/\/noticiasveraces.com\/index.php?rest_route=\/wp\/v2\/posts\/11631\/revisions"}],"wp:featuredmedia":[{"embeddable":true,"href":"https:\/\/noticiasveraces.com\/index.php?rest_route=\/wp\/v2\/media\/11632"}],"wp:attachment":[{"href":"https:\/\/noticiasveraces.com\/index.php?rest_route=%2Fwp%2Fv2%2Fmedia&parent=11631"}],"wp:term":[{"taxonomy":"category","embeddable":true,"href":"https:\/\/noticiasveraces.com\/index.php?rest_route=%2Fwp%2Fv2%2Fcategories&post=11631"},{"taxonomy":"post_tag","embeddable":true,"href":"https:\/\/noticiasveraces.com\/index.php?rest_route=%2Fwp%2Fv2%2Ftags&post=11631"}],"curies":[{"name":"wp","href":"https:\/\/api.w.org\/{rel}","templated":true}]}}