{"id":11615,"date":"2025-01-23T09:40:32","date_gmt":"2025-01-23T13:40:32","guid":{"rendered":"https:\/\/noticiasveraces.com\/?p=11615"},"modified":"2025-01-23T09:40:32","modified_gmt":"2025-01-23T13:40:32","slug":"toda-alemania-asume-responsabilidad-por-el-holocausto-dw-23-01-2025","status":"publish","type":"post","link":"https:\/\/noticiasveraces.com\/?p=11615","title":{"rendered":"toda Alemania asume responsabilidad por el Holocausto \u2013 DW \u2013 23\/01\/2025"},"content":{"rendered":"<p> \n<\/p>\n<div>\n<p>Todos en Alemania llevan sobre sus hombros la responsabilidad permanente provocada por el crimen civilizatorio del Holocausto, afirm\u00f3 el canciller alem\u00e1n, Olaf Scholz, en un discurso con ocasi\u00f3n del 80\u00ba aniversario de la liberaci\u00f3n de Auschwitz el pr\u00f3ximo 27 de enero.<\/p>\n<p>\u00abNo debemos aceptar ni aceptaremos ninguna relativizaci\u00f3n. Y tambi\u00e9n recordaremos a cada nueva generaci\u00f3n su responsabilidad permanente. Una responsabilidad que llevan todos y todas en nuestro pa\u00eds, sin importar su historia familiar, su religi\u00f3n o el lugar de nacimiento de sus padres y abuelos\u00bb , dijo Scholz en un acto en Berl\u00edn de la Comisi\u00f3n Internacional de Auschwitz.<\/p>\n<h2>No ceder ante el populismo y el nacionalismo radical<\/h2>\n<p>El car\u00e1cter \u00ab\u00fanico\u00bb del Holocausto debe ser transmitido a trav\u00e9s de datos y hechos, as\u00ed como a trav\u00e9s de los millones de destinos individuales que lo conforman, para evitar que los j\u00f3venes lo consideren un \u00abpasado difuso\u00bb; una tarea que corresponde a escuelas, universidades, centros de formaci\u00f3n, cursos de integraci\u00f3n de extranjeros y tambi\u00e9n a la vida diaria, se\u00f1al\u00f3.<\/p>\n<p>El canciller tambi\u00e9n inst\u00f3 a no ceder \u00abni un mil\u00edmetro\u00bb ante el auge actual del populismo y del nacionalismo radical, as\u00ed como ante los intentos \u00abcada vez m\u00e1s desvergonzados\u00bb de \u00abnormalizar posiciones de extrema derecha\u00bb.<\/p>\n<p>Ante estos, es preciso ponerse en pie y defenderse, con el fin de proteger la dignidad humana, destac\u00f3 el pol\u00edtico socialdem\u00f3crata, que advirti\u00f3 de los peligros de la \u00abindiferencia\u00bb y record\u00f3 como muchos ciudadanos alemanes observaron durante el nazismo, sin intervenir, como sus vecinos eran deportados y asesinados.<\/p>\n<p><span data-slot-id=\"Article_InContent-1\" class=\"rich-text-ad\"\/><\/p>\n<h2>Luchar contra el antisemitismo<\/h2>\n<p>Scholz afirm\u00f3 que por ello es \u00abindignante\u00bb que en la Alemania democr\u00e1tica de hoy siga habiendo casos en los que los jud\u00edos se ven \u00abmarginados\u00bb y llamaron a luchar contra el antisemitismo, sin importar si \u00e9ste viene de la izquierda o de la derecha, o si es aut\u00f3ctono o importado.<\/p>\n<p>\u00abQuien apoya al terrorismo, quien incita al odio antisemita, debe contar con medidas penales, con la prohibici\u00f3n de asociaciones, con consecuencias para el permiso de residencia\u00bb, afirm\u00f3, aludiendo a las acciones de las autoridades contra diversas organizaciones y activistas propalestinos. Gracias a las nuevas reformas legales, alguien que ostente una mentalidad antisemita nunca podr\u00e1 optar por la nacionalidad alemana, remach\u00f3 Scholz.<\/p>\n<h2>Contra los delitos de odio<\/h2>\n<p>Finalmente, el canciller alert\u00f3 del aumento de los delitos de odio, no solo antisemitas, sino con raz\u00f3n de la fe, de las convicciones pol\u00edticas, de la identidad sexual o del color de la piel de los residentes en Alemania, entre otros motivos.<\/p>\n<p>En particular en la red, estos delitos se ven amplificados mil veces, \u00aba trav\u00e9s de algoritmos, c\u00e1maras de eco, ya trav\u00e9s de la influencia directa de individuos poderosos con puntos de vista extremistas\u00bb, dijo, en aparente alusi\u00f3n al apoyo de Elon Musk. , due\u00f1o de X, a la ultraderecha alemana.<\/p>\n<p>\u00abNuestra responsabilidad, 80 a\u00f1os m\u00e1s tarde, es tambi\u00e9n oponernos a este odio. Es tarea del Estado, pero tambi\u00e9n es una tarea de los ciudadanos\u00bb, apel\u00f3 Scholz.<\/p>\n<p>rml (efe, afp, reuters)<\/p>\n<\/div>\n\n","protected":false},"excerpt":{"rendered":"<p>Todos en Alemania llevan sobre sus hombros la responsabilidad permanente provocada por el crimen civilizatorio del Holocausto, afirm\u00f3 el canciller alem\u00e1n, Olaf Scholz, en un discurso con ocasi\u00f3n del 80\u00ba aniversario de la liberaci\u00f3n de Auschwitz el pr\u00f3ximo 27 de enero. \u00abNo debemos aceptar ni aceptaremos ninguna relativizaci\u00f3n. Y tambi\u00e9n recordaremos a cada nueva generaci\u00f3n &hellip;<\/p>\n","protected":false},"author":1,"featured_media":11616,"comment_status":"open","ping_status":"open","sticky":false,"template":"","format":"standard","meta":{"fifu_image_url":"https:\/\/static.dw.com\/image\/71385185_6.jpg","fifu_image_alt":"","footnotes":""},"categories":[13],"tags":[],"class_list":["post-11615","post","type-post","status-publish","format-standard","has-post-thumbnail","","category-mundo"],"_links":{"self":[{"href":"https:\/\/noticiasveraces.com\/index.php?rest_route=\/wp\/v2\/posts\/11615","targetHints":{"allow":["GET"]}}],"collection":[{"href":"https:\/\/noticiasveraces.com\/index.php?rest_route=\/wp\/v2\/posts"}],"about":[{"href":"https:\/\/noticiasveraces.com\/index.php?rest_route=\/wp\/v2\/types\/post"}],"author":[{"embeddable":true,"href":"https:\/\/noticiasveraces.com\/index.php?rest_route=\/wp\/v2\/users\/1"}],"replies":[{"embeddable":true,"href":"https:\/\/noticiasveraces.com\/index.php?rest_route=%2Fwp%2Fv2%2Fcomments&post=11615"}],"version-history":[{"count":0,"href":"https:\/\/noticiasveraces.com\/index.php?rest_route=\/wp\/v2\/posts\/11615\/revisions"}],"wp:featuredmedia":[{"embeddable":true,"href":"https:\/\/noticiasveraces.com\/index.php?rest_route=\/wp\/v2\/media\/11616"}],"wp:attachment":[{"href":"https:\/\/noticiasveraces.com\/index.php?rest_route=%2Fwp%2Fv2%2Fmedia&parent=11615"}],"wp:term":[{"taxonomy":"category","embeddable":true,"href":"https:\/\/noticiasveraces.com\/index.php?rest_route=%2Fwp%2Fv2%2Fcategories&post=11615"},{"taxonomy":"post_tag","embeddable":true,"href":"https:\/\/noticiasveraces.com\/index.php?rest_route=%2Fwp%2Fv2%2Ftags&post=11615"}],"curies":[{"name":"wp","href":"https:\/\/api.w.org\/{rel}","templated":true}]}}