{"id":11575,"date":"2025-01-23T03:15:14","date_gmt":"2025-01-23T07:15:14","guid":{"rendered":"https:\/\/noticiasveraces.com\/?p=11575"},"modified":"2025-01-23T03:15:14","modified_gmt":"2025-01-23T07:15:14","slug":"rubio-priorizara-frenar-la-migracion-en-america-latina-dw-23-01-2025","status":"publish","type":"post","link":"https:\/\/noticiasveraces.com\/?p=11575","title":{"rendered":"Rubio priorizar\u00e1 \u00abfrenar la migraci\u00f3n\u00bb en Am\u00e9rica Latina \u2013 DW \u2013 23\/01\/2025"},"content":{"rendered":"<p> \n<\/p>\n<div>\n<p>El nuevo jefe de la diplomacia estadounidense, Marco Rubio, prometi\u00f3 este mi\u00e9rcoles (22.01.2025) una \u00abpol\u00edtica exterior pragm\u00e1tica\u00bb que en el caso de Am\u00e9rica Latina se centrar\u00e1 en \u00abfrenar la migraci\u00f3n masiva\u00bb y \u00abgarantizar la seguridad de las fronteras\u00bb .<\/p>\n<p>Para construir un departamento de Estado \u00abm\u00e1s innovador, \u00e1gil y centrado\u00bb se prev\u00e9 \u00abreemplazar algunas prioridades, despriorizar algunos temas y eliminar algunas pr\u00e1cticas\u00bb, seg\u00fan un comunicado publicado este mi\u00e9rcoles.<\/p>\n<p>\u00abTenemos que frenar la migraci\u00f3n masiva y garantizar la seguridad de nuestras fronteras\u00bb, afirma, en la l\u00ednea con la prioridad m\u00e1xima del presidente Donald Trump, que en las primeras horas de su segundo mandato firm\u00f3 una avalancha de decretos, muchos de ellos para facilitar la expulsi\u00f3n o bloquear el acceso de los migrantes sin visa.<\/p>\n<p>\u00abNuestras relaciones diplom\u00e1ticas con otros pa\u00edses, particularmente en las Am\u00e9ricas, priorizar\u00e1n la seguridad de las fronteras de Am\u00e9rica, parar la migraci\u00f3n ilegal y desestabilizadora, y negociar la repatriaci\u00f3n de migrantes ilegales\u00bb, advirti\u00f3.<\/p>\n<p>Trump prometi\u00f3 la deportaci\u00f3n masiva de migrantes en situaci\u00f3n irregular, pero est\u00e1 por ver si pa\u00edses como Cuba, Nicaragua y Venezuela los aceptar\u00e1n y cu\u00e1ntos recibir\u00e1n los dem\u00e1s.<\/p>\n<p>Marco Rubio, hijo de migrantes cubanos y que habla espa\u00f1ol con fluidez, quiere dejar atr\u00e1s el \u00abenfoque en causas pol\u00edticas y culturales que son divisivas en casa y profundamente impopulares en el extranjero\u00bb para, seg\u00fan \u00e9l, \u00abvolver a los fundamentos de la diplomacia\u00bb. \u00ab. <\/p>\n<p><span data-slot-id=\"Article_InContent-1\" class=\"rich-text-ad\"\/><\/p>\n<h2>Pol\u00edtica exterior pragm\u00e1tica<\/h2>\n<p>De este modo se prev\u00e9 \u00abllevar a cabo una pol\u00edtica exterior pragm\u00e1tica en cooperaci\u00f3n con otras naciones\u00bb por el bien de los intereses de Estados Unidos. En general seguir\u00e1 lo que califica de \u00abagenda vanguardista\u00bb de Trump.<\/p>\n<p>Eso pasa por eliminar los temas de lucha contra el calentamiento global, que fueron esenciales para su predecesor dem\u00f3crata Joe Biden y su jefe de la diplomacia Antony Blinken.<\/p>\n<p>En este sentido Rubio precisa que el Departamento de Estado se centrar\u00e1 en el objetivo de Trump de \u00abun regreso al dominio energ\u00e9tico estadounidense\u00bb.<\/p>\n<p>\u00abDebemos aprovechar nuestras fortalezas y deshacernos de las pol\u00edticas clim\u00e1ticas que debilitan a Am\u00e9rica\u00bb, afirma Rubio, quien promete no obstante respaldar las \u00abprotecciones ambientales sensatas\u00bb.<\/p>\n<p>En su comparecencia en el Senado para su confirmaci\u00f3n en el cargo, Rubio afirm\u00f3 que los c\u00e1rteles del narcotr\u00e1fico controlan enormes extensiones de las regiones fronterizas de Estados Unidos con M\u00e9xico y se arremetieron contra Venezuela, Cuba y Nicaragua.<\/p>\n<p>Entre los decretos firmados por Trump figura la inclusi\u00f3n de Cuba en la lista negra de pa\u00edses patrocinadores del terrorismo, de la que Biden la hab\u00eda retirado d\u00edas antes de terminar su mandato.<\/p>\n<p>mg (afp, La Voz de Am\u00e9rica)<\/p>\n<div class=\"vjs-wrapper embed big\">\n<h2 aria-label=\"Video integrado \u2014 Duro rev\u00e9s para Trump y su pol\u00edtica migratoria\" class=\"headline\"><svg xmlns=\"http:\/\/www.w3.org\/2000\/svg\" viewbox=\"0 0 20 20\"><g fill-rule=\"evenodd\"><path d=\"M14.114 7.599H13.5l.002 4.706h.601l4.582 3.25-.005-11.11zM11.084 4.444l-9.007.002-1.336.797.002 9.514 1.334.793 9.007.006 1.509-.799-.004-9.516z\"\/><\/g><\/svg>Duro rev\u00e9s para Trump y su pol\u00edtica migratoria<\/h2>\n<p><video id=\"video-47748650\" controls=\"\" playsinline=\"\" preload=\"none\" poster=\"data:image\/png;base64,iVBORw0KGgoAAAANSUhEUgAAAAEAAAABCAQAAAC1HAwCAAAAC0lEQVR42mNkYAAAAAYAAjCB0C8AAAAASUVORK5CYII=\" data-id=\"47748650\" data-posterurl=\"https:\/\/tvdownloaddw-a.akamaihd.net\/stills\/images\/js\/js20190301_XLiveB19Web_image_512x288_3.jpg\" data-duration=\"03:29\"><source src=\"https:\/\/hlsvod.dw.com\/i\/dwtv_video\/flv\/js\/js20190301_XLiveB19Web_,sd_sor,sd_avc,.mp4.csmil\/master.m3u8\" type=\"application\/x-mpegURL\"><source src=\"https:\/\/tvdownloaddw-a.akamaihd.net\/dwtv_video\/flv\/js\/js20190301_XLiveB19Web_sd_avc.mp4\" type=\"video\/mp4\"><p class=\"vjs-no-js\">Para ver este video, habilite JavaScript y considere actualizar a un navegador web que admita videos HTML5.<\/p>\n<p><\/source><\/source><\/video><\/div>\n<\/div>\n\n","protected":false},"excerpt":{"rendered":"<p>El nuevo jefe de la diplomacia estadounidense, Marco Rubio, prometi\u00f3 este mi\u00e9rcoles (22.01.2025) una \u00abpol\u00edtica exterior pragm\u00e1tica\u00bb que en el caso de Am\u00e9rica Latina se centrar\u00e1 en \u00abfrenar la migraci\u00f3n masiva\u00bb y \u00abgarantizar la seguridad de las fronteras\u00bb . Para construir un departamento de Estado \u00abm\u00e1s innovador, \u00e1gil y centrado\u00bb se prev\u00e9 \u00abreemplazar algunas prioridades, &hellip;<\/p>\n","protected":false},"author":1,"featured_media":11576,"comment_status":"open","ping_status":"open","sticky":false,"template":"","format":"standard","meta":{"fifu_image_url":"https:\/\/static.dw.com\/image\/71369298_6.jpg","fifu_image_alt":"","footnotes":""},"categories":[13],"tags":[],"class_list":["post-11575","post","type-post","status-publish","format-standard","has-post-thumbnail","","category-mundo"],"_links":{"self":[{"href":"https:\/\/noticiasveraces.com\/index.php?rest_route=\/wp\/v2\/posts\/11575","targetHints":{"allow":["GET"]}}],"collection":[{"href":"https:\/\/noticiasveraces.com\/index.php?rest_route=\/wp\/v2\/posts"}],"about":[{"href":"https:\/\/noticiasveraces.com\/index.php?rest_route=\/wp\/v2\/types\/post"}],"author":[{"embeddable":true,"href":"https:\/\/noticiasveraces.com\/index.php?rest_route=\/wp\/v2\/users\/1"}],"replies":[{"embeddable":true,"href":"https:\/\/noticiasveraces.com\/index.php?rest_route=%2Fwp%2Fv2%2Fcomments&post=11575"}],"version-history":[{"count":0,"href":"https:\/\/noticiasveraces.com\/index.php?rest_route=\/wp\/v2\/posts\/11575\/revisions"}],"wp:featuredmedia":[{"embeddable":true,"href":"https:\/\/noticiasveraces.com\/index.php?rest_route=\/wp\/v2\/media\/11576"}],"wp:attachment":[{"href":"https:\/\/noticiasveraces.com\/index.php?rest_route=%2Fwp%2Fv2%2Fmedia&parent=11575"}],"wp:term":[{"taxonomy":"category","embeddable":true,"href":"https:\/\/noticiasveraces.com\/index.php?rest_route=%2Fwp%2Fv2%2Fcategories&post=11575"},{"taxonomy":"post_tag","embeddable":true,"href":"https:\/\/noticiasveraces.com\/index.php?rest_route=%2Fwp%2Fv2%2Ftags&post=11575"}],"curies":[{"name":"wp","href":"https:\/\/api.w.org\/{rel}","templated":true}]}}