{"id":11539,"date":"2025-01-22T22:05:44","date_gmt":"2025-01-23T02:05:44","guid":{"rendered":"https:\/\/noticiasveraces.com\/?p=11539"},"modified":"2025-01-22T22:05:44","modified_gmt":"2025-01-23T02:05:44","slug":"ee-uu-envia-1-500-militares-mas-a-la-frontera-con-mexico-dw-23-01-2025","status":"publish","type":"post","link":"https:\/\/noticiasveraces.com\/?p=11539","title":{"rendered":"EE.UU. env\u00eda 1.500 militares m\u00e1s a la frontera con M\u00e9xico \u2013 DW \u2013 23\/01\/2025"},"content":{"rendered":"<p> \n<\/p>\n<div>\n<p>El presidente de Estados Unidos, Donald Trump, envi\u00f3 1.500 militares m\u00e1s a la frontera con M\u00e9xico como parte de su lucha contra la migraci\u00f3n ilegal, antes de una entrevista con Fox News que ser\u00e1 difundida este mi\u00e9rcoles (22.01.2025) por la noche.<\/p>\n<p>El republicano ser\u00e1 el invitado de uno de los presentadores estrella de la cadena conservadora predilecta de los estadounidenses, Sean Hannity, cuyo programa se emitir\u00e1 a las 21H00 hora de Washington (02H00 GMT del jueves).<\/p>\n<p>No ha esperado esta primera entrevista desde su investidura para expresarse. Lo ha hecho en varias ocasiones, tanto en ruedas de prensa como en su red Truth Social oa trav\u00e9s de su equipo.<\/p>\n<p>El presidente Trump \u00abfirm\u00f3 una orden ejecutiva para enviar 1.500 militares adicionales a la frontera sur de Estados Unidos\u00bb, dijo su portavoz Karoline Leavitt en la Casa Blanca.<\/p>\n<p>Hasta el momento el personal militar desplegado en la zona desempe\u00f1a tareas de log\u00edstica y apoyo de transporte para ayudar a la Oficina de Aduanas y Protecci\u00f3n Fronteriza de Estados Unidos (CBP), encargada de impedir o denegar el cruce de migrantes sin visa.<\/p>\n<p>Trump prometi\u00f3 la deportaci\u00f3n masiva de migrantes en situaci\u00f3n irregular, pero est\u00e1 por ver si pa\u00edses como Cuba, Nicaragua y Venezuela los aceptar\u00e1n y cu\u00e1ntos recibir\u00e1n los dem\u00e1s. El republicano se propone expulsar primero a aquellos con antecedentes penales. <\/p>\n<p>Y el Congreso, de mayor\u00eda republicana, se lo ha facilitado, aprobando una ley que exige detener a los migrantes en situaci\u00f3n irregular acusados \u200b\u200bde algunos delitos, incluido el robo y el hurto.<\/p>\n<p><span data-slot-id=\"Article_InContent-1\" class=\"rich-text-ad\"\/><\/p>\n<h2>Arremete contra obispa<\/h2>\n<p>Cont\u00f3 con el respaldo de unos 40 dem\u00f3cratas y se prev\u00e9 que Trump la promulgue de inmediato y se convierta en la primera ley que firme en su segundo mandato.<\/p>\n<p>La Ley Laken Riley lleva el nombre de una estudiante de 22 a\u00f1os asesinada por Jos\u00e9 Antonio Ibarra, un venezolano de 26 a\u00f1os en situaci\u00f3n irregular que era buscado por robar en tiendas. Fue condenado a cadena perpetua.<\/p>\n<p>Adem\u00e1s el republicano se arremeti\u00f3 contra una obispa de Washington, Mariann Budde, que le pidi\u00f3 que tuviera \u00abpiedad\u00bb con los migrantes y los miembros de la comunidad LGTBQ, durante un oficio en la catedral.<\/p>\n<p>\u00abLa gran mayor\u00eda de los migrantes no son delincuentes\u00bb, afirm\u00f3 el obispa.<\/p>\n<p>En Truth Social, el republicano la llam\u00f3 \u00abpseudoobispa\u00bb, dijo que \u00abno es muy buena en su trabajo\u00bb y pidi\u00f3 que ella y su iglesia se disculpen.<\/p>\n<p>En otro frente, Trump quiere vengar la \u00abtraici\u00f3n\u00bb que, seg\u00fan \u00e9l, constituy\u00f3 la elecci\u00f3n en 2020 del dem\u00f3crata Joe Biden.<\/p>\n<p>Para ello orden\u00f3 a su equipo \u00abidentificar activamente y destituir a m\u00e1s de 1.000 personas nombradas por la administraci\u00f3n anterior\u00bb. Personas \u00abque no est\u00e1n alineadas con nuestra visi\u00f3n\u00bb, precis\u00f3.<\/p>\n<p>mg (afp, Reuters)<\/p>\n<div class=\"vjs-wrapper embed big\">\n<h2 aria-label=\"Video integrado \u2014 Deportados: vidas quebradas y en peligro en la frontera \" class=\"headline\"><svg xmlns=\"http:\/\/www.w3.org\/2000\/svg\" viewbox=\"0 0 20 20\"><g fill-rule=\"evenodd\"><path d=\"M14.114 7.599H13.5l.002 4.706h.601l4.582 3.25-.005-11.11zM11.084 4.444l-9.007.002-1.336.797.002 9.514 1.334.793 9.007.006 1.509-.799-.004-9.516z\"\/><\/g><\/svg>Deportados: vidas quebradas y en peligro en la frontera <\/h2>\n<p><video id=\"video-71366382\" controls=\"\" playsinline=\"\" preload=\"none\" poster=\"data:image\/png;base64,iVBORw0KGgoAAAANSUhEUgAAAAEAAAABCAQAAAC1HAwCAAAAC0lEQVR42mNkYAAAAAYAAjCB0C8AAAAASUVORK5CYII=\" data-id=\"71366382\" data-posterurl=\"https:\/\/tvdownloaddw-a.akamaihd.net\/stills\/images\/js\/js20250121_DeportadosK19B_image_512x288_3.jpg\" data-duration=\"02:39\"><source src=\"https:\/\/hlsvod.dw.com\/i\/dwtv_video\/flv\/js\/js20250121_DeportadosK19B_,AVC_480x270,AVC_512x288,AVC_640x360,AVC_960x540,AVC_1280x720,AVC_1920x1080,.mp4.csmil\/master.m3u8\" type=\"application\/x-mpegURL\"><source src=\"https:\/\/tvdownloaddw-a.akamaihd.net\/dwtv_video\/flv\/js\/js20250121_DeportadosK19B_AVC_1920x1080.mp4\" type=\"video\/mp4\"><p class=\"vjs-no-js\">Para ver este video, habilite JavaScript y considere actualizar a un navegador web que admita videos HTML5.<\/p>\n<p><\/source><\/source><\/video><\/div>\n<\/div>\n\n","protected":false},"excerpt":{"rendered":"<p>El presidente de Estados Unidos, Donald Trump, envi\u00f3 1.500 militares m\u00e1s a la frontera con M\u00e9xico como parte de su lucha contra la migraci\u00f3n ilegal, antes de una entrevista con Fox News que ser\u00e1 difundida este mi\u00e9rcoles (22.01.2025) por la noche. El republicano ser\u00e1 el invitado de uno de los presentadores estrella de la cadena &hellip;<\/p>\n","protected":false},"author":1,"featured_media":11540,"comment_status":"open","ping_status":"open","sticky":false,"template":"","format":"standard","meta":{"fifu_image_url":"https:\/\/static.dw.com\/image\/70370214_6.jpg","fifu_image_alt":"","footnotes":""},"categories":[13],"tags":[],"class_list":["post-11539","post","type-post","status-publish","format-standard","has-post-thumbnail","","category-mundo"],"_links":{"self":[{"href":"https:\/\/noticiasveraces.com\/index.php?rest_route=\/wp\/v2\/posts\/11539","targetHints":{"allow":["GET"]}}],"collection":[{"href":"https:\/\/noticiasveraces.com\/index.php?rest_route=\/wp\/v2\/posts"}],"about":[{"href":"https:\/\/noticiasveraces.com\/index.php?rest_route=\/wp\/v2\/types\/post"}],"author":[{"embeddable":true,"href":"https:\/\/noticiasveraces.com\/index.php?rest_route=\/wp\/v2\/users\/1"}],"replies":[{"embeddable":true,"href":"https:\/\/noticiasveraces.com\/index.php?rest_route=%2Fwp%2Fv2%2Fcomments&post=11539"}],"version-history":[{"count":0,"href":"https:\/\/noticiasveraces.com\/index.php?rest_route=\/wp\/v2\/posts\/11539\/revisions"}],"wp:featuredmedia":[{"embeddable":true,"href":"https:\/\/noticiasveraces.com\/index.php?rest_route=\/wp\/v2\/media\/11540"}],"wp:attachment":[{"href":"https:\/\/noticiasveraces.com\/index.php?rest_route=%2Fwp%2Fv2%2Fmedia&parent=11539"}],"wp:term":[{"taxonomy":"category","embeddable":true,"href":"https:\/\/noticiasveraces.com\/index.php?rest_route=%2Fwp%2Fv2%2Fcategories&post=11539"},{"taxonomy":"post_tag","embeddable":true,"href":"https:\/\/noticiasveraces.com\/index.php?rest_route=%2Fwp%2Fv2%2Ftags&post=11539"}],"curies":[{"name":"wp","href":"https:\/\/api.w.org\/{rel}","templated":true}]}}