{"id":11536,"date":"2025-01-22T21:25:14","date_gmt":"2025-01-23T01:25:14","guid":{"rendered":"https:\/\/noticiasveraces.com\/?p=11536"},"modified":"2025-01-22T21:25:14","modified_gmt":"2025-01-23T01:25:14","slug":"la-transicion-verde-avanza-en-europa-las-renovables-desplazan-a-los-combustibles-fosiles-y-ahorran-59-000-millones-en-importaciones-clima-y-medio-ambiente","status":"publish","type":"post","link":"https:\/\/noticiasveraces.com\/?p=11536","title":{"rendered":"La transici\u00f3n verde avanza en Europa: las renovables desplazan a los combustibles f\u00f3siles y ahorran 59.000 millones en importaciones | Clima y Medio Ambiente"},"content":{"rendered":"<p> \n<\/p>\n<div data-dtm-region=\"articulo_cuerpo\">\n<p class=\"\">Al freno en el desarrollo de las renovables al que aspira el presidente Donald Trump, que ha firmado varias \u00f3rdenes ejecutivas en ese sentido nada m\u00e1s aterrizar en la Casa Blanca, desde la Comisi\u00f3n Europea y algunos pa\u00edses de la UE se ha respondido con una defensa de estas tecnolog\u00edas m\u00e1s all\u00e1 de razones ideol\u00f3gicas y medioambientales. \u201cLa energ\u00eda limpia es la respuesta a medio plazo, porque es barata, genera buenos empleos locales y refuerza nuestra independencia energ\u00e9tica\u201d, razon\u00f3 el martes la presidenta de la Comisi\u00f3n, Ursula von der Leyen, desde el Foro de Davos. Un informe elaborado por Ember, un grupo de expertos en energ\u00eda y clima, sobre el sector el\u00e9ctrico de la UE apunta en esa misma direcci\u00f3n: las renovables, que han superado ya al carb\u00f3n y el gas en la generaci\u00f3n el\u00e9ctrica en el conjunto de los 27 , est\u00e1n ahorrando millas de millones de euros en importaciones a los europeos, adem\u00e1s de reducir las emisiones de efecto invernadero, causantes del cambio clim\u00e1tico.<\/p>\n<p class=\"\">\u201cLa UE est\u00e1 cosechando los beneficios de la reducci\u00f3n de la dependencia de los combustibles f\u00f3siles\u201d, explica en su informe Ember, que cifra ese ahorro en 59.000 millones de euros. Esa cantidad se corresponde con el valor del gas y el carb\u00f3n que la UE tendr\u00eda que haber importado desde 2019 si no se hubiera ampliado la capacidad de generaci\u00f3n e\u00f3lica y, sobre todo, solar en ese per\u00edodo. Que se tome 2019 como punto de referencia no es arbitrario, porque fue en ese momento cuando la Comisi\u00f3n Europea, precisamente con Ursula von der Leyen a la cabeza, decidi\u00f3 lanzar el Pacto Verde. Fue en un contexto internacional parecido al de ahora: con Trump en la Casa Blanca y ausente de la lucha clim\u00e1tica internacional. La invasi\u00f3n de Ucrania reforz\u00f3 a\u00fan m\u00e1s esa estrategia verde al tener que reducir la UE su dependencia del gas ruso.<\/p>\n<p class=\"\">En el informe de Ember se hace un balance de estos cinco a\u00f1os. Antes del Pacto Verde, en 2019, los combustibles f\u00f3siles generaban el 39% de la electricidad de la UE. En 2024, seg\u00fan los datos de esta consultora, esa cuota hab\u00eda ca\u00eddo al 29%. En el mismo periodo de vigencia del Pacto Verde las renovables han pasado del 34% al 47%. Es decir, casi la mitad de la electricidad de la UE se genera ya con las tecnolog\u00edas solar, e\u00f3lica e hidr\u00e1ulica. El mix libre de emisiones lo completa la energ\u00eda nuclear, que la presidenta de la Comisi\u00f3n tambi\u00e9n defiende para los pa\u00edses que as\u00ed lo hayan elegido.<\/p>\n<div class=\"raw_html\">\n<div><link rel=\"stylesheet\" href=\"https:\/\/ep00.epimg.net\/infografias\/css\/infografia\/2.1\/graficos.css\"\/>\n<div class=\"width\">\n<div style=\"min-height:454px\" id=\"datawrapper-vis-Yuemt\"><img decoding=\"async\" src=\"https:\/\/datawrapper.dwcdn.net\/Yuemt\/full.png\" alt=\"\"\/><\/div>\n<\/div>\n<\/div>\n<\/div>\n<p class=\"\">El salto m\u00e1s espectacular en estos a\u00f1os se ha dado con la energ\u00eda solar, que ya cubre el 11% de la demanda el\u00e9ctrica europea y que por primera vez en 2024 super\u00f3 al carb\u00f3n (10%). Del mismo modo, la e\u00f3lica (con un 17% de cuota) gener\u00f3 m\u00e1s electricidad que el gas (16%) por segundo a\u00f1o consecutivo.<\/p>\n<p class=\"\">\u201cEl Pacto Verde Europeo ha supuesto una transformaci\u00f3n profunda y r\u00e1pida del sector energ\u00e9tico de la UE\u201d, explica por correo electr\u00f3nico Chris Rosslowe, analista de Ember y coordinador del informe. \u201cAl principio, pocos pensaban que la transici\u00f3n energ\u00e9tica de la UE podr\u00eda estar donde est\u00e1 hoy\u201d, contin\u00faa, \u201cla energ\u00eda solar, en particular, ha superado las expectativas, mostrando un crecimiento mete\u00f3rico en los \u00faltimos a\u00f1os\u201d.<\/p>\n<p class=\"\">M\u00e1s de la mitad de los pa\u00edses de la UE no tiene electricidad generada con carb\u00f3n o la participaci\u00f3n en su mezcla de este combustible, el m\u00e1s contaminante de todos, es ya residual, inferior al 5%. En ese grupo figura Espa\u00f1a, donde el a\u00f1o pasado el carb\u00f3n solo gener\u00f3 un 1,1% de la electricidad y que tiene en su planificaci\u00f3n energ\u00e9tica marcada 2025 como el a\u00f1o en el que se terminar\u00e1 por completo al uso de este combustible para producir electricidad. . Del mismo modo, Espa\u00f1a es tambi\u00e9n uno de los alumnos aventajados de la UE en la implantaci\u00f3n de la energ\u00eda fotovoltaica. Ember destaca que en 2024 el 21% de la electricidad se gener\u00f3 con los paneles, casi el doble de los medios de la UE (11%). Adem\u00e1s, Espa\u00f1a fue por segundo a\u00f1o consecutivo el pa\u00eds europeo en el que m\u00e1s creci\u00f3 esta tecnolog\u00eda.<\/p>\n<p class=\"\">Para Rosslowe, con la vuelta de Trump a la Casa Blanca, \u201cel Pacto Verde adquiere a\u00fan m\u00e1s importancia\u201d porque el mundo \u201cnecesita m\u00e1s que nunca el liderazgo clim\u00e1tico\u201d. Sobre todo, tras la orden dictada por el republicano para sacar a Estados Unidos del Acuerdo de Par\u00eds. Adem\u00e1s, seg\u00fan este analista, el regreso de Trump \u201ctambi\u00e9n refuerza los argumentos para que Europa contin\u00fae su campa\u00f1a para reducir la dependencia de los combustibles f\u00f3siles importados\u201d. \u201cEn sus esfuerzos por reducir la dependencia de la energ\u00eda rusa, la UE aument\u00f3 la dependencia de los suministros de gas de EE UU\u201d. En su opini\u00f3n, \u201cla \u00fanica soluci\u00f3n estructural para mejorar tanto el acceso a la energ\u00eda como la seguridad energ\u00e9tica en la UE es continuar con la transici\u00f3n hacia una energ\u00eda limpia, barata y aut\u00f3ctona\u201d.<\/p>\n<div class=\"raw_html\">\n<div><link rel=\"stylesheet\" href=\"https:\/\/ep00.epimg.net\/infografias\/css\/infografia\/2.1\/graficos.css\"\/>\n<div class=\"width\">\n<div style=\"min-height:443px\" id=\"datawrapper-vis-jzJ2w\"><img decoding=\"async\" src=\"https:\/\/datawrapper.dwcdn.net\/jzJ2w\/full.png\" alt=\"\"\/><\/div>\n<\/div>\n<\/div>\n<\/div>\n<p class=\"\">La irrupci\u00f3n de Trump, que aspira a aumentar las perforaciones de petr\u00f3leo y gas en EE UU (que es el primer productor mundial de estos dos combustibles), ha generado inquietud entre los activistas clim\u00e1ticos por el impacto que puedan causar las medidas que impulsen el republicano. , que tambi\u00e9n ha puesto en el punto de mira a la energ\u00eda e\u00f3lica para frenar su desarrollo. Pero Ant\u00f3nio Guterres, secretario general de la ONU, se uni\u00f3 este mi\u00e9rcoles al coro de voces de expertos que aseguran que no habr\u00e1 marcha atr\u00e1s en la transici\u00f3n energ\u00e9tica. Lo hizo tambi\u00e9n en el Foro de Davos, el gran c\u00f3nclave del capitalismo global.<\/p>\n<p class=\"\">En su opini\u00f3n, es \u201cinevitable el fin de la era de los combustibles f\u00f3siles, sin importar cu\u00e1nto intenten detener los intereses creados\u201d, en referencia a la presi\u00f3n del sector del petr\u00f3leo y el carb\u00f3n contra las tecnolog\u00edas solar y e\u00f3lica. Seg\u00fan Guterres, la raz\u00f3n principal es que \u201cla energ\u00eda barata y abundante proporcionada por las energ\u00edas renovables\u201d supone \u201cuna oportunidad econ\u00f3mica extraordinaria\u201d, algo que \u201cbeneficiar\u00e1 a las personas en todos los pa\u00edses\u201d. Adem\u00e1s, el secretario general de la ONU se mostr\u00f3 convencido de que nunca se llegar\u00e1n a emplear todas las reservas de petr\u00f3leo y gas que existen en el mundo porque la combusti\u00f3n ser\u00e1 desplazada por las renovables.<\/p>\n<p class=\"\">\u201cEl Acuerdo de Par\u00eds sigue siendo la mayor esperanza de toda la humanidad\u201d, recalc\u00f3 un d\u00eda antes Ursula von der Leyen. \u201cEuropa mantendr\u00e1 el rumbo y seguir\u00e1 trabajando con todas las naciones que quieran proteger la naturaleza y detener el calentamiento global\u201d, a\u00f1adi\u00f3 la presidenta de la Comisi\u00f3n. Sin embargo, el contexto en Europa no es el mismo que en 2019, cuando se lanz\u00f3 aquel Pacto Verde impulsado con el consenso de populares y socialdem\u00f3cratas en Bruselas. En los \u00faltimos cinco a\u00f1os el avance del populismo de derechas tambi\u00e9n se ha dado en Europa y ha hecho que se retroceda en algunas pol\u00edticas medioambientales en muchos casos difundiendo bulos.<\/p>\n<p class=\"\">Pero Rosslowe, de Ember, se muestra optimista y recuerda que Ursula von der Leyen y la nueva Comisi\u00f3n Europea tienen \u201cun mandato claro para seguir implementando el Pacto Verde\u201d. \u201cNo me preocupa que se vaya a dar marcha atr\u00e1s porque en la transici\u00f3n energ\u00e9tica en Europa ya no se trata solo de ser verde\u201d, tambi\u00e9n consiste \u201cen hacer que la energ\u00eda sea m\u00e1s asequible para todos los europeos y en construir un suministro energ\u00e9tico seguro que sea resistente a la influencia extranjera para las futuras generaciones\u201d.<\/p>\n<\/div>\n\n","protected":false},"excerpt":{"rendered":"<p>Al freno en el desarrollo de las renovables al que aspira el presidente Donald Trump, que ha firmado varias \u00f3rdenes ejecutivas en ese sentido nada m\u00e1s aterrizar en la Casa Blanca, desde la Comisi\u00f3n Europea y algunos pa\u00edses de la UE se ha respondido con una defensa de estas tecnolog\u00edas m\u00e1s all\u00e1 de razones ideol\u00f3gicas &hellip;<\/p>\n","protected":false},"author":1,"featured_media":11538,"comment_status":"open","ping_status":"open","sticky":false,"template":"","format":"standard","meta":{"fifu_image_url":"https:\/\/imagenes.elpais.com\/resizer\/v2\/26MIFOW4INHLDF3LH7W4CUJQRI.jpg?auth=23124b383b54f9b96c194f40eb726c22c5ce3853c724c268512f8877dd491718&width=1200","fifu_image_alt":"","footnotes":""},"categories":[11],"tags":[],"class_list":["post-11536","post","type-post","status-publish","format-standard","has-post-thumbnail","","category-viaje"],"_links":{"self":[{"href":"https:\/\/noticiasveraces.com\/index.php?rest_route=\/wp\/v2\/posts\/11536","targetHints":{"allow":["GET"]}}],"collection":[{"href":"https:\/\/noticiasveraces.com\/index.php?rest_route=\/wp\/v2\/posts"}],"about":[{"href":"https:\/\/noticiasveraces.com\/index.php?rest_route=\/wp\/v2\/types\/post"}],"author":[{"embeddable":true,"href":"https:\/\/noticiasveraces.com\/index.php?rest_route=\/wp\/v2\/users\/1"}],"replies":[{"embeddable":true,"href":"https:\/\/noticiasveraces.com\/index.php?rest_route=%2Fwp%2Fv2%2Fcomments&post=11536"}],"version-history":[{"count":0,"href":"https:\/\/noticiasveraces.com\/index.php?rest_route=\/wp\/v2\/posts\/11536\/revisions"}],"wp:featuredmedia":[{"embeddable":true,"href":"https:\/\/noticiasveraces.com\/index.php?rest_route=\/wp\/v2\/media\/11538"}],"wp:attachment":[{"href":"https:\/\/noticiasveraces.com\/index.php?rest_route=%2Fwp%2Fv2%2Fmedia&parent=11536"}],"wp:term":[{"taxonomy":"category","embeddable":true,"href":"https:\/\/noticiasveraces.com\/index.php?rest_route=%2Fwp%2Fv2%2Fcategories&post=11536"},{"taxonomy":"post_tag","embeddable":true,"href":"https:\/\/noticiasveraces.com\/index.php?rest_route=%2Fwp%2Fv2%2Ftags&post=11536"}],"curies":[{"name":"wp","href":"https:\/\/api.w.org\/{rel}","templated":true}]}}