{"id":11534,"date":"2025-01-22T21:02:25","date_gmt":"2025-01-23T01:02:25","guid":{"rendered":"https:\/\/noticiasveraces.com\/?p=11534"},"modified":"2025-01-22T21:02:25","modified_gmt":"2025-01-23T01:02:25","slug":"macron-y-scholz-llaman-a-la-unidad-europea-ante-trump-dw-23-01-2025","status":"publish","type":"post","link":"https:\/\/noticiasveraces.com\/?p=11534","title":{"rendered":"Macron y Scholz llaman a la unidad europea ante Trump \u2013 DW \u2013 23\/01\/2025"},"content":{"rendered":"<p> \n<\/p>\n<div>\n<p>El canciller alem\u00e1n, Olaf Scholz, y el presidente franc\u00e9s, Emmanuel Macron, insistieron este mi\u00e9rcoles (22.01.2025) en Par\u00eds en la unidad europea ante la nueva Administraci\u00f3n de Donald Trump, con la que tienen intenci\u00f3n de seguir colaborando, pero desde la defensa. de sus propios intereses.<\/p>\n<p>\u00abNuestra posici\u00f3n es muy clara. Europa es un vasto espacio econ\u00f3mico de unos 450 millones de personas. Somos fuertes, estamos unidos y Europa no va a esconderse. Ser\u00e1 un socio constructivo y seguro de s\u00ed mismo. Sobre esta base, tendremos una buena cooperaci\u00f3n \u00ab, se\u00f1al\u00f3 Scholz en Par\u00eds al comienzo de su encuentro con Macron.<\/p>\n<p>El canciller alem\u00e1n se refer\u00eda as\u00ed al \u00abdesaf\u00edo\u00bb que considera que plantea la llegada de Trump a la presidencia de Estados Unidos, un pa\u00eds con el que record\u00f3 que los europeos est\u00e1n unidos por \u00abuna larga amistad\u00bb.<\/p>\n<p>En cuanto a los reproches del nuevo inquilino de la Casa Blanca de que los europeos no dedican suficientes esfuerzos a su propia seguridad, Scholz demostr\u00f3 que estos \u00faltimos a\u00f1os se han hecho \u00abno pocas cosas para reforzar juntos el pilar europeo de la OTAN\u00bb y el El gasto en defensa \u00abhan aumentado en casi todos los Estados europeos\u00bb, aunque reconoce que se puede ir m\u00e1s lejos.<\/p>\n<h2>V\u00ednculos transatl\u00e1nticos<\/h2>\n<p>Intentando dar ahora una imagen de sinton\u00eda entre Par\u00eds y Berl\u00edn, tras las divergencias estrat\u00e9gicas de los \u00faltimos tres a\u00f1os, Macron tambi\u00e9n se refiri\u00f3 a la llegada de Trump y se\u00f1al\u00f3 que en esas circunstancias \u00abcorresponde m\u00e1s que nunca a los europeos y por tanto a nuestros dos pa\u00edses cumplir\u00e1n plenamente su papel para consolidar una Europa unida, fuerte y soberana\u00bb.<\/p>\n<p>El presidente franc\u00e9s precis\u00f3 de una Europa que mantiene \u00ablos v\u00ednculos transatl\u00e1nticos\u00bb pero \u00abque sepa afirmar tambi\u00e9n sus intereses propios y defenderlos con sus valores y con los instrumentos europeos\u00bb.<\/p>\n<p>En definitiva, para Macron, \u00abla prioridad de los europeos debe ser todav\u00eda m\u00e1s Europa y en primer lugar nuestra competitividad, nuestra prosperidad, nuestra seguridad para reforzar nuestras democracias y preservar nuestro modelo econ\u00f3mico y social\u00bb.<\/p>\n<p>Asegur\u00f3 que con Scholz coincide en \u00abuna agenda de competitividad muy potente\u00bb que pasa por \u00abuna simplificaci\u00f3n masiva\u00bb a una escala europea \u00ablo m\u00e1s amplia posible\u00bb.<\/p>\n<p><span data-slot-id=\"Article_InContent-1\" class=\"rich-text-ad\"\/><\/p>\n<h2>Defensa urgente de \u00absectores cr\u00edticos\u00bb<\/h2>\n<p>En esa agenda puso tambi\u00e9n la defensa urgente de \u00abciertos sectores cr\u00edticos\u00bb, y en concreto la industria automovil\u00edstica, la qu\u00edmica y la siderurgia; as\u00ed como la necesidad de invertir y reducir la dependencia europea en otros sectores como la inteligencia artificial, la cu\u00e1ntica, las biotecnolog\u00edas, la energ\u00eda, el espacio y la industria militar.<\/p>\n<p>Macron expres\u00f3 igualmente urgente que se utilicen \u00abtodos los instrumentos europeos para garantizar tanto a nuestras empresas como a nuestros agricultores unas condiciones de competencia leal en un entorno cada vez m\u00e1s brutal y desinhibido\u00bb, en una velada alusi\u00f3n a las amenazas de aranceles lanzadas por Trump .<\/p>\n<p>Para el presidente franc\u00e9s y para el canciller alem\u00e1n, la defensa de los intereses europeos significa seguir apoyando a los ucranianos frente a la \u00abagresi\u00f3n rusa\u00bb para, seg\u00fan las palabras del primero, \u00absentar las condiciones de una paz justa y duradera\u00bb.<\/p>\n<h2>Tres deberes de la Comisi\u00f3n Europea<\/h2>\n<p>Scholz puso tres deberes a la Comisi\u00f3n Europea para trabajar en favor de la competitividad europea.<\/p>\n<p>El primero es corregir el dispositivo de descarbonizaci\u00f3n del sector automovil\u00edstico que incluye la amenaza de multas en caso de que no vendan el porcentaje de coches el\u00e9ctricos que se les ha fijado en los pr\u00f3ximos a\u00f1os.<\/p>\n<p>Para el canciller alem\u00e1n, en lugar de imponer multas, ese dinero tendr\u00edan que dedicarlo en invertir m\u00e1s en la electrificaci\u00f3n de la movilidad.<\/p>\n<p>Lo segundo que pidi\u00f3 al Ejecutivo comunitario es la convocatoria con car\u00e1cter urgente de \u00abuna cumbre europea sobre el acero\u00bb.<\/p>\n<p>Y lo tercero, \u00abexonerar a las empresas de las cargas burocr\u00e1ticas\u00bb, y en concreto \u00absuspender durante dos a\u00f1os\u00bb la obligaci\u00f3n de publicar los informes sobre sostenibilidad y reducir los ex\u00e1menes a que se las somete.<\/p>\n<p>jc (efe, afp, dpa)<\/p>\n<\/p>\n<\/div>\n\n","protected":false},"excerpt":{"rendered":"<p>El canciller alem\u00e1n, Olaf Scholz, y el presidente franc\u00e9s, Emmanuel Macron, insistieron este mi\u00e9rcoles (22.01.2025) en Par\u00eds en la unidad europea ante la nueva Administraci\u00f3n de Donald Trump, con la que tienen intenci\u00f3n de seguir colaborando, pero desde la defensa. de sus propios intereses. \u00abNuestra posici\u00f3n es muy clara. Europa es un vasto espacio econ\u00f3mico &hellip;<\/p>\n","protected":false},"author":1,"featured_media":11535,"comment_status":"open","ping_status":"open","sticky":false,"template":"","format":"standard","meta":{"fifu_image_url":"https:\/\/static.dw.com\/image\/71373867_6.jpg","fifu_image_alt":"","footnotes":""},"categories":[13],"tags":[],"class_list":["post-11534","post","type-post","status-publish","format-standard","has-post-thumbnail","","category-mundo"],"_links":{"self":[{"href":"https:\/\/noticiasveraces.com\/index.php?rest_route=\/wp\/v2\/posts\/11534","targetHints":{"allow":["GET"]}}],"collection":[{"href":"https:\/\/noticiasveraces.com\/index.php?rest_route=\/wp\/v2\/posts"}],"about":[{"href":"https:\/\/noticiasveraces.com\/index.php?rest_route=\/wp\/v2\/types\/post"}],"author":[{"embeddable":true,"href":"https:\/\/noticiasveraces.com\/index.php?rest_route=\/wp\/v2\/users\/1"}],"replies":[{"embeddable":true,"href":"https:\/\/noticiasveraces.com\/index.php?rest_route=%2Fwp%2Fv2%2Fcomments&post=11534"}],"version-history":[{"count":0,"href":"https:\/\/noticiasveraces.com\/index.php?rest_route=\/wp\/v2\/posts\/11534\/revisions"}],"wp:featuredmedia":[{"embeddable":true,"href":"https:\/\/noticiasveraces.com\/index.php?rest_route=\/wp\/v2\/media\/11535"}],"wp:attachment":[{"href":"https:\/\/noticiasveraces.com\/index.php?rest_route=%2Fwp%2Fv2%2Fmedia&parent=11534"}],"wp:term":[{"taxonomy":"category","embeddable":true,"href":"https:\/\/noticiasveraces.com\/index.php?rest_route=%2Fwp%2Fv2%2Fcategories&post=11534"},{"taxonomy":"post_tag","embeddable":true,"href":"https:\/\/noticiasveraces.com\/index.php?rest_route=%2Fwp%2Fv2%2Ftags&post=11534"}],"curies":[{"name":"wp","href":"https:\/\/api.w.org\/{rel}","templated":true}]}}