{"id":11527,"date":"2025-01-22T18:33:23","date_gmt":"2025-01-22T22:33:23","guid":{"rendered":"https:\/\/noticiasveraces.com\/?p=11527"},"modified":"2025-01-22T18:33:23","modified_gmt":"2025-01-22T22:33:23","slug":"el-real-madrid-se-pasea-ante-el-salzburgo-y-apura-sus-opciones-de-estar-en-el-top-8-5-1","status":"publish","type":"post","link":"https:\/\/noticiasveraces.com\/?p=11527","title":{"rendered":"El Real Madrid se pasea ante el Salzburgo y apura sus opciones de estar en el &#8216;Top 8&#8217; (5-1)"},"content":{"rendered":"<p> \n<\/p>\n<div id=\"intext\">\n<p>Un doblete de Rodrygo Goes en los minutos 23 y 34, un tanto de fe de Kylian Mbapp\u00e9 en el 48 y otro doblete de Vin\u00edcius en el 55 y el 77 firmaron la &#8216;manita&#8217; del Real Madrid ante el Salzburgo (5-1). Por su parte, el Salzburgo escribi\u00f3 su tanto en el minuto 85, obra de Mads Bidstrup.<\/p>\n<p>Un resultado que permite a los blancos apurar sus opciones de clasificarse entre los ocho primeros, con una jornada por disputarse de la fase de liga de la Champions League.<\/p>\n<h2 class=\"title-h2\">Vini se pierde la \u00faltima jornada<\/h2>\n<p>Vin\u00edcius Junior vio la tercera amarilla de la fase de liga este mi\u00e9rcoles despu\u00e9s de que el colegiado determin\u00f3se que fing\u00f3 un penalti en el minuto 42, por lo que el brasile\u00f1o cumplir\u00e1 sanci\u00f3n por acumulaci\u00f3n de tarjetas en el pr\u00f3ximo partido, contra el Brest.<\/p>\n<p>Vini, que fue elegido mejor jugador del partido y acumula 100 goles como jugador merengue, no podr\u00e1 por tanto jugar el \u00faltimo encuentro de la actual fase de la Liga de Campeones y llegar\u00e1 limpio de tarjetas para las eliminatorias.<\/p>\n<p><i>S\u00edguenos en nuestro canal de WhatsApp y no te pierdas la \u00faltima hora y toda la actualidad de antena3noticias.com<\/i><\/p>\n<div class=\"recirculation-video\" data-mod=\"a3mod_recirculation_video\">\n<div class=\"recirculation-video-wrapper\">\n<div>\n<div class=\"video-wrapper\">\n  <picture class=\"video-main-picture\"><source media=\"(min-width: 481px)\" srcset=\"https:\/\/fotografias.antena3.com\/clipping\/cmsimages01\/2025\/01\/21\/9620FFC7-3FC9-4F38-836B-AFEF5DF54D3C\/novak-djokovic-celebra-victoria-carlos-alcaraz-rod-laver-arena_94.jpg?crop=4078,2294,x0,y493&amp;width=800&amp;height=450&amp;optimize=medium&amp;format=webply\" width=\"800\" height=\"450\"><source media=\"(min-width: 391px) and (max-width: 480px)\" srcset=\"https:\/\/fotografias.antena3.com\/clipping\/cmsimages01\/2025\/01\/21\/9620FFC7-3FC9-4F38-836B-AFEF5DF54D3C\/novak-djokovic-celebra-victoria-carlos-alcaraz-rod-laver-arena_70.jpg?crop=4078,2294,x0,y493&amp;width=480&amp;height=270&amp;optimize=high&amp;format=webply\" width=\"480\" height=\"270\"><source media=\"(min-width: 321px) and (max-width: 390px)\" srcset=\"https:\/\/fotografias.antena3.com\/clipping\/cmsimages01\/2025\/01\/21\/9620FFC7-3FC9-4F38-836B-AFEF5DF54D3C\/novak-djokovic-celebra-victoria-carlos-alcaraz-rod-laver-arena_92.jpg?crop=4078,2290,x0,y497&amp;width=390&amp;height=219&amp;optimize=high&amp;format=webply\" width=\"390\" height=\"219\"><source media=\"(max-width: 320px)\" srcset=\"https:\/\/fotografias.antena3.com\/clipping\/cmsimages01\/2025\/01\/21\/9620FFC7-3FC9-4F38-836B-AFEF5DF54D3C\/novak-djokovic-celebra-victoria-carlos-alcaraz-rod-laver-arena_52.jpg?crop=4078,2294,x0,y493&amp;width=320&amp;height=180&amp;optimize=high&amp;format=webply\" width=\"320\" height=\"180\"><img decoding=\"async\" title=\"Novak Djokovic celebra su victoria ante Carlos Alcaraz en el Rod Laver Arena\" alt=\"Novak Djokovic celebra su victoria ante Carlos Alcaraz en el Rod Laver Arena\" width=\"480\" height=\"270\" src=\"https:\/\/fotografias.antena3.com\/clipping\/cmsimages01\/2025\/01\/21\/9620FFC7-3FC9-4F38-836B-AFEF5DF54D3C\/novak-djokovic-celebra-victoria-carlos-alcaraz-rod-laver-arena_70.jpg?crop=4078,2294,x0,y493&amp;width=480&amp;height=270&amp;optimize=high&amp;format=webply\" loading=\"lazy\" class=\"lazy\"\/><br \/>\n  <\/source><\/source><\/source><\/source><\/picture>\n <\/div>\n<\/div><\/div>\n<\/p><\/div>\n<\/div>\n\n","protected":false},"excerpt":{"rendered":"<p>Un doblete de Rodrygo Goes en los minutos 23 y 34, un tanto de fe de Kylian Mbapp\u00e9 en el 48 y otro doblete de Vin\u00edcius en el 55 y el 77 firmaron la &#8216;manita&#8217; del Real Madrid ante el Salzburgo (5-1). Por su parte, el Salzburgo escribi\u00f3 su tanto en el minuto 85, obra &hellip;<\/p>\n","protected":false},"author":1,"featured_media":11529,"comment_status":"open","ping_status":"open","sticky":false,"template":"","format":"standard","meta":{"fifu_image_url":"https:\/\/fotografias.antena3.com\/clipping\/cmsimages01\/2025\/01\/22\/F929E034-820C-4C1F-B56F-6E3514F2753C\/real-madrid-celebra-primer-gol-rodrygo_69.jpg?crop=1920,1080,x0,y0&width=1280&height=720&optimize=low&format=jpg","fifu_image_alt":"","footnotes":""},"categories":[6],"tags":[],"class_list":["post-11527","post","type-post","status-publish","format-standard","has-post-thumbnail","","category-deportes"],"_links":{"self":[{"href":"https:\/\/noticiasveraces.com\/index.php?rest_route=\/wp\/v2\/posts\/11527","targetHints":{"allow":["GET"]}}],"collection":[{"href":"https:\/\/noticiasveraces.com\/index.php?rest_route=\/wp\/v2\/posts"}],"about":[{"href":"https:\/\/noticiasveraces.com\/index.php?rest_route=\/wp\/v2\/types\/post"}],"author":[{"embeddable":true,"href":"https:\/\/noticiasveraces.com\/index.php?rest_route=\/wp\/v2\/users\/1"}],"replies":[{"embeddable":true,"href":"https:\/\/noticiasveraces.com\/index.php?rest_route=%2Fwp%2Fv2%2Fcomments&post=11527"}],"version-history":[{"count":0,"href":"https:\/\/noticiasveraces.com\/index.php?rest_route=\/wp\/v2\/posts\/11527\/revisions"}],"wp:featuredmedia":[{"embeddable":true,"href":"https:\/\/noticiasveraces.com\/index.php?rest_route=\/wp\/v2\/media\/11529"}],"wp:attachment":[{"href":"https:\/\/noticiasveraces.com\/index.php?rest_route=%2Fwp%2Fv2%2Fmedia&parent=11527"}],"wp:term":[{"taxonomy":"category","embeddable":true,"href":"https:\/\/noticiasveraces.com\/index.php?rest_route=%2Fwp%2Fv2%2Fcategories&post=11527"},{"taxonomy":"post_tag","embeddable":true,"href":"https:\/\/noticiasveraces.com\/index.php?rest_route=%2Fwp%2Fv2%2Ftags&post=11527"}],"curies":[{"name":"wp","href":"https:\/\/api.w.org\/{rel}","templated":true}]}}