{"id":11521,"date":"2025-01-22T18:00:11","date_gmt":"2025-01-22T22:00:11","guid":{"rendered":"https:\/\/noticiasveraces.com\/?p=11521"},"modified":"2025-01-22T18:00:11","modified_gmt":"2025-01-22T22:00:11","slug":"2-personas-mueren-en-un-ataque-con-cuchillo-en-alemania-scholz-dice-que-debe-haber-consecuencias","status":"publish","type":"post","link":"https:\/\/noticiasveraces.com\/?p=11521","title":{"rendered":"2 personas mueren en un ataque con cuchillo en Alemania. Scholz dice que debe haber consecuencias"},"content":{"rendered":"<p> \n<\/p>\n<div>\n<p class=\"speakable\">Dos personas, entre ellas un ni\u00f1o de 2 a\u00f1os, murieron y otras tres resultaron heridas en un ataque con arma blanca el mi\u00e9rcoles en Baviera. El sospechoso, un antiguo solicitante de asilo que deb\u00eda abandonar Alemania, fue detenido.<\/p>\n<p class=\"speakable\">El canciller Olaf Scholz dijo que las autoridades deben aclarar por qu\u00e9 el sospechoso todav\u00eda se encuentra en el pa\u00eds. Dijo que el ataque, ocurrido un mes antes de una elecci\u00f3n nacional en la que frenar la migraci\u00f3n irregular es un tema importante, debe tener consecuencias.<\/p>\n<p><strong>APU\u00d1ALAMIENTO &#8216;ALEATORIO&#8217; EN FESTIVAL EN ALEMANIA DEJA 3 MUERTOS Y OTROS HERIDOS: INFORME<\/strong><\/p>\n<p>El ataque se produjo poco antes del mediod\u00eda en un parque de Aschaffenburg, una ciudad de unos 72.000 habitantes. El m\u00e1ximo responsable de seguridad de Baviera, Joachim Herrmann, dijo que el agresor atac\u00f3 al ni\u00f1o, que formaba parte de un grupo de ni\u00f1os de jard\u00edn de infancia, con un cuchillo de cocina.<\/p>\n<p>Dijo que el ni\u00f1o de dos a\u00f1os de origen marroqu\u00ed fue asesinado, junto con un alem\u00e1n de 41 a\u00f1os que pasaba por all\u00ed y que parec\u00eda haber intervenido para proteger a los otros ni\u00f1os. Las autoridades b\u00e1varas dijeron que dos adultos y una ni\u00f1a siria de dos a\u00f1os resultaron heridos y trasladados a un hospital para recibir tratamiento, y que ninguna de sus vidas corr\u00eda peligro.<\/p>\n<p>Otros transe\u00fantes persiguieron al sospechoso y \u00e9ste fue detenido 12 minutos despu\u00e9s del ataque, dijo Herrmann.<\/p>\n<div class=\"image-ct inline\">\n<div class=\"m\"><picture><source media=\"(max-width: 767px)\" srcset=\"https:\/\/a57.foxnews.com\/static.foxnews.com\/foxnews.com\/content\/uploads\/2025\/01\/343\/192\/germany-stabbing.jpg?ve=1&amp;tl=1, https:\/\/a57.foxnews.com\/static.foxnews.com\/foxnews.com\/content\/uploads\/2025\/01\/686\/384\/germany-stabbing.jpg?ve=1&amp;tl=1 2x\" height=\"192\" width=\"343\"><source media=\"(min-width: 768px) and (max-width: 1023px)\" srcset=\"https:\/\/a57.foxnews.com\/static.foxnews.com\/foxnews.com\/content\/uploads\/2025\/01\/672\/378\/germany-stabbing.jpg?ve=1&amp;tl=1, https:\/\/a57.foxnews.com\/static.foxnews.com\/foxnews.com\/content\/uploads\/2025\/01\/1344\/756\/germany-stabbing.jpg?ve=1&amp;tl=1 2x\" height=\"378\" width=\"672\"><source media=\"(min-width: 1024px) and (max-width: 1279px)\" srcset=\"https:\/\/a57.foxnews.com\/static.foxnews.com\/foxnews.com\/content\/uploads\/2025\/01\/931\/523\/germany-stabbing.jpg?ve=1&amp;tl=1, https:\/\/a57.foxnews.com\/static.foxnews.com\/foxnews.com\/content\/uploads\/2025\/01\/1862\/1046\/germany-stabbing.jpg?ve=1&amp;tl=1 2x\" height=\"523\" width=\"931\"><source media=\"(min-width: 1280px)\" srcset=\"https:\/\/a57.foxnews.com\/static.foxnews.com\/foxnews.com\/content\/uploads\/2025\/01\/720\/405\/germany-stabbing.jpg?ve=1&amp;tl=1, https:\/\/a57.foxnews.com\/static.foxnews.com\/foxnews.com\/content\/uploads\/2025\/01\/1440\/810\/germany-stabbing.jpg?ve=1&amp;tl=1 2x\" height=\"405\" width=\"720\"><img loading=\"lazy\" decoding=\"async\" src=\"https:\/\/a57.foxnews.com\/static.foxnews.com\/foxnews.com\/content\/uploads\/2025\/01\/1200\/675\/germany-stabbing.jpg?ve=1&amp;tl=1\" alt=\"Alemania apu\u00f1alamiento\" width=\"1200\" height=\"675\"\/><\/source><\/source><\/source><\/source><\/picture><\/div>\n<div class=\"info\">\n<div class=\"caption\">\n<p><span>Se ven veh\u00edculos de rescate cerca de la escena del crimen en Aschaffenburg, Alemania, el mi\u00e9rcoles 22 de enero de 2025, donde dos personas murieron en un ataque con cuchillo.<\/span> <span>(Ralf Hettler\/dpa v\u00eda AP)<\/span><\/p>\n<\/div>\n<\/div>\n<\/div>\n<p>Dijo que el sospechoso, un ciudadano afgano de 28 a\u00f1os, hab\u00eda llamado la atenci\u00f3n de las autoridades al menos tres veces debido a actos de violencia. En cada ocasi\u00f3n fue enviado a tratamiento psiqui\u00e1trico y luego puesto en libertad.<\/p>\n<p>Se cree que el sospechoso lleg\u00f3 a Alemania en noviembre de 2022 y solicit\u00f3 asilo a principios de 2023, dijo Herrmann. El 4 de diciembre, dijo a las autoridades que abandonar\u00eda el pa\u00eds voluntariamente y buscar\u00eda documentos en el consulado afgano. Una semana despu\u00e9s, las autoridades alemanas cerraron formalmente el procedimiento de asilo y le dijeron que se marchara.<\/p>\n<p>La polic\u00eda trabajar\u00e1 en los pr\u00f3ximos d\u00edas para identificar su motivo, dijo Herrmann, a\u00f1adiendo que hasta el momento las sospechas apuntan a su enfermedad psiqui\u00e1trica. Una primera b\u00fasqueda en su habitaci\u00f3n en un hogar de refugiados no encontr\u00f3 evidencia de que tuviera opiniones isl\u00e1micas radicales y s\u00f3lo encontr\u00f3 medicamentos que encajaban con su tratamiento psiqui\u00e1trico, dijo.<\/p>\n<p>El ataque es pol\u00edticamente delicado a un mes de las elecciones nacionales de Alemania.<\/p>\n<p>Scholz emiti\u00f3 una en\u00e9rgica declaraci\u00f3n condenando lo que llam\u00f3 \u00abun acto de terror incomprensible\u00bb.<\/p>\n<p>\u00abEstoy cansado de que este tipo de actos de violencia ocurran aqu\u00ed cada pocas semanas, por parte de perpetradores que vinieron a nosotros en busca de protecci\u00f3n aqu\u00ed\u00bb, dijo. \u00abAqu\u00ed la tolerancia equivocada no es apropiada. Las autoridades deben aclarar con mucha presi\u00f3n por qu\u00e9 el atacante todav\u00eda estaba en Alemania\u00bb.<\/p>\n<p>Esto debe tener \u00abconsecuencias inmediatas; no basta con hablar\u00bb, a\u00f1adi\u00f3 Scholz. No dio m\u00e1s detalles.<\/p>\n<p><strong><u>HAGA CLIC AQU\u00cd PARA OBTENER LA APLICACI\u00d3N FOX NEWS<\/u><\/strong><\/p>\n<p>Tras un ataque con cuchillo por parte de un inmigrante afgano en Mannheim en mayo que dej\u00f3 un oficial de polic\u00eda muerto y cuatro personas m\u00e1s heridas, Scholz prometi\u00f3 que Alemania comenzar\u00eda a deportar criminales de Afganist\u00e1n y Siria nuevamente. Prometi\u00f3 intensificar las deportaciones de solicitantes de asilo rechazados tras un ataque con cuchillo en Solingen en agosto en el que un presunto extremista isl\u00e1mico de Siria est\u00e1 acusado de matar a tres personas.<\/p>\n<p>A finales de agosto, Alemania deport\u00f3 a ciudadanos afganos a su pa\u00eds de origen por primera vez desde que los talibanes regresaron al poder en 2021.<\/p>\n<p> <!----> <!----><\/div>\n\n","protected":false},"excerpt":{"rendered":"<p>Dos personas, entre ellas un ni\u00f1o de 2 a\u00f1os, murieron y otras tres resultaron heridas en un ataque con arma blanca el mi\u00e9rcoles en Baviera. El sospechoso, un antiguo solicitante de asilo que deb\u00eda abandonar Alemania, fue detenido. El canciller Olaf Scholz dijo que las autoridades deben aclarar por qu\u00e9 el sospechoso todav\u00eda se encuentra &hellip;<\/p>\n","protected":false},"author":1,"featured_media":11523,"comment_status":"open","ping_status":"open","sticky":false,"template":"","format":"standard","meta":{"fifu_image_url":"https:\/\/static.foxnews.com\/foxnews.com\/content\/uploads\/2025\/01\/germany-stabbing.jpg","fifu_image_alt":"","footnotes":""},"categories":[13],"tags":[],"class_list":["post-11521","post","type-post","status-publish","format-standard","has-post-thumbnail","","category-mundo"],"_links":{"self":[{"href":"https:\/\/noticiasveraces.com\/index.php?rest_route=\/wp\/v2\/posts\/11521","targetHints":{"allow":["GET"]}}],"collection":[{"href":"https:\/\/noticiasveraces.com\/index.php?rest_route=\/wp\/v2\/posts"}],"about":[{"href":"https:\/\/noticiasveraces.com\/index.php?rest_route=\/wp\/v2\/types\/post"}],"author":[{"embeddable":true,"href":"https:\/\/noticiasveraces.com\/index.php?rest_route=\/wp\/v2\/users\/1"}],"replies":[{"embeddable":true,"href":"https:\/\/noticiasveraces.com\/index.php?rest_route=%2Fwp%2Fv2%2Fcomments&post=11521"}],"version-history":[{"count":0,"href":"https:\/\/noticiasveraces.com\/index.php?rest_route=\/wp\/v2\/posts\/11521\/revisions"}],"wp:featuredmedia":[{"embeddable":true,"href":"https:\/\/noticiasveraces.com\/index.php?rest_route=\/wp\/v2\/media\/11523"}],"wp:attachment":[{"href":"https:\/\/noticiasveraces.com\/index.php?rest_route=%2Fwp%2Fv2%2Fmedia&parent=11521"}],"wp:term":[{"taxonomy":"category","embeddable":true,"href":"https:\/\/noticiasveraces.com\/index.php?rest_route=%2Fwp%2Fv2%2Fcategories&post=11521"},{"taxonomy":"post_tag","embeddable":true,"href":"https:\/\/noticiasveraces.com\/index.php?rest_route=%2Fwp%2Fv2%2Ftags&post=11521"}],"curies":[{"name":"wp","href":"https:\/\/api.w.org\/{rel}","templated":true}]}}