{"id":11511,"date":"2025-01-22T15:55:12","date_gmt":"2025-01-22T19:55:12","guid":{"rendered":"https:\/\/noticiasveraces.com\/?p=11511"},"modified":"2025-01-22T15:55:12","modified_gmt":"2025-01-22T19:55:12","slug":"guterres-denuncia-en-davos-el-retroceso-de-los-compromisos-climaticos","status":"publish","type":"post","link":"https:\/\/noticiasveraces.com\/?p=11511","title":{"rendered":"Guterres denuncia en Davos el retroceso de los compromisos clim\u00e1ticos"},"content":{"rendered":"<p> \n<br \/><img decoding=\"async\" src=\"https:\/\/global.unitednations.entermediadb.net\/assets\/mediadb\/services\/module\/asset\/downloads\/preset\/Libraries\/Production%20Library\/22-01-2025-SG-Davos-01.jpg\/image560x340cropped.jpg\" \/><\/p>\n<div>\n<p>La \u00e9lite pol\u00edtica y empresarial mundial, presente en Davos, escuch\u00f3 el mi\u00e9rcoles un discurso contundente del Secretario General, quien denunci\u00f3 la falta de colaboraci\u00f3n multilateral en un \u201cun mundo cada vez m\u00e1s a la deriva\u201d, amenazado por dos peligros existenciales: el cambio clim\u00e1tico y la inteligencia artificial (IA) no regulada.<\/p>\n<p>El discurso se llev\u00f3 a cabo en la reuni\u00f3n anual del Foro Econ\u00f3mico Mundial, el exclusivo evento que se celebra en lo alto de los Alpes suizos y en el que se codean pol\u00edticos de alto nivel, jefes de Estado y directores generales de algunas de las empresas. m\u00e1s grandes e influyentes del mundo.<\/p>\n<p>Ant\u00f3nio Guterres se refiri\u00f3 al tema de la reuni\u00f3n de este a\u00f1o, <em>Colaboraci\u00f3n para la era de la inteligencia<\/em>afirmando que precisamente <strong>Apenas hay pruebas de colaboraci\u00f3n o inteligencia.<\/strong>pero s\u00ed abundantes del empeoramiento de muchos de los problemas del mundo, desde los conflictos a la desigualdad y las violaciones de los derechos humanos.<\/p>\n<p>La guerra nuclear ya no es la \u00fanica amenaza existencial para la humanidad, afirm\u00f3, se\u00f1alando la <strong>crisis clim\u00e1tica y la \u201cexpansi\u00f3n sin control\u201d de la inteligencia artificial<\/strong> (IOWA).<\/p>\n<h2>El monstruo de Frankenstein<\/h2>\n<p>Comparando la adicci\u00f3n a los combustibles f\u00f3siles con el monstruo de Frankenstein, \u201cque no perdonaba nada ni a nadie\u201d, el Secretario General se\u00f1al\u00f3 la iron\u00eda que supone el hecho de que 13 de los mayores puertos del mundo para superpetroleros est\u00e9n a punto de verso desbordados por la subida del nivel del mar, debido al aumento de las temperaturas provocadas por esos mismos combustibles.<\/p>\n<p>La decisi\u00f3n de varias instituciones financieras e industrias de dar marcha atr\u00e1s en sus compromisos clim\u00e1ticos fue calificada por Guterres como \u201ccorta de miras y, parad\u00f3jicamente, ego\u00edsta, a la vez que contraproducente\u201d.<\/p>\n<h2>Estar en el lado equivocado<\/h2>\n<p>\u201cEst\u00e1n en el lado equivocado de la historia. Est\u00e1n en el lado equivocado de la ciencia. Y est\u00e1n en el lado equivocado de los consumidores que buscan m\u00e1s sostenibilidad, no menos\u201d.<\/p>\n<p>De cara a la Conferencia de las Naciones Unidas sobre el Clima (COP30), que se celebrar\u00e1 en Brasil a finales de a\u00f1o, el Secretario General record\u00f3 a los l\u00edderes mundiales que deben cumplir su promesa de elaborar nuevos planes nacionales de acci\u00f3n por el clima para toda la econom\u00eda mucho antes de la cita.<\/p>\n<p>Los pa\u00edses en desarrollo necesitan una <strong>\u201cAuge de financiaci\u00f3n\u201d para la acci\u00f3n clim\u00e1tica.<\/strong>declar\u00f3, instalando no s\u00f3lo a los gobiernos sino a todas las empresas e instituciones financieras para crear planes de transici\u00f3n s\u00f3lidos y responsables.<\/p>\n<h2>La IA, un arma de doble filo<\/h2>\n<p>La pr\u00f3xima amenaza existencial, la inteligencia artificial, es un arma de doble filo, explic\u00f3 Guterres. Debido a que ya est\u00e1 revolucionando el aprendizaje, diagnosticando enfermedades, ayudando a los agricultores a aumentar sus cosechas y mejorando la orientaci\u00f3n de la ayuda.<\/p>\n<p>Sin embargo, si se deja sin gobernar, conlleva profundos riesgos. Puede perturbar las econom\u00edas, socavar la confianza en las instituciones y agravar las desigualdades, advirti\u00f3 el Secretario General.<\/p>\n<p>El Pacto Mundial Digital, que forma parte del Pacto para el Futuro adoptado por los Estados miembros de la ONU el pasado septiembre, ofrece una \u201cruta para aprovechar el inmenso potencial de la tecnolog\u00eda digital y cerrar las brechas digitales\u201d, con una <strong>visi\u00f3n compartida de la IA al servicio de la humanidad<\/strong>y no al rev\u00e9s.<\/p>\n<p>A pesar de los desaf\u00edos, Guterres afirm\u00f3 que la ONU nunca cesar\u00e1 su demanda por la paz, basada en la Carta de las Naciones Unidas, el derecho internacional y los principios de soberan\u00eda. As\u00ed como la independencia pol\u00edtica e integridad territorial de los Estados.<\/p>\n<p>Reformar las instituciones, desde la arquitectura financiera mundial hasta el Consejo de Seguridad de la ONU, es una necesidad, afirm\u00f3 el Secretario General, porque los sistemas de gobernanza suelen estar mal equipados para hacer frente a los retos actuales. Pero estos cambios esenciales, a los que se comprometieron los l\u00edderes mundiales en la Cumbre del Futuro, s\u00f3lo ser\u00e1n posibles con voluntad pol\u00edtica.<\/p>\n<p>Guterres advirti\u00f3: \u201cNo estoy convencido de que los l\u00edderes lo entiendan\u201d.<\/p>\n<p>El Secretario General concluy\u00f3 su intervenci\u00f3n retomando el tema de la edici\u00f3n de Davos de este a\u00f1o, haciendo un llamamiento a la comunidad mundial para que afronte estos retos existenciales y trabaje unida.<\/p>\n<\/div>\n\n","protected":false},"excerpt":{"rendered":"<p>La \u00e9lite pol\u00edtica y empresarial mundial, presente en Davos, escuch\u00f3 el mi\u00e9rcoles un discurso contundente del Secretario General, quien denunci\u00f3 la falta de colaboraci\u00f3n multilateral en un \u201cun mundo cada vez m\u00e1s a la deriva\u201d, amenazado por dos peligros existenciales: el cambio clim\u00e1tico y la inteligencia artificial (IA) no regulada. El discurso se llev\u00f3 a &hellip;<\/p>\n","protected":false},"author":1,"featured_media":11513,"comment_status":"open","ping_status":"open","sticky":false,"template":"","format":"standard","meta":{"fifu_image_url":"https:\/\/global.unitednations.entermediadb.net\/assets\/mediadb\/services\/module\/asset\/downloads\/preset\/Libraries\/Production%20Library\/22-01-2025-SG-Davos-01.jpg\/image770x420cropped.jpg","fifu_image_alt":"","footnotes":""},"categories":[3],"tags":[],"class_list":["post-11511","post","type-post","status-publish","format-standard","has-post-thumbnail","","category-negocio"],"_links":{"self":[{"href":"https:\/\/noticiasveraces.com\/index.php?rest_route=\/wp\/v2\/posts\/11511","targetHints":{"allow":["GET"]}}],"collection":[{"href":"https:\/\/noticiasveraces.com\/index.php?rest_route=\/wp\/v2\/posts"}],"about":[{"href":"https:\/\/noticiasveraces.com\/index.php?rest_route=\/wp\/v2\/types\/post"}],"author":[{"embeddable":true,"href":"https:\/\/noticiasveraces.com\/index.php?rest_route=\/wp\/v2\/users\/1"}],"replies":[{"embeddable":true,"href":"https:\/\/noticiasveraces.com\/index.php?rest_route=%2Fwp%2Fv2%2Fcomments&post=11511"}],"version-history":[{"count":0,"href":"https:\/\/noticiasveraces.com\/index.php?rest_route=\/wp\/v2\/posts\/11511\/revisions"}],"wp:featuredmedia":[{"embeddable":true,"href":"https:\/\/noticiasveraces.com\/index.php?rest_route=\/wp\/v2\/media\/11513"}],"wp:attachment":[{"href":"https:\/\/noticiasveraces.com\/index.php?rest_route=%2Fwp%2Fv2%2Fmedia&parent=11511"}],"wp:term":[{"taxonomy":"category","embeddable":true,"href":"https:\/\/noticiasveraces.com\/index.php?rest_route=%2Fwp%2Fv2%2Fcategories&post=11511"},{"taxonomy":"post_tag","embeddable":true,"href":"https:\/\/noticiasveraces.com\/index.php?rest_route=%2Fwp%2Fv2%2Ftags&post=11511"}],"curies":[{"name":"wp","href":"https:\/\/api.w.org\/{rel}","templated":true}]}}