{"id":11485,"date":"2025-01-22T12:27:40","date_gmt":"2025-01-22T16:27:40","guid":{"rendered":"https:\/\/noticiasveraces.com\/?p=11485"},"modified":"2025-01-22T12:27:40","modified_gmt":"2025-01-22T16:27:40","slug":"record-mundial-de-apnea-en-movimiento-en-el-fondo-de-una-piscina","status":"publish","type":"post","link":"https:\/\/noticiasveraces.com\/?p=11485","title":{"rendered":"R\u00e9cord mundial de apnea en movimiento en el fondo de una piscina"},"content":{"rendered":"<p> \n<\/p>\n<div id=\"intext\">\n<p><b>Ambar Bourke<\/b> ya lo hab\u00eda intentado en otras ocasiones, pero no hab\u00eda conseguido superar la marca femenina establecida en 109 metros de <b>apnea en movimiento<\/b>. Sin embargo, esta vez lo ha hecho. <b>R\u00e9cord del mundo<\/b> de apnea en movimiento tras recorrer<b> 112,83 metros<\/b> en el fondo de una <b>piscina ol\u00edmpica<\/b>. En l\u00ednea recta podr\u00edamos compararlo con el largo de un <b>campo de futbol<\/b>.<\/p>\n<p>Lo ha hecho sin respirar, cargada con <b>nueve kilos de lastre<\/b> a la cintura y doblada a 90 grados. El unico contacto con el <b>fondo de la piscina<\/b> han sido sus <b>pasteles<\/b>. Pasos muy cortos y, a pesar de algunos resbalones, consiguieron mantener el equilibrio y no perder la marcha. Ida y vuelta dos veces hasta salir a la superficie.<\/p>\n<p>Una vez fuera del agua los jueces del <b>Guinness<\/b> hicieron las comprobaciones oportunas y&#8230; \u00a1r\u00e9cord conseguido! Amber Bourke consegu\u00eda un nuevo logro: \u00abEl a\u00f1o pasado lo hice, pero no pude superar la marca establecida y este a\u00f1o lo he vuelto a intentar y ahora s\u00ed\u00bb. Eran sus primeras palabras desde el bordillo de la piscina, nada m\u00e1s saber que hab\u00eda conseguido la <b>hazana<\/b>.<\/p>\n<p>Cuenta que estar bajo el <b>agua<\/b> le da paz, pues para ella la <b>apnea est\u00e1tica<\/b> es muy aburrida y siempre est\u00e1 buscando nuevas formas de enfrentarse a los <b>fondos acu\u00e1ticos<\/b>.<\/p>\n<h2 class=\"title-h2\">Cumple un sue\u00f1o<\/h2>\n<p>Para superar esta \u00faltima prueba han hecho falta muchas horas de<b> entrenamiento <\/b>tanto dentro como fuera del agua, una buena forma <b>fisica<\/b> es importante para resistir. \u00abSiempre ha sido mi sue\u00f1o, tener un R\u00e9cord Guinness\u00bb, analiza.<\/p>\n<p>Es un favor de la lucha por la conservaci\u00f3n de los <b>fondos marinos<\/b> y lo conseguido con el premio lo destinar\u00e1 a la asociaci\u00f3n australiana para la <b>conservaci\u00f3n marina<\/b>.<\/p>\n<p><i>S\u00edguenos en nuestro canal de WhatsApp y no te pierdas la \u00faltima hora y toda la actualidad de antena3noticias.com<\/i><\/p>\n<div class=\"recirculation-video\" data-mod=\"a3mod_recirculation_video\">\n<div class=\"recirculation-video-wrapper\">\n<div>\n<div class=\"video-wrapper\">\n  <picture class=\"video-main-picture\"><source media=\"(min-width: 481px)\" srcset=\"https:\/\/fotografias.antena3.com\/clipping\/cmsimages01\/2025\/01\/21\/9620FFC7-3FC9-4F38-836B-AFEF5DF54D3C\/novak-djokovic-celebra-victoria-carlos-alcaraz-rod-laver-arena_94.jpg?crop=4078,2294,x0,y493&amp;width=800&amp;height=450&amp;optimize=medium&amp;format=webply\" width=\"800\" height=\"450\"><source media=\"(min-width: 391px) and (max-width: 480px)\" srcset=\"https:\/\/fotografias.antena3.com\/clipping\/cmsimages01\/2025\/01\/21\/9620FFC7-3FC9-4F38-836B-AFEF5DF54D3C\/novak-djokovic-celebra-victoria-carlos-alcaraz-rod-laver-arena_70.jpg?crop=4078,2294,x0,y493&amp;width=480&amp;height=270&amp;optimize=high&amp;format=webply\" width=\"480\" height=\"270\"><source media=\"(min-width: 321px) and (max-width: 390px)\" srcset=\"https:\/\/fotografias.antena3.com\/clipping\/cmsimages01\/2025\/01\/21\/9620FFC7-3FC9-4F38-836B-AFEF5DF54D3C\/novak-djokovic-celebra-victoria-carlos-alcaraz-rod-laver-arena_92.jpg?crop=4078,2290,x0,y497&amp;width=390&amp;height=219&amp;optimize=high&amp;format=webply\" width=\"390\" height=\"219\"><source media=\"(max-width: 320px)\" srcset=\"https:\/\/fotografias.antena3.com\/clipping\/cmsimages01\/2025\/01\/21\/9620FFC7-3FC9-4F38-836B-AFEF5DF54D3C\/novak-djokovic-celebra-victoria-carlos-alcaraz-rod-laver-arena_52.jpg?crop=4078,2294,x0,y493&amp;width=320&amp;height=180&amp;optimize=high&amp;format=webply\" width=\"320\" height=\"180\"><img decoding=\"async\" title=\"Novak Djokovic celebra su victoria ante Carlos Alcaraz en el Rod Laver Arena\" alt=\"Novak Djokovic celebra su victoria ante Carlos Alcaraz en el Rod Laver Arena\" width=\"480\" height=\"270\" src=\"https:\/\/fotografias.antena3.com\/clipping\/cmsimages01\/2025\/01\/21\/9620FFC7-3FC9-4F38-836B-AFEF5DF54D3C\/novak-djokovic-celebra-victoria-carlos-alcaraz-rod-laver-arena_70.jpg?crop=4078,2294,x0,y493&amp;width=480&amp;height=270&amp;optimize=high&amp;format=webply\" loading=\"lazy\" class=\"lazy\"\/><br \/>\n  <\/source><\/source><\/source><\/source><\/picture>\n <\/div>\n<\/div><\/div>\n<\/p><\/div>\n<\/div>\n\n","protected":false},"excerpt":{"rendered":"<p>Ambar Bourke ya lo hab\u00eda intentado en otras ocasiones, pero no hab\u00eda conseguido superar la marca femenina establecida en 109 metros de apnea en movimiento. Sin embargo, esta vez lo ha hecho. R\u00e9cord del mundo de apnea en movimiento tras recorrer 112,83 metros en el fondo de una piscina ol\u00edmpica. En l\u00ednea recta podr\u00edamos compararlo &hellip;<\/p>\n","protected":false},"author":1,"featured_media":11487,"comment_status":"open","ping_status":"open","sticky":false,"template":"","format":"standard","meta":{"fifu_image_url":"https:\/\/fotografias.antena3.com\/clipping\/cmsimages01\/2025\/01\/22\/B1E6EBD0-643E-41B8-8A4D-B8051D328C3F\/record-mundial-apnea-movimiento-fondo-piscina_69.jpg?crop=853,480,x0,y0&width=1280&height=720&optimize=low&format=jpg","fifu_image_alt":"","footnotes":""},"categories":[6],"tags":[],"class_list":["post-11485","post","type-post","status-publish","format-standard","has-post-thumbnail","","category-deportes"],"_links":{"self":[{"href":"https:\/\/noticiasveraces.com\/index.php?rest_route=\/wp\/v2\/posts\/11485","targetHints":{"allow":["GET"]}}],"collection":[{"href":"https:\/\/noticiasveraces.com\/index.php?rest_route=\/wp\/v2\/posts"}],"about":[{"href":"https:\/\/noticiasveraces.com\/index.php?rest_route=\/wp\/v2\/types\/post"}],"author":[{"embeddable":true,"href":"https:\/\/noticiasveraces.com\/index.php?rest_route=\/wp\/v2\/users\/1"}],"replies":[{"embeddable":true,"href":"https:\/\/noticiasveraces.com\/index.php?rest_route=%2Fwp%2Fv2%2Fcomments&post=11485"}],"version-history":[{"count":0,"href":"https:\/\/noticiasveraces.com\/index.php?rest_route=\/wp\/v2\/posts\/11485\/revisions"}],"wp:featuredmedia":[{"embeddable":true,"href":"https:\/\/noticiasveraces.com\/index.php?rest_route=\/wp\/v2\/media\/11487"}],"wp:attachment":[{"href":"https:\/\/noticiasveraces.com\/index.php?rest_route=%2Fwp%2Fv2%2Fmedia&parent=11485"}],"wp:term":[{"taxonomy":"category","embeddable":true,"href":"https:\/\/noticiasveraces.com\/index.php?rest_route=%2Fwp%2Fv2%2Fcategories&post=11485"},{"taxonomy":"post_tag","embeddable":true,"href":"https:\/\/noticiasveraces.com\/index.php?rest_route=%2Fwp%2Fv2%2Ftags&post=11485"}],"curies":[{"name":"wp","href":"https:\/\/api.w.org\/{rel}","templated":true}]}}