{"id":11475,"date":"2025-01-22T10:44:47","date_gmt":"2025-01-22T14:44:47","guid":{"rendered":"https:\/\/noticiasveraces.com\/?p=11475"},"modified":"2025-01-22T10:44:47","modified_gmt":"2025-01-22T14:44:47","slug":"francia-ordena-a-venezuela-reducir-su-personal-diplomatico-dw-22-01-2025","status":"publish","type":"post","link":"https:\/\/noticiasveraces.com\/?p=11475","title":{"rendered":"Francia ordena a Venezuela reducir su personal diplom\u00e1tico \u2013 DW \u2013 22\/01\/2025"},"content":{"rendered":"<p> \n<\/p>\n<div>\n<p>\u00abEsta decisi\u00f3n es una medida de reciprocidad tras la decisi\u00f3n de las autoridades venezolanas (&#8230;) por motivos que rechazamos categ\u00f3ricamente\u00bb, indic\u00f3 a la prensa el portavoz de la diplomacia francesa.<\/p>\n<p>La canciller\u00eda francesa \u00abpidi\u00f3 el lunes 20 de enero a la embajada\u00bb de Venezuela \u00abproceder a reducir su personal diplom\u00e1tico y dio un plazo de cinco d\u00edas a los agentes afectados para que abandonen el territorio\u00bb, agreg\u00f3.<\/p>\n<p>El pasado jueves, Francia ya hab\u00eda anunciado que adoptar\u00eda \u00abmedidas de reciprocidad\u00bb, un d\u00eda despu\u00e9s de convocar a la encargada de negocios venezolana en Par\u00eds, pero sin precisar cu\u00e1les ni cu\u00e1ndo.<\/p>\n<p>Francia rechaz\u00f3 ya entonces \u00abcateg\u00f3ricamente las alegaciones de injerencia\u00bb hechas por Venezuela, e insisti\u00f3 en que lo que hace es \u00abmantener un di\u00e1logo con el conjunto de las partes para facilitar una salida de crisis pac\u00edfica\u00bb.<\/p>\n<p>Adem\u00e1s, hizo hincapi\u00e9 en que el trabajo de sus diplom\u00e1ticos \u00abal servicio de cooperaciones bilaterales importantes, como en el terreno de la seguridad, de la cultura o el humanitario, se lleva a cabo plenamente en el marco de las convenciones de Viena\u00bb que regulan. la actividad diplom\u00e1tica y consular.<\/p>\n<h2>Medidas de Venezuela contra Francia, Pa\u00edses Bajos e Italia<\/h2>\n<p>El pasado 14 de enero, la canciller\u00eda venezolana hab\u00eda limitado a tres por pa\u00eds el n\u00famero de diplom\u00e1ticos de Francia, Pa\u00edses Bajos e Italia autorizados en Venezuela, por considerar que sus Gobiernos tienen una \u00abconducta hostil\u00bb, acusaci\u00f3n que Par\u00eds rechaza. Adem\u00e1s, Caracas advirti\u00f3 que esos diplom\u00e1ticos necesitar\u00edan una autorizaci\u00f3n escrita para desplazarse a m\u00e1s de 40 kil\u00f3metros de la plaza Bol\u00edvar, en la capital venezolana.<\/p>\n<p>Todo esto ocurre en un contexto de fricciones por la contestada investidura de Nicol\u00e1s Maduro, el pasado 10 de enero, para un tercer mandato consecutivo luego de las elecciones de julio, consideradas como fraudulentas por parte de la comunidad internacional.<\/p>\n<p>Pa\u00edses Bajos orden\u00f3 la semana pasada a Venezuela eliminar dos de cuatro puestos diplom\u00e1ticos en el pa\u00eds.<\/p>\n<p>rml (afp, efe)<\/p>\n<\/div>\n\n","protected":false},"excerpt":{"rendered":"<p>\u00abEsta decisi\u00f3n es una medida de reciprocidad tras la decisi\u00f3n de las autoridades venezolanas (&#8230;) por motivos que rechazamos categ\u00f3ricamente\u00bb, indic\u00f3 a la prensa el portavoz de la diplomacia francesa. La canciller\u00eda francesa \u00abpidi\u00f3 el lunes 20 de enero a la embajada\u00bb de Venezuela \u00abproceder a reducir su personal diplom\u00e1tico y dio un plazo de &hellip;<\/p>\n","protected":false},"author":1,"featured_media":11476,"comment_status":"open","ping_status":"open","sticky":false,"template":"","format":"standard","meta":{"fifu_image_url":"https:\/\/static.dw.com\/image\/70946028_6.jpg","fifu_image_alt":"","footnotes":""},"categories":[13],"tags":[],"class_list":["post-11475","post","type-post","status-publish","format-standard","has-post-thumbnail","","category-mundo"],"_links":{"self":[{"href":"https:\/\/noticiasveraces.com\/index.php?rest_route=\/wp\/v2\/posts\/11475","targetHints":{"allow":["GET"]}}],"collection":[{"href":"https:\/\/noticiasveraces.com\/index.php?rest_route=\/wp\/v2\/posts"}],"about":[{"href":"https:\/\/noticiasveraces.com\/index.php?rest_route=\/wp\/v2\/types\/post"}],"author":[{"embeddable":true,"href":"https:\/\/noticiasveraces.com\/index.php?rest_route=\/wp\/v2\/users\/1"}],"replies":[{"embeddable":true,"href":"https:\/\/noticiasveraces.com\/index.php?rest_route=%2Fwp%2Fv2%2Fcomments&post=11475"}],"version-history":[{"count":0,"href":"https:\/\/noticiasveraces.com\/index.php?rest_route=\/wp\/v2\/posts\/11475\/revisions"}],"wp:featuredmedia":[{"embeddable":true,"href":"https:\/\/noticiasveraces.com\/index.php?rest_route=\/wp\/v2\/media\/11476"}],"wp:attachment":[{"href":"https:\/\/noticiasveraces.com\/index.php?rest_route=%2Fwp%2Fv2%2Fmedia&parent=11475"}],"wp:term":[{"taxonomy":"category","embeddable":true,"href":"https:\/\/noticiasveraces.com\/index.php?rest_route=%2Fwp%2Fv2%2Fcategories&post=11475"},{"taxonomy":"post_tag","embeddable":true,"href":"https:\/\/noticiasveraces.com\/index.php?rest_route=%2Fwp%2Fv2%2Ftags&post=11475"}],"curies":[{"name":"wp","href":"https:\/\/api.w.org\/{rel}","templated":true}]}}