{"id":11472,"date":"2025-01-22T09:42:21","date_gmt":"2025-01-22T13:42:21","guid":{"rendered":"https:\/\/noticiasveraces.com\/?p=11472"},"modified":"2025-01-22T09:42:21","modified_gmt":"2025-01-22T13:42:21","slug":"se-crea-un-grupo-de-trabajo-en-africa-para-contrarrestar-los-temores-terroristas-de-iran-y-los-grupos-yihadistas","status":"publish","type":"post","link":"https:\/\/noticiasveraces.com\/?p=11472","title":{"rendered":"Se crea un grupo de trabajo en \u00c1frica para contrarrestar los temores terroristas de Ir\u00e1n y los grupos yihadistas"},"content":{"rendered":"<p> \n<\/p>\n<div>\n<div class=\"article-gating gated-overlay\">\n<div class=\"article-gating-wrapper\">\n<p>\u00danase a Fox News para acceder a este contenido<\/p>\n<p>Adem\u00e1s, acceso especial a art\u00edculos seleccionados y otro contenido premium con su cuenta, sin cargo.<\/p>\n<div class=\"article-gating-legal tablet-desktop\">Al ingresar su correo electr\u00f3nico y presionar Continuar, acepta los T\u00e9rminos de uso y la Pol\u00edtica de privacidad de Fox News, que incluye nuestro Aviso de incentivo financiero.\n    <\/div>\n<p><span>Por favor, introduce una direcci\u00f3n de correo electr\u00f3nico v\u00e1lida.<\/span><\/p>\n<footer class=\"article-gating-footer\">\u00bfTienes problemas? Haga clic aqu\u00ed.<\/footer>\n<\/div>\n<\/div>\n<p class=\"speakable\">JOHANNESBURGO &#8211; Para contrarrestar la amenaza percibida de terrorismo por parte de Ir\u00e1n y los grupos yihadistas, el rabino principal de Sud\u00e1frica est\u00e1 creando un grupo de trabajo especializado. <\/p>\n<p class=\"speakable\">El rabino jefe, Dr. Warren Goldstein, se vio impulsado a crear el grupo despu\u00e9s de un ataque con bomba en un centro jud\u00edo en Ciudad del Cabo el mes pasado. Se arroj\u00f3 un artefacto explosivo improvisado contra el Centro Comunitario Samson, pero no logr\u00f3 detonar. El centro alberga varias organizaciones jud\u00edas sudafricanas. <\/p>\n<p>El \u00abGrupo de Trabajo Contra el Terrorismo\u00bb har\u00e1 recomendaciones para proteger los lugares de culto, escuelas y centros comunitarios.<\/p>\n<p>\u00abLa comunidad jud\u00eda de Sud\u00e1frica, al igual que otras comunidades jud\u00edas a nivel mundial, enfrenta un mayor riesgo de sufrir ataques terroristas\u00bb, dijo Goldstein a Fox News Digital. \u00abEl r\u00e9gimen iran\u00ed es el principal exponente mundial del terrorismo patrocinado por el Estado, y su estrategia ha sido atacar a las comunidades jud\u00edas en todo el mundo. Con esto en mente, las conclusiones del grupo de trabajo se aplicar\u00e1n no s\u00f3lo en Sud\u00e1frica, sino a nivel mundial. \u00bb <\/p>\n<p><strong>EL AUMENTO GLOBAL DEL ANTISEMITISMO DEJA A LA COMUNIDAD JUD\u00cdA AISLADA, DICE RABINO QUE EL MUNDO SE ENCUENTRA EN &#8216;UN PUNTO DE INDICACI\u00d3N&#8217;<\/strong><\/p>\n<div class=\"image-ct inline\">\n<div class=\"m\"><picture><source media=\"(max-width: 767px)\" srcset=\"https:\/\/a57.foxnews.com\/static.foxnews.com\/foxnews.com\/content\/uploads\/2024\/03\/343\/192\/GettyImages-1741233040.jpg?ve=1&amp;tl=1, https:\/\/a57.foxnews.com\/static.foxnews.com\/foxnews.com\/content\/uploads\/2024\/03\/686\/384\/GettyImages-1741233040.jpg?ve=1&amp;tl=1 2x\" height=\"192\" width=\"343\"><source media=\"(min-width: 768px) and (max-width: 1023px)\" srcset=\"https:\/\/a57.foxnews.com\/static.foxnews.com\/foxnews.com\/content\/uploads\/2024\/03\/672\/378\/GettyImages-1741233040.jpg?ve=1&amp;tl=1, https:\/\/a57.foxnews.com\/static.foxnews.com\/foxnews.com\/content\/uploads\/2024\/03\/1344\/756\/GettyImages-1741233040.jpg?ve=1&amp;tl=1 2x\" height=\"378\" width=\"672\"><source media=\"(min-width: 1024px) and (max-width: 1279px)\" srcset=\"https:\/\/a57.foxnews.com\/static.foxnews.com\/foxnews.com\/content\/uploads\/2024\/03\/931\/523\/GettyImages-1741233040.jpg?ve=1&amp;tl=1, https:\/\/a57.foxnews.com\/static.foxnews.com\/foxnews.com\/content\/uploads\/2024\/03\/1862\/1046\/GettyImages-1741233040.jpg?ve=1&amp;tl=1 2x\" height=\"523\" width=\"931\"><source media=\"(min-width: 1280px)\" srcset=\"https:\/\/a57.foxnews.com\/static.foxnews.com\/foxnews.com\/content\/uploads\/2024\/03\/720\/405\/GettyImages-1741233040.jpg?ve=1&amp;tl=1, https:\/\/a57.foxnews.com\/static.foxnews.com\/foxnews.com\/content\/uploads\/2024\/03\/1440\/810\/GettyImages-1741233040.jpg?ve=1&amp;tl=1 2x\" height=\"405\" width=\"720\"><img loading=\"lazy\" decoding=\"async\" src=\"https:\/\/a57.foxnews.com\/static.foxnews.com\/foxnews.com\/content\/uploads\/2024\/03\/1200\/675\/GettyImages-1741233040.jpg?ve=1&amp;tl=1\" alt=\"Protesta antiisrael\u00ed en Sud\u00e1frica\" width=\"1200\" height=\"675\"\/><\/source><\/source><\/source><\/source><\/picture><\/div>\n<div class=\"info\">\n<div class=\"caption\">\n<p><span>Un hombre blande una r\u00e9plica de una pistola de juguete durante una manifestaci\u00f3n pro palestina organizada por el partido de oposici\u00f3n sudafricano Luchadores por la Libertad Econ\u00f3mica frente a la embajada de Israel en Pretoria, Sud\u00e1frica, el 23 de octubre de 2023.<\/span> <span>(Marco Longari\/AFP v\u00eda Getty Images)<\/span><\/p>\n<\/div>\n<\/div>\n<\/div>\n<p>A\u00f1adi\u00f3: \u00abAdem\u00e1s, durante la \u00faltima d\u00e9cada, \u00c1frica se ha convertido en un centro del terrorismo yihadista global, y los \u00edndices de amenaza aumentan dram\u00e1ticamente a medida que grupos como al-Shabab, Boko Haram e ISIS operan en todo el continente\u00bb. <\/p>\n<p>El grupo de trabajo est\u00e1 compuesto por autoridades mundiales en materia de terrorismo: el almirante Mike Hewitt, ex subdirector de Operaciones Globales del Estado Mayor Conjunto del Departamento de Defensa de EE. UU., Dean Haydon, ex coordinador nacional senior de lucha contra el terrorismo en el Reino Unido, el general de divisi\u00f3n David Tsur, ex comandante de la unidad antiterrorista de la polic\u00eda israel\u00ed, y Andre Pienaar, cofundador de la Direcci\u00f3n de Operaciones Especiales de Sud\u00e1frica, tambi\u00e9n conocidos como los Escorpiones. <\/p>\n<div class=\"image-ct inline\">\n<div class=\"m\"><picture><source media=\"(max-width: 767px)\" srcset=\"https:\/\/a57.foxnews.com\/static.foxnews.com\/foxnews.com\/content\/uploads\/2020\/09\/343\/192\/Islamic-Revolutionary-Guard-Corps-REUTERS.jpg?ve=1&amp;tl=1, https:\/\/a57.foxnews.com\/static.foxnews.com\/foxnews.com\/content\/uploads\/2020\/09\/686\/384\/Islamic-Revolutionary-Guard-Corps-REUTERS.jpg?ve=1&amp;tl=1 2x\" height=\"192\" width=\"343\"><source media=\"(min-width: 768px) and (max-width: 1023px)\" srcset=\"https:\/\/a57.foxnews.com\/static.foxnews.com\/foxnews.com\/content\/uploads\/2020\/09\/672\/378\/Islamic-Revolutionary-Guard-Corps-REUTERS.jpg?ve=1&amp;tl=1, https:\/\/a57.foxnews.com\/static.foxnews.com\/foxnews.com\/content\/uploads\/2020\/09\/1344\/756\/Islamic-Revolutionary-Guard-Corps-REUTERS.jpg?ve=1&amp;tl=1 2x\" height=\"378\" width=\"672\"><source media=\"(min-width: 1024px) and (max-width: 1279px)\" srcset=\"https:\/\/a57.foxnews.com\/static.foxnews.com\/foxnews.com\/content\/uploads\/2020\/09\/931\/523\/Islamic-Revolutionary-Guard-Corps-REUTERS.jpg?ve=1&amp;tl=1, https:\/\/a57.foxnews.com\/static.foxnews.com\/foxnews.com\/content\/uploads\/2020\/09\/1862\/1046\/Islamic-Revolutionary-Guard-Corps-REUTERS.jpg?ve=1&amp;tl=1 2x\" height=\"523\" width=\"931\"><source media=\"(min-width: 1280px)\" srcset=\"https:\/\/a57.foxnews.com\/static.foxnews.com\/foxnews.com\/content\/uploads\/2020\/09\/720\/405\/Islamic-Revolutionary-Guard-Corps-REUTERS.jpg?ve=1&amp;tl=1, https:\/\/a57.foxnews.com\/static.foxnews.com\/foxnews.com\/content\/uploads\/2020\/09\/1440\/810\/Islamic-Revolutionary-Guard-Corps-REUTERS.jpg?ve=1&amp;tl=1 2x\" height=\"405\" width=\"720\"><img loading=\"lazy\" decoding=\"async\" src=\"https:\/\/a57.foxnews.com\/static.foxnews.com\/foxnews.com\/content\/uploads\/2020\/09\/1200\/675\/Islamic-Revolutionary-Guard-Corps-REUTERS.jpg?ve=1&amp;tl=1\" alt=\"Miembros de la guardia revolucionaria iran\u00ed marchando\" width=\"1200\" height=\"675\"\/><\/source><\/source><\/source><\/source><\/picture><\/div>\n<div class=\"info\">\n<div class=\"caption\">\n<p><span>Miembros de la Guardia Revolucionaria iran\u00ed marchan durante un desfile.<\/span> <span>(Reuters)<\/span><\/p>\n<\/div>\n<\/div>\n<\/div>\n<p>El rabino principal a\u00f1adi\u00f3: <strong>\u00ab<\/strong>Reunir\u00e1n recursos y personal adicionales cuando sea necesario\u00bb. <\/p>\n<p>Goldstein dijo que el objetivo inmediato de la fuerza \u00abes proteger a la comunidad jud\u00eda sudafricana contra ataques. El objetivo m\u00e1s amplio es garantizar mejor la seguridad de todos los sudafricanos y de los ciudadanos de pa\u00edses de todo el mundo\u00bb. <\/p>\n<p>Continu\u00f3: \u00abEn toda \u00c1frica, especialmente, son los cristianos mucho m\u00e1s que los jud\u00edos los que sufren las consecuencias del terror yihadista. Cada a\u00f1o, los yihadistas asesinan a miles de cristianos por su fe\u00bb. <\/p>\n<div class=\"image-ct inline\">\n<div class=\"m\"><picture><source media=\"(max-width: 767px)\" srcset=\"https:\/\/a57.foxnews.com\/static.foxnews.com\/foxnews.com\/content\/uploads\/2024\/04\/343\/192\/Rabbi-Goldstein-April-16-video.png?ve=1&amp;tl=1, https:\/\/a57.foxnews.com\/static.foxnews.com\/foxnews.com\/content\/uploads\/2024\/04\/686\/384\/Rabbi-Goldstein-April-16-video.png?ve=1&amp;tl=1 2x\" height=\"192\" width=\"343\"><source media=\"(min-width: 768px) and (max-width: 1023px)\" srcset=\"https:\/\/a57.foxnews.com\/static.foxnews.com\/foxnews.com\/content\/uploads\/2024\/04\/672\/378\/Rabbi-Goldstein-April-16-video.png?ve=1&amp;tl=1, https:\/\/a57.foxnews.com\/static.foxnews.com\/foxnews.com\/content\/uploads\/2024\/04\/1344\/756\/Rabbi-Goldstein-April-16-video.png?ve=1&amp;tl=1 2x\" height=\"378\" width=\"672\"><source media=\"(min-width: 1024px) and (max-width: 1279px)\" srcset=\"https:\/\/a57.foxnews.com\/static.foxnews.com\/foxnews.com\/content\/uploads\/2024\/04\/931\/523\/Rabbi-Goldstein-April-16-video.png?ve=1&amp;tl=1, https:\/\/a57.foxnews.com\/static.foxnews.com\/foxnews.com\/content\/uploads\/2024\/04\/1862\/1046\/Rabbi-Goldstein-April-16-video.png?ve=1&amp;tl=1 2x\" height=\"523\" width=\"931\"><source media=\"(min-width: 1280px)\" srcset=\"https:\/\/a57.foxnews.com\/static.foxnews.com\/foxnews.com\/content\/uploads\/2024\/04\/720\/405\/Rabbi-Goldstein-April-16-video.png?ve=1&amp;tl=1, https:\/\/a57.foxnews.com\/static.foxnews.com\/foxnews.com\/content\/uploads\/2024\/04\/1440\/810\/Rabbi-Goldstein-April-16-video.png?ve=1&amp;tl=1 2x\" height=\"405\" width=\"720\"><img loading=\"lazy\" decoding=\"async\" src=\"https:\/\/a57.foxnews.com\/static.foxnews.com\/foxnews.com\/content\/uploads\/2024\/04\/1200\/675\/Rabbi-Goldstein-April-16-video.png?ve=1&amp;tl=1\" alt=\"Rabino Goldstein de Sud\u00e1frica\" width=\"1200\" height=\"675\"\/><\/source><\/source><\/source><\/source><\/picture><\/div>\n<div class=\"info\">\n<div class=\"caption\">\n<p><span>Gran Rabino de Sud\u00e1frica, Dr. Warren Goldstein.<\/span> <span>(La Oficina del Gran Rabino)<\/span><\/p>\n<\/div>\n<\/div>\n<\/div>\n<p>Goldstein dijo a Fox News Digital que la postura del gobierno sudafricano ante la Corte Internacional de Justicia, donde acus\u00f3 a Israel de genocidio por la guerra en Gaza, ha \u00abestigmatizado a los jud\u00edos no s\u00f3lo dentro del pa\u00eds sino a nivel mundial\u00bb. <\/p>\n<p><strong>EL ADMINISTRADOR ENTRANTE DE TRUMP Y EL ENFRENTAMIENTO DEL CONGRESO SE ACERCA A SUD\u00c1FRICA POR EL APOYO A RUSIA Y LOS ENEMIGOS DE EE.UU.<\/strong><\/p>\n<p>Sin embargo, Goldstein a\u00f1adi\u00f3 que las opiniones del gobierno aqu\u00ed no son necesariamente las opiniones del pueblo. \u00abEn contra de eso, debe entenderse que el p\u00fablico sudafricano generalmente tiene opiniones moderadas y pragm\u00e1ticas sobre Israel, y los niveles de antisemitismo interno siguen siendo muy bajos seg\u00fan los est\u00e1ndares occidentales\u00bb.<\/p>\n<p>\u00abSe registraron 128 incidentes antisemitas en 2024 en Sud\u00e1frica\u00bb, dijo a Fox News Digital la profesora Karen Milner, presidenta nacional de la Junta de Diputados Jud\u00eda en Sud\u00e1frica. \u00abEsto lo convierte en el segundo mayor n\u00famero de incidentes desde que se comenzaron a llevar registros en 1998. El mayor n\u00famero de incidentes se registr\u00f3 en 2023 (182). Sin embargo, el 63% de ellos ocurrieron inmediatamente despu\u00e9s de los acontecimientos del 7 de octubre (el ataque de Ham\u00e1s en Israel).<\/p>\n<div class=\"image-ct inline\">\n<div class=\"m\"><picture><source media=\"(max-width: 767px)\" srcset=\"https:\/\/a57.foxnews.com\/static.foxnews.com\/foxnews.com\/content\/uploads\/2024\/05\/343\/192\/GettyImages-1786941000.jpg?ve=1&amp;tl=1, https:\/\/a57.foxnews.com\/static.foxnews.com\/foxnews.com\/content\/uploads\/2024\/05\/686\/384\/GettyImages-1786941000.jpg?ve=1&amp;tl=1 2x\" height=\"192\" width=\"343\"><source media=\"(min-width: 768px) and (max-width: 1023px)\" srcset=\"https:\/\/a57.foxnews.com\/static.foxnews.com\/foxnews.com\/content\/uploads\/2024\/05\/672\/378\/GettyImages-1786941000.jpg?ve=1&amp;tl=1, https:\/\/a57.foxnews.com\/static.foxnews.com\/foxnews.com\/content\/uploads\/2024\/05\/1344\/756\/GettyImages-1786941000.jpg?ve=1&amp;tl=1 2x\" height=\"378\" width=\"672\"><source media=\"(min-width: 1024px) and (max-width: 1279px)\" srcset=\"https:\/\/a57.foxnews.com\/static.foxnews.com\/foxnews.com\/content\/uploads\/2024\/05\/931\/523\/GettyImages-1786941000.jpg?ve=1&amp;tl=1, https:\/\/a57.foxnews.com\/static.foxnews.com\/foxnews.com\/content\/uploads\/2024\/05\/1862\/1046\/GettyImages-1786941000.jpg?ve=1&amp;tl=1 2x\" height=\"523\" width=\"931\"><source media=\"(min-width: 1280px)\" srcset=\"https:\/\/a57.foxnews.com\/static.foxnews.com\/foxnews.com\/content\/uploads\/2024\/05\/720\/405\/GettyImages-1786941000.jpg?ve=1&amp;tl=1, https:\/\/a57.foxnews.com\/static.foxnews.com\/foxnews.com\/content\/uploads\/2024\/05\/1440\/810\/GettyImages-1786941000.jpg?ve=1&amp;tl=1 2x\" height=\"405\" width=\"720\"><img loading=\"lazy\" decoding=\"async\" src=\"https:\/\/a57.foxnews.com\/static.foxnews.com\/foxnews.com\/content\/uploads\/2024\/05\/1200\/675\/GettyImages-1786941000.jpg?ve=1&amp;tl=1\" alt=\"Partidarios de Israel en Sud\u00e1frica\" width=\"1200\" height=\"675\"\/><\/source><\/source><\/source><\/source><\/picture><\/div>\n<div class=\"info\">\n<div class=\"caption\">\n<p><span>Los miembros del Movimiento Unido de Cristianos Africanos Activos posan mientras uno de ellos toca un shofar, un instrumento musical ritual utilizado para marcar el comienzo del A\u00f1o Nuevo jud\u00edo, mientras otros se re\u00fanen en apoyo a Israel frente a la Embajada de Israel en Pretoria, Sud\u00e1frica, el 17 de noviembre de 2023.<\/span> <span>(Foto de EMMANUEL CROSET\/AFP v\u00eda Getty Images)<\/span><\/p>\n<\/div>\n<\/div>\n<\/div>\n<p>\u00abLos primeros meses de 2024 se vieron muy afectados por la ola de antisemitismo que sigui\u00f3 inmediatamente a los ataques del 7 de octubre en Israel\u00bb, continu\u00f3 Milner. \u00abVale la pena se\u00f1alar que la mayor\u00eda de los incidentes antisemitas registrados en 2024 fueron agresiones verbales, correos de odio dirigidos o antagonismo, y muy pocos incidentes se convirtieron en agresiones f\u00edsicas\u00bb.<\/p>\n<p><strong><u>HAGA CLIC AQU\u00cd PARA OBTENER LA APLICACI\u00d3N FOX NEWS<\/u><\/strong><\/p>\n<p>Milner concluy\u00f3 y agreg\u00f3: \u00abDicho esto, el antisemitismo sigue siendo mucho menor que el de otros pa\u00edses comparables, y Sud\u00e1frica sigue siendo un espacio seguro en el que los jud\u00edos pueden identificarse como jud\u00edos y practicar su religi\u00f3n con relativa seguridad\u00bb.<\/p>\n<p>Fox News Digital contact\u00f3 a los Departamentos de Justicia y Polic\u00eda de Sud\u00e1frica pero no recibi\u00f3 respuesta.<\/p>\n<\/div>\n\n","protected":false},"excerpt":{"rendered":"<p>\u00danase a Fox News para acceder a este contenido Adem\u00e1s, acceso especial a art\u00edculos seleccionados y otro contenido premium con su cuenta, sin cargo. Al ingresar su correo electr\u00f3nico y presionar Continuar, acepta los T\u00e9rminos de uso y la Pol\u00edtica de privacidad de Fox News, que incluye nuestro Aviso de incentivo financiero. Por favor, introduce &hellip;<\/p>\n","protected":false},"author":1,"featured_media":11474,"comment_status":"open","ping_status":"open","sticky":false,"template":"","format":"standard","meta":{"fifu_image_url":"https:\/\/static.foxnews.com\/foxnews.com\/content\/uploads\/2019\/02\/Revolutionary-guard-members.jpg","fifu_image_alt":"","footnotes":""},"categories":[13],"tags":[],"class_list":["post-11472","post","type-post","status-publish","format-standard","has-post-thumbnail","","category-mundo"],"_links":{"self":[{"href":"https:\/\/noticiasveraces.com\/index.php?rest_route=\/wp\/v2\/posts\/11472","targetHints":{"allow":["GET"]}}],"collection":[{"href":"https:\/\/noticiasveraces.com\/index.php?rest_route=\/wp\/v2\/posts"}],"about":[{"href":"https:\/\/noticiasveraces.com\/index.php?rest_route=\/wp\/v2\/types\/post"}],"author":[{"embeddable":true,"href":"https:\/\/noticiasveraces.com\/index.php?rest_route=\/wp\/v2\/users\/1"}],"replies":[{"embeddable":true,"href":"https:\/\/noticiasveraces.com\/index.php?rest_route=%2Fwp%2Fv2%2Fcomments&post=11472"}],"version-history":[{"count":0,"href":"https:\/\/noticiasveraces.com\/index.php?rest_route=\/wp\/v2\/posts\/11472\/revisions"}],"wp:featuredmedia":[{"embeddable":true,"href":"https:\/\/noticiasveraces.com\/index.php?rest_route=\/wp\/v2\/media\/11474"}],"wp:attachment":[{"href":"https:\/\/noticiasveraces.com\/index.php?rest_route=%2Fwp%2Fv2%2Fmedia&parent=11472"}],"wp:term":[{"taxonomy":"category","embeddable":true,"href":"https:\/\/noticiasveraces.com\/index.php?rest_route=%2Fwp%2Fv2%2Fcategories&post=11472"},{"taxonomy":"post_tag","embeddable":true,"href":"https:\/\/noticiasveraces.com\/index.php?rest_route=%2Fwp%2Fv2%2Ftags&post=11472"}],"curies":[{"name":"wp","href":"https:\/\/api.w.org\/{rel}","templated":true}]}}