{"id":11467,"date":"2025-01-22T08:41:15","date_gmt":"2025-01-22T12:41:15","guid":{"rendered":"https:\/\/noticiasveraces.com\/?p=11467"},"modified":"2025-01-22T08:41:15","modified_gmt":"2025-01-22T12:41:15","slug":"trump-arremete-contra-obispa-que-le-pidio-misericordia-dw-22-01-2025","status":"publish","type":"post","link":"https:\/\/noticiasveraces.com\/?p=11467","title":{"rendered":"Trump arremete contra obispa que le pidi\u00f3 misericordia \u2013 DW \u2013 22\/01\/2025"},"content":{"rendered":"<p> \n<\/p>\n<div>\n<p>El presidente de Estados Unidos, Donald Trump, exigi\u00f3 que la obispa que ofici\u00f3 una ceremonia religiosa por su investidura presidencial le pida disculpas al \u00abp\u00fablico\u00bb asistente por haberle pedido desde el p\u00falpito misericordia con los ni\u00f1os, los inmigrantes y la comunidad LGTBIQ.<\/p>\n<p>El presidente asisti\u00f3 el martes (21.01.2025) a una misa en la Catedral Nacional de Washington dirigida por la obispa Mariann Edgar Budde, de la Di\u00f3cesis Episcopal de Washington. En su discurso, la religiosa sermone\u00f3 al nuevo dirigente por los decretos firmados contra las personas LGBTIQ y los migrantes despu\u00e9s de asumir el lunes su segundo mandato presidencial. \u00abLe pido que tenga piedad, se\u00f1or presidente\u00bb, dijo la obispa, que habl\u00f3 del \u00abmiedo\u00bb que, seg\u00fan ella, se siente en todo el pa\u00eds.<\/p>\n<p>En un mensaje colgado en su red Truth Social, Trump se arremeti\u00f3 contra la obispa episcopaliana, a la que acus\u00f3 de ser una radical antitrumpista. El presidente estadounidense regres\u00f3 a la Casa Blanca el lunes 20 de enero, cuatro a\u00f1os despu\u00e9s de finalizar su primer mandato, y ese mismo d\u00eda firm\u00f3 una serie de decretos entre los cuales est\u00e1 la orden para iniciar deportaciones masivas de inmigrantes irregulares. Adem\u00e1s, decret\u00f3 que solo se reconocer\u00e1n dos sexos: el masculino y el femenino, pero no a las personas transg\u00e9nero.<\/p>\n<p><span data-slot-id=\"Article_InContent-1\" class=\"rich-text-ad\"\/><\/p>\n<h2>Trump: \u00ab\u00a1Ella y su iglesia le deben una disculpa al p\u00fablico!\u00bb<\/h2>\n<p>Las c\u00e1maras registraron la cara de desagrado que puso el presidente al escuchar a la oficiante de la ceremonia de oraci\u00f3n. Trump, que previamente se limit\u00f3 a decir que el oficio \u00abno fue demasiado emocionante\u00bb, carg\u00f3 duramente contra la obispa en su red social.<\/p>\n<p>\u00abLa llamada obispa que habl\u00f3 en el Servicio Nacional de Oraci\u00f3n el martes por la ma\u00f1ana era una radical de izquierda que odiaba a Trump\u00bb, escribi\u00f3 Trump en su plataforma Truth Social. \u00abTen\u00eda un tono desagradable y no era convincente ni inteligente\u00bb, a\u00f1adi\u00f3. \u00abAdem\u00e1s de sus comentarios inapropiados, el serm\u00f3n fue muy aburrido y muy poco inspirador. \u00a1No es muy buena en su trabajo! \u00a1Ella y su iglesia le deben una disculpa al p\u00fablico!\u00bb, asegur\u00f3.<\/p>\n<h2>Obispa: \u00abLa gran mayor\u00eda de los inmigrantes no son criminales\u00bb<\/h2>\n<p>La obispa episcopaliana Mariann Edgar Budde pidi\u00f3 a Trump y al vicepresidente JD Vance tener \u00abmisericordia\u00bb con \u00ablos gays, lesbianas y ni\u00f1os transg\u00e9nero\u00bb, as\u00ed como por los que \u00abrecogen nuestras cosechas y limpian nuestras oficinas; los que lavan nuestros platos en un restaurante o los que hacen los turnos de noche en los hospitales\u00bb.<\/p>\n<p>\u00abPuede que no sean ciudadanos o que no tengan la documentaci\u00f3n apropiada, pero la gran mayor\u00eda de los inmigrantes no son criminales\u00bb, subray\u00f3 Budde.<\/p>\n<blockquote class=\"tweet embed\" data-id=\"1881761682944397728\"\/>\n<p>Este tipo de servicio es una tradici\u00f3n desde 1993, cuando el nuevo presidente asiste a una ceremonia de oraci\u00f3n la ma\u00f1ana siguiente a su toma de posesi\u00f3n. <\/p>\n<p>La Iglesia Episcopal es parte de la comunidad de la Iglesia Anglicana.<\/p>\n<p>rml (efe, afp)<\/p>\n<\/div>\n\n","protected":false},"excerpt":{"rendered":"<p>El presidente de Estados Unidos, Donald Trump, exigi\u00f3 que la obispa que ofici\u00f3 una ceremonia religiosa por su investidura presidencial le pida disculpas al \u00abp\u00fablico\u00bb asistente por haberle pedido desde el p\u00falpito misericordia con los ni\u00f1os, los inmigrantes y la comunidad LGTBIQ. El presidente asisti\u00f3 el martes (21.01.2025) a una misa en la Catedral Nacional &hellip;<\/p>\n","protected":false},"author":1,"featured_media":11468,"comment_status":"open","ping_status":"open","sticky":false,"template":"","format":"standard","meta":{"fifu_image_url":"https:\/\/static.dw.com\/image\/71369938_6.jpg","fifu_image_alt":"","footnotes":""},"categories":[13],"tags":[],"class_list":["post-11467","post","type-post","status-publish","format-standard","has-post-thumbnail","","category-mundo"],"_links":{"self":[{"href":"https:\/\/noticiasveraces.com\/index.php?rest_route=\/wp\/v2\/posts\/11467","targetHints":{"allow":["GET"]}}],"collection":[{"href":"https:\/\/noticiasveraces.com\/index.php?rest_route=\/wp\/v2\/posts"}],"about":[{"href":"https:\/\/noticiasveraces.com\/index.php?rest_route=\/wp\/v2\/types\/post"}],"author":[{"embeddable":true,"href":"https:\/\/noticiasveraces.com\/index.php?rest_route=\/wp\/v2\/users\/1"}],"replies":[{"embeddable":true,"href":"https:\/\/noticiasveraces.com\/index.php?rest_route=%2Fwp%2Fv2%2Fcomments&post=11467"}],"version-history":[{"count":0,"href":"https:\/\/noticiasveraces.com\/index.php?rest_route=\/wp\/v2\/posts\/11467\/revisions"}],"wp:featuredmedia":[{"embeddable":true,"href":"https:\/\/noticiasveraces.com\/index.php?rest_route=\/wp\/v2\/media\/11468"}],"wp:attachment":[{"href":"https:\/\/noticiasveraces.com\/index.php?rest_route=%2Fwp%2Fv2%2Fmedia&parent=11467"}],"wp:term":[{"taxonomy":"category","embeddable":true,"href":"https:\/\/noticiasveraces.com\/index.php?rest_route=%2Fwp%2Fv2%2Fcategories&post=11467"},{"taxonomy":"post_tag","embeddable":true,"href":"https:\/\/noticiasveraces.com\/index.php?rest_route=%2Fwp%2Fv2%2Ftags&post=11467"}],"curies":[{"name":"wp","href":"https:\/\/api.w.org\/{rel}","templated":true}]}}