{"id":11448,"date":"2025-01-22T06:25:00","date_gmt":"2025-01-22T10:25:00","guid":{"rendered":"https:\/\/noticiasveraces.com\/?p=11448"},"modified":"2025-01-22T06:25:00","modified_gmt":"2025-01-22T10:25:00","slug":"lewis-hamilton-se-viste-de-rojo-y-da-sus-primeras-vueltas-con-un-ferrari-en-fiorano","status":"publish","type":"post","link":"https:\/\/noticiasveraces.com\/?p=11448","title":{"rendered":"Lewis Hamilton se viste de rojo y da sus primeras vueltas con un Ferrari en Fiorano"},"content":{"rendered":"<p> \n<\/p>\n<div id=\"intext\">\n<p><b>Lewis Hamilton<\/b>siete veces campe\u00f3n del mundo de F\u00f3rmula 1, ha dejado este mi\u00e9rcoles 22 de enero una imagen que ya es historia de este deporte. El piloto ingl\u00e9s se ha subido por <b>primera vez en un ferrari<\/b>el <b>F1-75 de 2022<\/b>para rodar en el trazado de Fiorano, en Italia.<\/p>\n<p>\u00abEntrando en una nueva era. <b>\u00a1Lewis Hamilton da su primera vuelta en un Ferrari!<\/b>\u00bb se\u00f1ala la cuenta de X de la escuder\u00eda italiana junto a im\u00e1genes del piloto ingl\u00e9s a los mandos del F1-75 de 2022.<\/p>\n<p>El propio Hamilton ha compartido una imagen en su cuenta de Instagram con el mono de Ferrari y el siguiente mensaje: \u00abPrimera vez de rojo\u00bb<\/p>\n<p>Adem\u00e1s, el de Stevenage, campe\u00f3n en siete ocasiones (2008, 2014, 2015, 2017, 2018, 2019, 2020) con dos escuder\u00edas (McLaren y Mercedes), ha mostrado el <b>casco que lucir\u00e1 en la pr\u00f3xima temporada en Ferrari<\/b>un casco donde prima el color amarillo.<\/p>\n<p>Lewis Hamilton emplear\u00e1 la jornada de este mi\u00e9rcoles para adaptarse a las condiciones de pilotar un Ferrari, en este caso el monoplaza con el que Carlos Sainz logr\u00f3 <b>su primera victoria en la F1<\/b> es Silverstone. Habr\u00e1 que esperar para descubrir el nuevo coche de la escuder\u00eda italiana para la pr\u00f3xima temporada.<\/p>\n<p><i>S\u00edguenos en nuestro canal de WhatsApp y no te pierdas la \u00faltima hora y toda la actualidad de antena3noticias.com<\/i><\/p>\n<div class=\"recirculation-video\" data-mod=\"a3mod_recirculation_video\">\n<div class=\"recirculation-video-wrapper\">\n<div>\n<div class=\"video-wrapper\">\n  <picture class=\"video-main-picture\"><source media=\"(min-width: 481px)\" srcset=\"https:\/\/fotografias.antena3.com\/clipping\/cmsimages02\/2025\/01\/21\/E004662E-7B9F-4077-A987-87A335D50594\/paula-badosa-abraza-coco-gauff-victoria-open-australia_94.jpg?crop=4313,2426,x0,y0&amp;width=800&amp;height=450&amp;optimize=medium&amp;format=webply\" width=\"800\" height=\"450\"><source media=\"(min-width: 391px) and (max-width: 480px)\" srcset=\"https:\/\/fotografias.antena3.com\/clipping\/cmsimages02\/2025\/01\/21\/E004662E-7B9F-4077-A987-87A335D50594\/paula-badosa-abraza-coco-gauff-victoria-open-australia_70.jpg?crop=4313,2426,x0,y0&amp;width=480&amp;height=270&amp;optimize=high&amp;format=webply\" width=\"480\" height=\"270\"><source media=\"(min-width: 321px) and (max-width: 390px)\" srcset=\"https:\/\/fotografias.antena3.com\/clipping\/cmsimages02\/2025\/01\/21\/E004662E-7B9F-4077-A987-87A335D50594\/paula-badosa-abraza-coco-gauff-victoria-open-australia_92.jpg?crop=4313,2422,x0,y0&amp;width=390&amp;height=219&amp;optimize=high&amp;format=webply\" width=\"390\" height=\"219\"><source media=\"(max-width: 320px)\" srcset=\"https:\/\/fotografias.antena3.com\/clipping\/cmsimages02\/2025\/01\/21\/E004662E-7B9F-4077-A987-87A335D50594\/paula-badosa-abraza-coco-gauff-victoria-open-australia_52.jpg?crop=4313,2426,x0,y0&amp;width=320&amp;height=180&amp;optimize=high&amp;format=webply\" width=\"320\" height=\"180\"><img decoding=\"async\" title=\"Paula Badosa se abraza con Coco Gauff tras su victoria en el Open de Australia\" alt=\"Paula Badosa se abraza con Coco Gauff tras su victoria en el Open de Australia\" width=\"480\" height=\"270\" src=\"https:\/\/fotografias.antena3.com\/clipping\/cmsimages02\/2025\/01\/21\/E004662E-7B9F-4077-A987-87A335D50594\/paula-badosa-abraza-coco-gauff-victoria-open-australia_70.jpg?crop=4313,2426,x0,y0&amp;width=480&amp;height=270&amp;optimize=high&amp;format=webply\" loading=\"lazy\" class=\"lazy\"\/><br \/>\n  <\/source><\/source><\/source><\/source><\/picture>\n <\/div>\n<\/div><\/div>\n<\/p><\/div>\n<\/div>\n\n","protected":false},"excerpt":{"rendered":"<p>Lewis Hamiltonsiete veces campe\u00f3n del mundo de F\u00f3rmula 1, ha dejado este mi\u00e9rcoles 22 de enero una imagen que ya es historia de este deporte. El piloto ingl\u00e9s se ha subido por primera vez en un ferrariel F1-75 de 2022para rodar en el trazado de Fiorano, en Italia. \u00abEntrando en una nueva era. \u00a1Lewis Hamilton &hellip;<\/p>\n","protected":false},"author":1,"featured_media":11450,"comment_status":"open","ping_status":"open","sticky":false,"template":"","format":"standard","meta":{"fifu_image_url":"https:\/\/fotografias.antena3.com\/clipping\/cmsimages02\/2025\/01\/22\/29AAB41B-69E6-4BA2-9661-E5149EAECF85\/lewis-hamilton-rodando-fiorano-75_69.jpg?crop=3340,1879,x78,y0&width=1280&height=720&optimize=low&format=jpg","fifu_image_alt":"","footnotes":""},"categories":[6],"tags":[],"class_list":["post-11448","post","type-post","status-publish","format-standard","has-post-thumbnail","","category-deportes"],"_links":{"self":[{"href":"https:\/\/noticiasveraces.com\/index.php?rest_route=\/wp\/v2\/posts\/11448","targetHints":{"allow":["GET"]}}],"collection":[{"href":"https:\/\/noticiasveraces.com\/index.php?rest_route=\/wp\/v2\/posts"}],"about":[{"href":"https:\/\/noticiasveraces.com\/index.php?rest_route=\/wp\/v2\/types\/post"}],"author":[{"embeddable":true,"href":"https:\/\/noticiasveraces.com\/index.php?rest_route=\/wp\/v2\/users\/1"}],"replies":[{"embeddable":true,"href":"https:\/\/noticiasveraces.com\/index.php?rest_route=%2Fwp%2Fv2%2Fcomments&post=11448"}],"version-history":[{"count":0,"href":"https:\/\/noticiasveraces.com\/index.php?rest_route=\/wp\/v2\/posts\/11448\/revisions"}],"wp:featuredmedia":[{"embeddable":true,"href":"https:\/\/noticiasveraces.com\/index.php?rest_route=\/wp\/v2\/media\/11450"}],"wp:attachment":[{"href":"https:\/\/noticiasveraces.com\/index.php?rest_route=%2Fwp%2Fv2%2Fmedia&parent=11448"}],"wp:term":[{"taxonomy":"category","embeddable":true,"href":"https:\/\/noticiasveraces.com\/index.php?rest_route=%2Fwp%2Fv2%2Fcategories&post=11448"},{"taxonomy":"post_tag","embeddable":true,"href":"https:\/\/noticiasveraces.com\/index.php?rest_route=%2Fwp%2Fv2%2Ftags&post=11448"}],"curies":[{"name":"wp","href":"https:\/\/api.w.org\/{rel}","templated":true}]}}