{"id":11443,"date":"2025-01-22T06:04:48","date_gmt":"2025-01-22T10:04:48","guid":{"rendered":"https:\/\/noticiasveraces.com\/?p=11443"},"modified":"2025-01-22T06:04:48","modified_gmt":"2025-01-22T10:04:48","slug":"crema-antiedad-que-reafirma-la-flacidez-del-cuello-en-48-horas-a-la-venta-por-16","status":"publish","type":"post","link":"https:\/\/noticiasveraces.com\/?p=11443","title":{"rendered":"Crema antiedad que reafirma la flacidez del cuello en 48 horas a la venta por \u00a316"},"content":{"rendered":"<p> \n<\/p>\n<div>\n<p>La piel alrededor del cuello y el escote es m\u00e1s susceptible a las arrugas, especialmente a medida que envejecemos, porque la piel de esa zona es fina y tiene menos gl\u00e1ndulas seb\u00e1ceas que otras partes del cuerpo. Los compradores que comenzaron a notar l\u00edneas, arrugas y ca\u00edda quedaron muy impresionados despu\u00e9s de usar una crema antienvejecimiento disponible en Amazon, afirmando que funciona en solo dos d\u00edas. <\/p>\n<p>La crema reafirmante para el cuello de KLEEM Organics est\u00e1 formulada con ingredientes antienvejecimiento clave para el cuidado de la piel, retinol y p\u00e9ptidos, que trabajan juntos para reducir las l\u00edneas finas, las arrugas y la flacidez de la piel. El producto tambi\u00e9n pretende aumentar el col\u00e1geno para un cuello m\u00e1s firme y suave. <\/p>\n<p>Aquellos que no hayan o\u00eddo hablar de KLEEM Organics s\u00f3lo necesitan mirar la secci\u00f3n de cr\u00edticas entusiastas para estar seguros de que este producto hace lo que dice. Una persona dijo que hab\u00eda usado &#8216;Prai, Elemis y Gatineau&#8217; y que &#8216;comprar\u00eda esto antes de volver a comprar cualquiera de ellos&#8217;. <\/p>\n<p data-mce-linkchecker-status=\"valid\">Ahora a la venta por \u00a3 16,12, es considerablemente m\u00e1s barato que las marcas m\u00e1s caras y el bote de 50 ml deber\u00eda durarte a\u00f1os, ya que \u00abun poco es suficiente\u00bb.<\/p>\n<\/div>\n<div>\n<p>Otro cliente prob\u00f3 el producto durante un mes antes de emitir su opini\u00f3n y escribi\u00f3: \u00abEsper\u00e9 4 semanas para revisar la precisi\u00f3n. La parte superior del pecho entre el escote y el cuello ahora es m\u00e1s suave y no arrugada. El cuello es m\u00e1s suave y apretado, la papada parece menos ca\u00edda y el El pliegue alrededor de mi cuello no es tan profundo.\u00bb<\/p>\n<p>Alguien m\u00e1s descubri\u00f3 que not\u00f3 una diferencia dentro de las 48 horas posteriores a usar la crema y comparti\u00f3: \u00abTengo un cuello en forma de \u00abpavo engullido\u00bb. La piel de mi cuello no ten\u00eda elasticidad ni firmeza. Not\u00e9 una mejora en la piel fl\u00e1cida de mi cuello en 48 horas. Cuanto m\u00e1s uso el producto, la piel de mi cuello pierde flacidez y arrugas. Recomiendo encarecidamente este producto. \u00a1Es asequible y funciona r\u00e1pidamente!<\/p>\n<p data-mce-linkchecker-status=\"valid\">Sin embargo, si bien los resultados en s\u00ed son los mejores, algunas personas encontraron que la f\u00f3rmula era bastante \u00abpegajosa\u00bb, una caracter\u00edstica que no les gustaba. Una crema antienvejecimiento a base de agua podr\u00eda ser m\u00e1s adecuada para usted si cree que esto ser\u00e1 un problema. <\/p>\n<p data-mce-linkchecker-status=\"valid\">Elemis Pro-Collagen Marine Cream SPF 30 50ml tiene una textura de gel y est\u00e1 a la venta por \u00a3 75,95 en LookFantastic. Un comprador dijo que \u00abnada se compara\u00bb con \u00e9l y que \u00abdeja la piel s\u00faper suave y tersa\u00bb. <\/p>\n<\/div>\n<div>\n<p>El aroma es una ventaja para muchos compradores, ya que se describe como una sutil fragancia de naranja. Alguien explic\u00f3: \u00abUna crema preciosa con un agradable aroma c\u00edtrico, f\u00e1cil de aplicar. Acabo de perder mucho peso y ya no soy joven, por lo que mi cuello parece arrugado. He estado aplicando esta crema por la ma\u00f1ana. y noche durante las \u00faltimas semanas y estoy empezando a ver una diferencia, as\u00ed que definitivamente volver\u00e9 a comprar\u00bb.<\/p>\n<p>Haciendo eco de pensamientos similares, este consumidor escribi\u00f3: \u00abHe tenido la oportunidad de usar esto durante unos d\u00edas seguidos y calificar\u00eda este producto por encima de los m\u00e1s caros, es realmente encantador. Se absorbe f\u00e1cilmente, tiene una textura no grasosa y tiene una textura sutil. El aroma a naranja deja la piel hidratada y flexible, pero con una sensaci\u00f3n definida, que es exactamente lo que est\u00e1s pagando. La est\u00e9tica del empaque es encantadora y lo he usado. \u00a1Vale la pena comprarlo, tambi\u00e9n probar\u00e9 sus otros productos!<\/p>\n<p>Si eres fan\u00e1tico de los productos Prai, Marks and Spencer ha conseguido un 20% de descuento en esta marca en su sitio web. La crema Prai Ageless para la garganta y el escote de 50 ml costaba \u00a3 29 pero ahora cuesta \u00a3 23,20.<\/p>\n<\/div>\n\n","protected":false},"excerpt":{"rendered":"<p>La piel alrededor del cuello y el escote es m\u00e1s susceptible a las arrugas, especialmente a medida que envejecemos, porque la piel de esa zona es fina y tiene menos gl\u00e1ndulas seb\u00e1ceas que otras partes del cuerpo. Los compradores que comenzaron a notar l\u00edneas, arrugas y ca\u00edda quedaron muy impresionados despu\u00e9s de usar una crema &hellip;<\/p>\n","protected":false},"author":1,"featured_media":11444,"comment_status":"open","ping_status":"open","sticky":false,"template":"","format":"standard","meta":{"fifu_image_url":"https:\/\/cdn.images.express.co.uk\/img\/dynamic\/12\/1200x630\/5902531.jpg","fifu_image_alt":"","footnotes":""},"categories":[10],"tags":[],"class_list":["post-11443","post","type-post","status-publish","format-standard","has-post-thumbnail","","category-moda"],"_links":{"self":[{"href":"https:\/\/noticiasveraces.com\/index.php?rest_route=\/wp\/v2\/posts\/11443","targetHints":{"allow":["GET"]}}],"collection":[{"href":"https:\/\/noticiasveraces.com\/index.php?rest_route=\/wp\/v2\/posts"}],"about":[{"href":"https:\/\/noticiasveraces.com\/index.php?rest_route=\/wp\/v2\/types\/post"}],"author":[{"embeddable":true,"href":"https:\/\/noticiasveraces.com\/index.php?rest_route=\/wp\/v2\/users\/1"}],"replies":[{"embeddable":true,"href":"https:\/\/noticiasveraces.com\/index.php?rest_route=%2Fwp%2Fv2%2Fcomments&post=11443"}],"version-history":[{"count":0,"href":"https:\/\/noticiasveraces.com\/index.php?rest_route=\/wp\/v2\/posts\/11443\/revisions"}],"wp:featuredmedia":[{"embeddable":true,"href":"https:\/\/noticiasveraces.com\/index.php?rest_route=\/wp\/v2\/media\/11444"}],"wp:attachment":[{"href":"https:\/\/noticiasveraces.com\/index.php?rest_route=%2Fwp%2Fv2%2Fmedia&parent=11443"}],"wp:term":[{"taxonomy":"category","embeddable":true,"href":"https:\/\/noticiasveraces.com\/index.php?rest_route=%2Fwp%2Fv2%2Fcategories&post=11443"},{"taxonomy":"post_tag","embeddable":true,"href":"https:\/\/noticiasveraces.com\/index.php?rest_route=%2Fwp%2Fv2%2Ftags&post=11443"}],"curies":[{"name":"wp","href":"https:\/\/api.w.org\/{rel}","templated":true}]}}