{"id":11425,"date":"2025-01-22T00:24:12","date_gmt":"2025-01-22T04:24:12","guid":{"rendered":"https:\/\/noticiasveraces.com\/?p=11425"},"modified":"2025-01-22T00:24:12","modified_gmt":"2025-01-22T04:24:12","slug":"remontadas-epicas-de-barca-y-atletico-ante-benfica-y-bayer-leverkusen-en-champions","status":"publish","type":"post","link":"https:\/\/noticiasveraces.com\/?p=11425","title":{"rendered":"Remontadas \u00e9picas de Bar\u00e7a y Atl\u00e9tico ante Benfica y Bayer Leverkusen en Champions"},"content":{"rendered":"<p> \n<\/p>\n<div id=\"intext\">\n<p>Noche el\u00e9ctrica en el Metropolitano, donde dos goles de Juli\u00e1n \u00c1lvarez (minutos 75 y 89) dieron la victoria al Atl\u00e9tico de Madrid sobre el Bayer Leverkusen (2-1) en el partido de la s\u00e9ptima jornada de la primera fase de la Champions League.<\/p>\n<p>Un gol del ecuatoriano Hincapi\u00e9, de cabeza en el minuto 46, se adelant\u00f3 al Bayer Leverkusen. Juli\u00e1n \u00c1lvarez empat\u00f3 en el 53 y marc\u00f3 el tanto de la victoria, el 2-1, en el 89. Pablo Barrios fue expulsado en el minuto 25 y el ecuatoriano Piero Hincapi\u00e9 en el 75.<\/p>\n<p>De este modo, los pupilos de Xabi Alonso se quedan de momento sexto con 13 puntos, dos por debajo de un Atleti que acumula ya 15 puntos y acaricia estar fijo en el &#8216;top 8&#8217; gracias al doblete de la &#8216;Ara\u00f1a&#8217;.<\/p>\n<h2 class=\"title-h2\">Raphinha, hero\u00edna en Lisboa<\/h2>\n<p>Si el partido disputado en Madrid fue \u00e9pico, la visita del Bar\u00e7a a Lisboa no lo fue menos. Los de Hansi Flick vencieron al Benfica por 4-5 con un tanto de Raphinha en el minuto 96 tras un encuentro loco en el que llegaron a ir perdiendo por 3-1 y 4-2.<\/p>\n<p>Fue una noche aciaga del guardameta Szczesny, pero el equipo azulgrana supo competir para seguir metido en el partido y un Raphinha en estado de gracia le dio la victoria en el \u00faltimo segundo. El equipo azulgrana certifica as\u00ed el pase directo a los octavos de final de la Liga de Campeones.<\/p>\n<p><i>S\u00edguenos en nuestro canal de WhatsApp y no te pierdas la \u00faltima hora y toda la actualidad de antena3noticias.com<\/i><\/p>\n<div class=\"recirculation-video\" data-mod=\"a3mod_recirculation_video\">\n<div class=\"recirculation-video-wrapper\">\n<div>\n<div class=\"video-wrapper\">\n  <picture class=\"video-main-picture\"><source media=\"(min-width: 481px)\" srcset=\"https:\/\/fotografias.antena3.com\/clipping\/cmsimages01\/2025\/01\/21\/5E79A213-F157-46D8-BF2B-487DB0B77725\/alcaraz-saluda-djokovic-rod-laver-arena_94.jpg?crop=7136,4014,x0,y0&amp;width=800&amp;height=450&amp;optimize=medium&amp;format=webply\" width=\"800\" height=\"450\"><source media=\"(min-width: 391px) and (max-width: 480px)\" srcset=\"https:\/\/fotografias.antena3.com\/clipping\/cmsimages01\/2025\/01\/21\/5E79A213-F157-46D8-BF2B-487DB0B77725\/alcaraz-saluda-djokovic-rod-laver-arena_70.jpg?crop=7136,4014,x0,y0&amp;width=480&amp;height=270&amp;optimize=high&amp;format=webply\" width=\"480\" height=\"270\"><source media=\"(min-width: 321px) and (max-width: 390px)\" srcset=\"https:\/\/fotografias.antena3.com\/clipping\/cmsimages01\/2025\/01\/21\/5E79A213-F157-46D8-BF2B-487DB0B77725\/alcaraz-saluda-djokovic-rod-laver-arena_92.jpg?crop=7136,4007,x0,y0&amp;width=390&amp;height=219&amp;optimize=high&amp;format=webply\" width=\"390\" height=\"219\"><source media=\"(max-width: 320px)\" srcset=\"https:\/\/fotografias.antena3.com\/clipping\/cmsimages01\/2025\/01\/21\/5E79A213-F157-46D8-BF2B-487DB0B77725\/alcaraz-saluda-djokovic-rod-laver-arena_52.jpg?crop=7136,4014,x0,y0&amp;width=320&amp;height=180&amp;optimize=high&amp;format=webply\" width=\"320\" height=\"180\"><img decoding=\"async\" title=\"Alcaraz saluda a Djokovic en el Rod Laver Arena\" alt=\"Alcaraz saluda a Djokovic en el Rod Laver Arena\" width=\"480\" height=\"270\" src=\"https:\/\/fotografias.antena3.com\/clipping\/cmsimages01\/2025\/01\/21\/5E79A213-F157-46D8-BF2B-487DB0B77725\/alcaraz-saluda-djokovic-rod-laver-arena_70.jpg?crop=7136,4014,x0,y0&amp;width=480&amp;height=270&amp;optimize=high&amp;format=webply\" loading=\"lazy\" class=\"lazy\"\/><br \/>\n  <\/source><\/source><\/source><\/source><\/picture>\n <\/div>\n<\/div><\/div>\n<\/p><\/div>\n<\/div>\n\n","protected":false},"excerpt":{"rendered":"<p>Noche el\u00e9ctrica en el Metropolitano, donde dos goles de Juli\u00e1n \u00c1lvarez (minutos 75 y 89) dieron la victoria al Atl\u00e9tico de Madrid sobre el Bayer Leverkusen (2-1) en el partido de la s\u00e9ptima jornada de la primera fase de la Champions League. Un gol del ecuatoriano Hincapi\u00e9, de cabeza en el minuto 46, se adelant\u00f3 &hellip;<\/p>\n","protected":false},"author":1,"featured_media":11427,"comment_status":"open","ping_status":"open","sticky":false,"template":"","format":"standard","meta":{"fifu_image_url":"https:\/\/fotografias.antena3.com\/clipping\/cmsimages01\/2025\/01\/21\/7C3963B7-2082-497F-AE30-1552422390D1\/julian-alvarez-celebra-segundo-gol-leverkusen_69.jpg?crop=1920,1080,x0,y0&width=1280&height=720&optimize=low&format=jpg","fifu_image_alt":"","footnotes":""},"categories":[6],"tags":[],"class_list":["post-11425","post","type-post","status-publish","format-standard","has-post-thumbnail","","category-deportes"],"_links":{"self":[{"href":"https:\/\/noticiasveraces.com\/index.php?rest_route=\/wp\/v2\/posts\/11425","targetHints":{"allow":["GET"]}}],"collection":[{"href":"https:\/\/noticiasveraces.com\/index.php?rest_route=\/wp\/v2\/posts"}],"about":[{"href":"https:\/\/noticiasveraces.com\/index.php?rest_route=\/wp\/v2\/types\/post"}],"author":[{"embeddable":true,"href":"https:\/\/noticiasveraces.com\/index.php?rest_route=\/wp\/v2\/users\/1"}],"replies":[{"embeddable":true,"href":"https:\/\/noticiasveraces.com\/index.php?rest_route=%2Fwp%2Fv2%2Fcomments&post=11425"}],"version-history":[{"count":0,"href":"https:\/\/noticiasveraces.com\/index.php?rest_route=\/wp\/v2\/posts\/11425\/revisions"}],"wp:featuredmedia":[{"embeddable":true,"href":"https:\/\/noticiasveraces.com\/index.php?rest_route=\/wp\/v2\/media\/11427"}],"wp:attachment":[{"href":"https:\/\/noticiasveraces.com\/index.php?rest_route=%2Fwp%2Fv2%2Fmedia&parent=11425"}],"wp:term":[{"taxonomy":"category","embeddable":true,"href":"https:\/\/noticiasveraces.com\/index.php?rest_route=%2Fwp%2Fv2%2Fcategories&post=11425"},{"taxonomy":"post_tag","embeddable":true,"href":"https:\/\/noticiasveraces.com\/index.php?rest_route=%2Fwp%2Fv2%2Ftags&post=11425"}],"curies":[{"name":"wp","href":"https:\/\/api.w.org\/{rel}","templated":true}]}}