{"id":11393,"date":"2025-01-21T19:10:13","date_gmt":"2025-01-21T23:10:13","guid":{"rendered":"https:\/\/noticiasveraces.com\/?p=11393"},"modified":"2025-01-21T19:10:13","modified_gmt":"2025-01-21T23:10:13","slug":"donald-trump-hace-temblar-la-politica-alemana-dw-21-01-2025","status":"publish","type":"post","link":"https:\/\/noticiasveraces.com\/?p=11393","title":{"rendered":"Donald Trump hace temblar la pol\u00edtica alemana \u2013 DW \u2013 21\/01\/2025"},"content":{"rendered":"<p> \n<\/p>\n<div>\n<p>El fin de la pol\u00edtica de protecci\u00f3n del clima, los aranceles a la importaci\u00f3n de productos europeos, un nuevo imperialismo que reclama el Canal de Panam\u00e1 y Groenlandia: Donald Trump est\u00e1 haciendo realidad los peores temores de los pol\u00edticos alemanes.<\/p>\n<p>A pesar de ello, el canciller Olaf Scholz (SPD) consigui\u00f3 redactar un mensaje de felicitaci\u00f3n y dese\u00f3 al nuevo presidente estadounidense \u00abfuerza y \u200b\u200b\u00e9xito\u00bb para las tareas que tiene por delante en su toma de posesi\u00f3n. \u00abJuntos podemos dar un impulso decisivo a la libertad, la paz y la seguridad, as\u00ed como a la prosperidad y el desarrollo econ\u00f3mico a ambos lados del Atl\u00e1ntico\u00bb, prosegu\u00eda el mensaje de Scholz.<\/p>\n<p>Pero Scholz no estuvo presente en Washington en la toma de posesi\u00f3n de Trump, ni tampoco el l\u00edder de la oposici\u00f3n Friedrich Merz, del partido conservador CDU\/CSU. Trump, en cambio, invit\u00f3 a personas pol\u00edticamente afines, como la jefa del Gobierno italiano, Georgia Meloni, y el presidente argentino, Javier Milei.<\/p>\n<h2>Explosivo informe del embajador<\/h2>\n<p>La mayor\u00eda de los pol\u00edticos alemanes han insinuado o incluso declarado abiertamente que hubieran preferido ver a Kamala Harris, de los dem\u00f3cratas estadounidenses, en la Casa Blanca.<\/p>\n<p>Con una excepci\u00f3n: el partido de ultraderecha Alternativa para Alemania (AfD) se alegr\u00f3 de la victoria de Trump. Elon Musk, confidente de Trump, pronunci\u00f3 abiertamente un favor de AfD en la campa\u00f1a electoral al Bundestag en su plataforma X con la frase \u00abS\u00f3lo AfD puede salvar a Alemania\u00bb e insult\u00f3 a Scholz, calific\u00e1ndolo de \u00abtonto incompetente\u00bb.<\/p>\n<p>Las tensiones entre los dos pa\u00edses se vieron entonces agravadas por una valoraci\u00f3n explosiva del embajador alem\u00e1n en EE.UU. UU., Andreas Michaelis. El despacho, destinado a la ministra de Exteriores, Annalena Baerbock (Verdes), se filtr\u00f3 a los medios y conten\u00eda cr\u00edticas c\u00e1usticas hacia Trump. <\/p>\n<figure class=\"placeholder-image master_landscape big\"><img data-format=\"MASTER_LANDSCAPE\" data-id=\"64071424\" data-url=\"https:\/\/static.dw.com\/image\/64071424_${formatId}.jpg\" data-aspect-ratio=\"16\/9\" alt=\"Coches en el muelle con un carguero.\" style=\"padding-bottom: 56.25%; height: 0; max-height: 0;\"\/><figcaption class=\"img-caption\">Es probable que las exportaciones alemanas de autom\u00f3viles a EE.UU. se encarezcan considerablemente en caso de aranceles a la importaci\u00f3n.<small class=\"copyright\">Imagen: J\u00f6rg Sarbach\/Picture Alliance\/dpa<\/small><\/figcaption><\/figure>\n<h2>Merz: los europeos deben permanecer unidos<\/h2>\n<p>Mientras que Scholz adopt\u00f3 inicialmente una postura de confrontaci\u00f3n hacia Trump y critic\u00f3 duramente su reivindicaci\u00f3n sobre Groenlandia, por ejemplo, el l\u00edder democristiano Friedrich Merz se mostr\u00f3 m\u00e1s conciliador desde el principio.<\/p>\n<p>Seg\u00fan los sondeos de opini\u00f3n, Merz tiene muchas posibilidades de convertirse en canciller tras las elecciones al Bundestag del 23 de febrero y entonces tendr\u00eda que tratar directamente con Trump como jefe del Gobierno alem\u00e1n.<\/p>\n<p>Merz quiere reunirse con Trump \u00abde t\u00fa a t\u00fa\u00bb y centrado en aglutinar los intereses europeos. En respuesta a una pregunta de DW sobre sus expectativas respecto a Trump, Merz dijo: \u00abMientras los Estados miembros europeos permanecer\u00e1n unidos, ser\u00e1n respetados en el mundo, incluido EE. UU., y mientras est\u00e9n divididos, nadie nos tomar\u00e1 en serio. As\u00ed que, en mi opini\u00f3n, esta es la \u00faltima llamada a la acci\u00f3n. Tenemos que hacerlo como sea\u00bb.<\/p>\n<p>En una carta manuscrita de felicitaci\u00f3n a Trump, Merz escribe, entre otras cosas: \u00abSi el pueblo alem\u00e1n me otorga un mandato para la canciller\u00eda, una de mis prioridades ser\u00e1 trabajar con usted en un nuevo cap\u00edtulo de nuestras relaciones\u00bb.<\/p>\n<p><span data-slot-id=\"Article_InContent-1\" class=\"rich-text-ad\"\/><\/p>\n<h2>Habeck: Europa est\u00e1 preparada para los aranceles<\/h2>\n<p>Ante la amenaza de aranceles estadounidenses a la importaci\u00f3n, la C\u00e1mara de Industria y Comercio alemana ya advierte de graves consecuencias. \u00abEl impacto de los nuevos aranceles estadounidenses ser\u00eda grave para la econom\u00eda alemana\u00bb, declar\u00f3 la directora gerente de la DIHK, Helena Melnikov, al peri\u00f3dico <em>Correo renano<\/em>. En Alemania, uno de cada cuatro empleos depende de las exportaciones, y uno de cada dos, de la industria.<\/p>\n<p>En cambio, el ministro de Econom\u00eda Robert Habeck, del Partido Verde, se muestra combativo: \u00abEuropa est\u00e1 preparada. Si los estadounidenses imponen aranceles -cosa que espero que no hagan y no quiero que hagan-, Europa estar\u00eda sin duda en condiciones de tomar contramedidas, incluidas aquellas que afectan a la econom\u00eda americana\u00bb, declar\u00f3 Habeck en entrevista con DW.<\/p>\n<p>Mientras tanto, el partido AfD, con el que ninguna otra formaci\u00f3n del Bundestag quiere colaborar, se ve en alza gracias a Trump. AfD y Trump est\u00e1n pr\u00f3ximos en cuestiones de migraci\u00f3n y pol\u00edtica energ\u00e9tica, aunque AfD tambi\u00e9n ha expresado en repetidas ocasiones sentimientos antiestadounidenses.<\/p>\n<p>La cercan\u00eda de Trump con AfD tambi\u00e9n qued\u00f3 patente en Washington: mientras el canciller Scholz no fue invitado a la ceremonia de investidura, asistieron dos destacados pol\u00edticos de AfD: Tino Chrupalla y Beatrix von Storch.<\/p>\n<p>(gg\/ms)<\/p>\n<\/div>\n\n","protected":false},"excerpt":{"rendered":"<p>El fin de la pol\u00edtica de protecci\u00f3n del clima, los aranceles a la importaci\u00f3n de productos europeos, un nuevo imperialismo que reclama el Canal de Panam\u00e1 y Groenlandia: Donald Trump est\u00e1 haciendo realidad los peores temores de los pol\u00edticos alemanes. A pesar de ello, el canciller Olaf Scholz (SPD) consigui\u00f3 redactar un mensaje de felicitaci\u00f3n &hellip;<\/p>\n","protected":false},"author":1,"featured_media":11394,"comment_status":"open","ping_status":"open","sticky":false,"template":"","format":"standard","meta":{"fifu_image_url":"https:\/\/static.dw.com\/image\/70691358_6.jpg","fifu_image_alt":"","footnotes":""},"categories":[13],"tags":[],"class_list":["post-11393","post","type-post","status-publish","format-standard","has-post-thumbnail","","category-mundo"],"_links":{"self":[{"href":"https:\/\/noticiasveraces.com\/index.php?rest_route=\/wp\/v2\/posts\/11393","targetHints":{"allow":["GET"]}}],"collection":[{"href":"https:\/\/noticiasveraces.com\/index.php?rest_route=\/wp\/v2\/posts"}],"about":[{"href":"https:\/\/noticiasveraces.com\/index.php?rest_route=\/wp\/v2\/types\/post"}],"author":[{"embeddable":true,"href":"https:\/\/noticiasveraces.com\/index.php?rest_route=\/wp\/v2\/users\/1"}],"replies":[{"embeddable":true,"href":"https:\/\/noticiasveraces.com\/index.php?rest_route=%2Fwp%2Fv2%2Fcomments&post=11393"}],"version-history":[{"count":0,"href":"https:\/\/noticiasveraces.com\/index.php?rest_route=\/wp\/v2\/posts\/11393\/revisions"}],"wp:featuredmedia":[{"embeddable":true,"href":"https:\/\/noticiasveraces.com\/index.php?rest_route=\/wp\/v2\/media\/11394"}],"wp:attachment":[{"href":"https:\/\/noticiasveraces.com\/index.php?rest_route=%2Fwp%2Fv2%2Fmedia&parent=11393"}],"wp:term":[{"taxonomy":"category","embeddable":true,"href":"https:\/\/noticiasveraces.com\/index.php?rest_route=%2Fwp%2Fv2%2Fcategories&post=11393"},{"taxonomy":"post_tag","embeddable":true,"href":"https:\/\/noticiasveraces.com\/index.php?rest_route=%2Fwp%2Fv2%2Ftags&post=11393"}],"curies":[{"name":"wp","href":"https:\/\/api.w.org\/{rel}","templated":true}]}}