{"id":11390,"date":"2025-01-21T18:16:28","date_gmt":"2025-01-21T22:16:28","guid":{"rendered":"https:\/\/noticiasveraces.com\/?p=11390"},"modified":"2025-01-21T18:16:28","modified_gmt":"2025-01-21T22:16:28","slug":"marc-marquez-cambia-la-moto-por-los-esquis-en-madonna-di-campiglio","status":"publish","type":"post","link":"https:\/\/noticiasveraces.com\/?p=11390","title":{"rendered":"Marc M\u00e1rquez cambia la moto por los esqu\u00eds en Madonna di Campiglio"},"content":{"rendered":"<p> \n<\/p>\n<div id=\"intext\">\n<p>Despu\u00e9s de presentar la nueva Ducati que llevar\u00e1 en la pr\u00f3xima temporada, Marc M\u00e1rquez ha cambiado la moto por los esqu\u00eds. Aprovechando su viaje a Italia le hemos visto esquiar y no se le da nada mal al ocho veces campe\u00f3n del mundo.<\/p>\n<p>Hac\u00eda fr\u00edo en Madonna di Campiglio, en los Alpes Italianos, pero se aguanta con gusto. Despu\u00e9s de la presentaci\u00f3n oficial de Ducati, hoy Marc M\u00e1rquez y el equipo han madrugado porque tocaba cambio de pista: del rojo, al blanco.<\/p>\n<p>Muchas bajadas&#8230; y alg\u00fan pique: \u00abSolo quiero ganar a los de Gresini\u00bb, bromeaba Marc. Ha sido una buena terapia para todos en un ambiente m\u00e1s relajado: \u00abSe crea uni\u00f3n, es la mejor manera para conocerse, disfrutar\u00bb.<\/p>\n<p>Marc tambi\u00e9n tiene tir\u00f3n entre sus seguidores. Este lunes, en la plaza del pueblo, se dej\u00f3 querer: \u00abEl &#8216;ducatista&#8217; lo siente mucho y poco a poco nos vamos familiarizando tambi\u00e9n con este ambiente que es muy bonito\u00bb, reflexiona M\u00e1rquez.<\/p>\n<h2 class=\"title-h2\">Bagnaia, su compa\u00f1ero<\/h2>\n<p>Ducati present\u00f3 este lunes su equipo oficial de MotoGP para la temporada 2025, con el italiano Francesco Bagnaia y M\u00e1rquez como pilotos, un nuevo proyecto \u00abrealmente emocionante\u00bb para el catal\u00e1n.<\/p>\n<p>Marc llega as\u00ed a \u00abun equipo de referencia\u00bb en la categor\u00eda &#8216;reina&#8217; y en una f\u00e1brica donde el a\u00f1o pasado, en uno de sus equipos &#8216;sat\u00e9lites&#8217;, consigui\u00f3 \u00abrecuperar un poco la sonrisa\u00bb.<\/p>\n<blockquote class=\"blockquote \">\n<p class=\"blockquote__quote\">\u00abTengo mucha experiencia en MotoGP, pero a\u00fan as\u00ed llegar a un nuevo equipo, al de referencia ahora en MotoGP, me provoca mariposas en el est\u00f3mago\u00bb<\/p>\n<\/blockquote>\n<p>Ahora. tiene claro que lo importante es que gane el equpio: \u00abYa he dicho que todo es al rojo. Esto es realmente emocionante. Tengo mucha experiencia en MotoGP, pero a\u00fan as\u00ed llegar a un nuevo equipo, al de referencia ahora en MotoGP, me provoca mariposas en el est\u00f3mago porque es la ilusi\u00f3n de empezar un nuevo proyecto\u00bb, se\u00f1al\u00f3 M\u00e1rquez durante la presentaci\u00f3n.<\/p>\n<p>El ocho veces campe\u00f3n del mundo, que portar\u00e1 su tradicional n\u00famero &#8217;93&#8217; en su nueva montura, tiene claro que \u00abes el momento de inicio de un nuevo proyecto\u00bb y se mostr\u00f3 \u00abmuy feliz\u00bb de formar parte. \u00abHe luchado mucho contra Ducati, pero me hicieron recuperar la sonrisa un poco el a\u00f1o pasado y ser este a\u00f1o su piloto oficial es un privilegio\u00bb, se\u00f1al\u00f3.<\/p>\n<p>\u00abAhora llego al equipo de referencia en MotoGP, el que ha ganado especialmente en los \u00faltimos cuatro o cinco a\u00f1os y que ha sido el equipo de referencia durante muchos a\u00f1os en los que han tenido motos muy fuertes, pero como dijo &#8216;Gigi&#8217; (Dall &#8216;Igna, director general de Ducati Corse), queremos ganar todos los campeonatos\u00bb, opin\u00f3 el de Cervera.<\/p>\n<h2 class=\"title-h2\">Promete trabajo en equipo<\/h2>\n<p>Para ello deben \u00abtrabajar en equipo\u00bb: \u00abSi \u00e9l (Bagnaia) no gana que gane yo, ya la inversa, y as\u00ed intentaremos hacer una temporada muy muy buena e intentaremos llevarnos a casa muchos puntos y muchas victorias. Luego ya veremos al final de a\u00f1o donde estamos en la clasificaci\u00f3n\u00bb.<\/p>\n<p>En 10 d\u00edas comienza la pretemporada en Malasia.<\/p>\n<p><i>S\u00edguenos en nuestro canal de WhatsApp y no te pierdas la \u00faltima hora y toda la actualidad de antena3noticias.com<\/i><\/p>\n<div class=\"recirculation-video\" data-mod=\"a3mod_recirculation_video\">\n<div class=\"recirculation-video-wrapper\">\n<div>\n<div class=\"video-wrapper\">\n  <picture class=\"video-main-picture\"><source media=\"(min-width: 481px)\" srcset=\"https:\/\/fotografias.antena3.com\/clipping\/cmsimages01\/2025\/01\/21\/9620FFC7-3FC9-4F38-836B-AFEF5DF54D3C\/novak-djokovic-celebra-victoria-carlos-alcaraz-rod-laver-arena_94.jpg?crop=4078,2294,x0,y493&amp;width=800&amp;height=450&amp;optimize=medium&amp;format=webply\" width=\"800\" height=\"450\"><source media=\"(min-width: 391px) and (max-width: 480px)\" srcset=\"https:\/\/fotografias.antena3.com\/clipping\/cmsimages01\/2025\/01\/21\/9620FFC7-3FC9-4F38-836B-AFEF5DF54D3C\/novak-djokovic-celebra-victoria-carlos-alcaraz-rod-laver-arena_70.jpg?crop=4078,2294,x0,y493&amp;width=480&amp;height=270&amp;optimize=high&amp;format=webply\" width=\"480\" height=\"270\"><source media=\"(min-width: 321px) and (max-width: 390px)\" srcset=\"https:\/\/fotografias.antena3.com\/clipping\/cmsimages01\/2025\/01\/21\/9620FFC7-3FC9-4F38-836B-AFEF5DF54D3C\/novak-djokovic-celebra-victoria-carlos-alcaraz-rod-laver-arena_92.jpg?crop=4078,2290,x0,y497&amp;width=390&amp;height=219&amp;optimize=high&amp;format=webply\" width=\"390\" height=\"219\"><source media=\"(max-width: 320px)\" srcset=\"https:\/\/fotografias.antena3.com\/clipping\/cmsimages01\/2025\/01\/21\/9620FFC7-3FC9-4F38-836B-AFEF5DF54D3C\/novak-djokovic-celebra-victoria-carlos-alcaraz-rod-laver-arena_52.jpg?crop=4078,2294,x0,y493&amp;width=320&amp;height=180&amp;optimize=high&amp;format=webply\" width=\"320\" height=\"180\"><img decoding=\"async\" title=\"Novak Djokovic celebra su victoria ante Carlos Alcaraz en el Rod Laver Arena\" alt=\"Novak Djokovic celebra su victoria ante Carlos Alcaraz en el Rod Laver Arena\" width=\"480\" height=\"270\" src=\"https:\/\/fotografias.antena3.com\/clipping\/cmsimages01\/2025\/01\/21\/9620FFC7-3FC9-4F38-836B-AFEF5DF54D3C\/novak-djokovic-celebra-victoria-carlos-alcaraz-rod-laver-arena_70.jpg?crop=4078,2294,x0,y493&amp;width=480&amp;height=270&amp;optimize=high&amp;format=webply\" loading=\"lazy\" class=\"lazy\"\/><br \/>\n  <\/source><\/source><\/source><\/source><\/picture>\n <\/div>\n<\/div><\/div>\n<\/p><\/div>\n<\/div>\n\n","protected":false},"excerpt":{"rendered":"<p>Despu\u00e9s de presentar la nueva Ducati que llevar\u00e1 en la pr\u00f3xima temporada, Marc M\u00e1rquez ha cambiado la moto por los esqu\u00eds. Aprovechando su viaje a Italia le hemos visto esquiar y no se le da nada mal al ocho veces campe\u00f3n del mundo. Hac\u00eda fr\u00edo en Madonna di Campiglio, en los Alpes Italianos, pero se &hellip;<\/p>\n","protected":false},"author":1,"featured_media":11392,"comment_status":"open","ping_status":"open","sticky":false,"template":"","format":"standard","meta":{"fifu_image_url":"https:\/\/fotografias.antena3.com\/clipping\/cmsimages01\/2025\/01\/21\/84C34486-FB16-4558-93C9-BC796C20368B\/rojo-blanco-marc-marquez-cambia-moto-esquis-madonna-campiglio_69.jpg?crop=853,480,x0,y0&width=1280&height=720&optimize=low&format=jpg","fifu_image_alt":"","footnotes":""},"categories":[6],"tags":[],"class_list":["post-11390","post","type-post","status-publish","format-standard","has-post-thumbnail","","category-deportes"],"_links":{"self":[{"href":"https:\/\/noticiasveraces.com\/index.php?rest_route=\/wp\/v2\/posts\/11390","targetHints":{"allow":["GET"]}}],"collection":[{"href":"https:\/\/noticiasveraces.com\/index.php?rest_route=\/wp\/v2\/posts"}],"about":[{"href":"https:\/\/noticiasveraces.com\/index.php?rest_route=\/wp\/v2\/types\/post"}],"author":[{"embeddable":true,"href":"https:\/\/noticiasveraces.com\/index.php?rest_route=\/wp\/v2\/users\/1"}],"replies":[{"embeddable":true,"href":"https:\/\/noticiasveraces.com\/index.php?rest_route=%2Fwp%2Fv2%2Fcomments&post=11390"}],"version-history":[{"count":0,"href":"https:\/\/noticiasveraces.com\/index.php?rest_route=\/wp\/v2\/posts\/11390\/revisions"}],"wp:featuredmedia":[{"embeddable":true,"href":"https:\/\/noticiasveraces.com\/index.php?rest_route=\/wp\/v2\/media\/11392"}],"wp:attachment":[{"href":"https:\/\/noticiasveraces.com\/index.php?rest_route=%2Fwp%2Fv2%2Fmedia&parent=11390"}],"wp:term":[{"taxonomy":"category","embeddable":true,"href":"https:\/\/noticiasveraces.com\/index.php?rest_route=%2Fwp%2Fv2%2Fcategories&post=11390"},{"taxonomy":"post_tag","embeddable":true,"href":"https:\/\/noticiasveraces.com\/index.php?rest_route=%2Fwp%2Fv2%2Ftags&post=11390"}],"curies":[{"name":"wp","href":"https:\/\/api.w.org\/{rel}","templated":true}]}}