{"id":11384,"date":"2025-01-21T18:07:04","date_gmt":"2025-01-21T22:07:04","guid":{"rendered":"https:\/\/noticiasveraces.com\/?p=11384"},"modified":"2025-01-21T18:07:04","modified_gmt":"2025-01-21T22:07:04","slug":"el-ejercito-israeli-lanza-una-operacion-antiterrorista-a-gran-escala-en-una-ciudad-de-cisjordania","status":"publish","type":"post","link":"https:\/\/noticiasveraces.com\/?p=11384","title":{"rendered":"El ej\u00e9rcito israel\u00ed lanza una operaci\u00f3n antiterrorista a gran escala en una ciudad de Cisjordania"},"content":{"rendered":"<p> \n<\/p>\n<div>\n<p class=\"speakable\">Las Fuerzas de Defensa de Israel (FDI) lanzaron el martes una operaci\u00f3n antiterrorista de amplio alcance en la ciudad cisjordana de Jenin. Las FDI, la Autoridad de Seguridad de Israel y la Polic\u00eda Fronteriza de Israel anunciaron la operaci\u00f3n en un comunicado conjunto, pero no dieron detalles. Dos personas supuestamente murieron en un ataque israel\u00ed que formaba parte de la operaci\u00f3n, inform\u00f3 France 24, citando al Ministerio de Salud palestino.<\/p>\n<p class=\"speakable\">Una fuente militar israel\u00ed supuestamente dijo al Times of Israel que la operaci\u00f3n comenz\u00f3 con ataques con drones y se espera que dure varios d\u00edas. Seg\u00fan los informes, los ataques se produjeron contra infraestructura terrorista utilizada por organizaciones terroristas que operan en Jenin.<\/p>\n<p>\u00abEste es otro paso hacia el logro del objetivo que nos fijamos: fortalecer la seguridad en Judea y Samaria\u00bb, dijo el primer ministro israel\u00ed, Benjam\u00edn Netanyahu. \u00abActuamos met\u00f3dica y resueltamente contra el eje iran\u00ed dondequiera que env\u00ede sus armas: en Gaza, L\u00edbano, Siria, Yemen, Judea y Samaria\u00bb.<\/p>\n<div class=\"image-ct inline\">\n<div class=\"m\"><picture><source media=\"(max-width: 767px)\" srcset=\"https:\/\/a57.foxnews.com\/static.foxnews.com\/foxnews.com\/content\/uploads\/2023\/07\/343\/192\/IDF1-Jenin-raid.jpg?ve=1&amp;tl=1, https:\/\/a57.foxnews.com\/static.foxnews.com\/foxnews.com\/content\/uploads\/2023\/07\/686\/384\/IDF1-Jenin-raid.jpg?ve=1&amp;tl=1 2x\" height=\"192\" width=\"343\"><source media=\"(min-width: 768px) and (max-width: 1023px)\" srcset=\"https:\/\/a57.foxnews.com\/static.foxnews.com\/foxnews.com\/content\/uploads\/2023\/07\/672\/378\/IDF1-Jenin-raid.jpg?ve=1&amp;tl=1, https:\/\/a57.foxnews.com\/static.foxnews.com\/foxnews.com\/content\/uploads\/2023\/07\/1344\/756\/IDF1-Jenin-raid.jpg?ve=1&amp;tl=1 2x\" height=\"378\" width=\"672\"><source media=\"(min-width: 1024px) and (max-width: 1279px)\" srcset=\"https:\/\/a57.foxnews.com\/static.foxnews.com\/foxnews.com\/content\/uploads\/2023\/07\/931\/523\/IDF1-Jenin-raid.jpg?ve=1&amp;tl=1, https:\/\/a57.foxnews.com\/static.foxnews.com\/foxnews.com\/content\/uploads\/2023\/07\/1862\/1046\/IDF1-Jenin-raid.jpg?ve=1&amp;tl=1 2x\" height=\"523\" width=\"931\"><source media=\"(min-width: 1280px)\" srcset=\"https:\/\/a57.foxnews.com\/static.foxnews.com\/foxnews.com\/content\/uploads\/2023\/07\/720\/405\/IDF1-Jenin-raid.jpg?ve=1&amp;tl=1, https:\/\/a57.foxnews.com\/static.foxnews.com\/foxnews.com\/content\/uploads\/2023\/07\/1440\/810\/IDF1-Jenin-raid.jpg?ve=1&amp;tl=1 2x\" height=\"405\" width=\"720\"><img loading=\"lazy\" decoding=\"async\" src=\"https:\/\/a57.foxnews.com\/static.foxnews.com\/foxnews.com\/content\/uploads\/2023\/07\/1200\/675\/IDF1-Jenin-raid.jpg?ve=1&amp;tl=1\" alt=\"FDI Yen\u00edn\" width=\"1200\" height=\"675\"\/><\/source><\/source><\/source><\/source><\/picture><\/div>\n<div class=\"info\">\n<div class=\"caption\">\n<p><span>Actividades antiterroristas de las FDI en la ciudad de Jenin y el campamento de Jenin.<\/span> <span>(Unidad del Portavoz de las FDI).<\/span><\/p>\n<\/div>\n<\/div>\n<\/div>\n<p><strong>AUTORIDAD PALESTINA BAJO PRESI\u00d3N EN MEDIO DE UNA CRECIENTE RESISTENCIA Y POPULARIDAD DE GRUPOS TERRORISTAS RESPALDADOS POR IR\u00c1N<\/strong><\/p>\n<p>Antes de la operaci\u00f3n de las FDI, la Autoridad Palestina (AP) hab\u00eda estado llevando a cabo una campa\u00f1a propia de semanas de duraci\u00f3n para reafirmar el control en Jenin y un campo de refugiados adyacente, que sirve como un importante centro para los grupos terroristas, inform\u00f3 Reuters.<\/p>\n<p>El mes pasado, mientras enfrentaba un desaf\u00edo cada vez mayor en Jenin, la Autoridad Palestina lanz\u00f3 una operaci\u00f3n en curso contra facciones terroristas locales apoyadas por Ir\u00e1n, una represi\u00f3n que ha provocado enfrentamientos violentos y ha puesto de relieve la brecha cada vez m\u00e1s profunda entre la Autoridad Palestina y las comunidades locales.<\/p>\n<div class=\"image-ct inline\">\n<div class=\"m\"><picture><source media=\"(max-width: 767px)\" srcset=\"https:\/\/a57.foxnews.com\/static.foxnews.com\/foxnews.com\/content\/uploads\/2024\/12\/343\/192\/gettyimages-2189428204.jpg?ve=1&amp;tl=1, https:\/\/a57.foxnews.com\/static.foxnews.com\/foxnews.com\/content\/uploads\/2024\/12\/686\/384\/gettyimages-2189428204.jpg?ve=1&amp;tl=1 2x\" height=\"192\" width=\"343\"><source media=\"(min-width: 768px) and (max-width: 1023px)\" srcset=\"https:\/\/a57.foxnews.com\/static.foxnews.com\/foxnews.com\/content\/uploads\/2024\/12\/672\/378\/gettyimages-2189428204.jpg?ve=1&amp;tl=1, https:\/\/a57.foxnews.com\/static.foxnews.com\/foxnews.com\/content\/uploads\/2024\/12\/1344\/756\/gettyimages-2189428204.jpg?ve=1&amp;tl=1 2x\" height=\"378\" width=\"672\"><source media=\"(min-width: 1024px) and (max-width: 1279px)\" srcset=\"https:\/\/a57.foxnews.com\/static.foxnews.com\/foxnews.com\/content\/uploads\/2024\/12\/931\/523\/gettyimages-2189428204.jpg?ve=1&amp;tl=1, https:\/\/a57.foxnews.com\/static.foxnews.com\/foxnews.com\/content\/uploads\/2024\/12\/1862\/1046\/gettyimages-2189428204.jpg?ve=1&amp;tl=1 2x\" height=\"523\" width=\"931\"><source media=\"(min-width: 1280px)\" srcset=\"https:\/\/a57.foxnews.com\/static.foxnews.com\/foxnews.com\/content\/uploads\/2024\/12\/720\/405\/gettyimages-2189428204.jpg?ve=1&amp;tl=1, https:\/\/a57.foxnews.com\/static.foxnews.com\/foxnews.com\/content\/uploads\/2024\/12\/1440\/810\/gettyimages-2189428204.jpg?ve=1&amp;tl=1 2x\" height=\"405\" width=\"720\"><img loading=\"lazy\" decoding=\"async\" src=\"https:\/\/a57.foxnews.com\/static.foxnews.com\/foxnews.com\/content\/uploads\/2024\/12\/1200\/675\/gettyimages-2189428204.jpg?ve=1&amp;tl=1\" alt=\"Veh\u00edculos policiales en las calles de Cisjordania.\" width=\"1200\" height=\"675\"\/><\/source><\/source><\/source><\/source><\/picture><\/div>\n<div class=\"info\">\n<div class=\"caption\">\n<p><span>Los veh\u00edculos de las fuerzas de seguridad de la Autoridad Palestina bloquean una carretera en medio de enfrentamientos con militantes en el campamento de Jenin, en la Cisjordania ocupada por Israel, el 15 de diciembre de 2024.<\/span> <span>(ZAIN JAAFAR\/AFP v\u00eda Getty Images)<\/span><\/p>\n<\/div>\n<\/div>\n<\/div>\n<p><strong>EL ACUERDO DE ALTO EL FUEGO DE ISRAEL Y HAMAS PODR\u00cdA PERMITIR EL REARMADO DE LOS TERRORISTAS DE GAZA<\/strong><\/p>\n<p>\u00abIr\u00e1n ha estado financiando a militantes para comprar armas, y ahora la Autoridad Palestina est\u00e1 actuando para detener eso. Han tomado medidas para bloquear el dinero y reprimir a las facciones. La Autoridad Palestina sabe que Ir\u00e1n seguir\u00e1 apoyando a Ham\u00e1s y a la Jihad Isl\u00e1mica, y \u00abEste es el desaf\u00edo que enfrentan. Es el momento adecuado para enfrentar a Ir\u00e1n, especialmente despu\u00e9s de las guerras en Gaza y el L\u00edbano; el sentimiento p\u00fablico no acoge con agrado ninguna confrontaci\u00f3n militar con Israel despu\u00e9s de lo sucedido\u00bb, Mohammad Daraghmeh, jefe de la oficina de noticias de Asharq en Israel. Ramallah, dijo a Fox News Digital en diciembre.<\/p>\n<div class=\"image-ct inline\">\n<div class=\"m\"><picture><source media=\"(max-width: 767px)\" srcset=\"https:\/\/a57.foxnews.com\/static.foxnews.com\/foxnews.com\/content\/uploads\/2024\/12\/343\/192\/gettyimages-2190946898.jpg?ve=1&amp;tl=1, https:\/\/a57.foxnews.com\/static.foxnews.com\/foxnews.com\/content\/uploads\/2024\/12\/686\/384\/gettyimages-2190946898.jpg?ve=1&amp;tl=1 2x\" height=\"192\" width=\"343\"><source media=\"(min-width: 768px) and (max-width: 1023px)\" srcset=\"https:\/\/a57.foxnews.com\/static.foxnews.com\/foxnews.com\/content\/uploads\/2024\/12\/672\/378\/gettyimages-2190946898.jpg?ve=1&amp;tl=1, https:\/\/a57.foxnews.com\/static.foxnews.com\/foxnews.com\/content\/uploads\/2024\/12\/1344\/756\/gettyimages-2190946898.jpg?ve=1&amp;tl=1 2x\" height=\"378\" width=\"672\"><source media=\"(min-width: 1024px) and (max-width: 1279px)\" srcset=\"https:\/\/a57.foxnews.com\/static.foxnews.com\/foxnews.com\/content\/uploads\/2024\/12\/931\/523\/gettyimages-2190946898.jpg?ve=1&amp;tl=1, https:\/\/a57.foxnews.com\/static.foxnews.com\/foxnews.com\/content\/uploads\/2024\/12\/1862\/1046\/gettyimages-2190946898.jpg?ve=1&amp;tl=1 2x\" height=\"523\" width=\"931\"><source media=\"(min-width: 1280px)\" srcset=\"https:\/\/a57.foxnews.com\/static.foxnews.com\/foxnews.com\/content\/uploads\/2024\/12\/720\/405\/gettyimages-2190946898.jpg?ve=1&amp;tl=1, https:\/\/a57.foxnews.com\/static.foxnews.com\/foxnews.com\/content\/uploads\/2024\/12\/1440\/810\/gettyimages-2190946898.jpg?ve=1&amp;tl=1 2x\" height=\"405\" width=\"720\"><img loading=\"lazy\" decoding=\"async\" src=\"https:\/\/a57.foxnews.com\/static.foxnews.com\/foxnews.com\/content\/uploads\/2024\/12\/1200\/675\/gettyimages-2190946898.jpg?ve=1&amp;tl=1\" alt=\"Fuerzas de seguridad de la Autoridad Palestina\" width=\"1200\" height=\"675\"\/><\/source><\/source><\/source><\/source><\/picture><\/div>\n<div class=\"info\">\n<div class=\"caption\">\n<p><span>Las fuerzas de seguridad palestinas hacen guardia durante el funeral de Ibrahim Qaddoumi, un miembro de la Autoridad Palestina que muri\u00f3 durante enfrentamientos armados entre las fuerzas de seguridad palestinas y hombres armados en el campo de refugiados de Jenin.<\/span> <span>(Nasser Ishtayeh\/SOPA Images\/LightRocket v\u00eda Getty Images)<\/span><\/p>\n<\/div>\n<\/div>\n<\/div>\n<p><strong>HAMAS LIBERA A 3 REHENES BAJO EL ACUERDO DE ALTO EL FUEGO CON ISRAEL<\/strong><\/p>\n<p>La operaci\u00f3n en Jenin llega en un punto de inflexi\u00f3n para la guerra de las FDI contra Ham\u00e1s en Gaza. Como parte de un acuerdo de alto el fuego, tres rehenes civiles israel\u00edes fueron liberados el domingo. Emily Damari, Romi Goren y Doron Steinbrecher se reunieron con sus familias despu\u00e9s de pasar 471 d\u00edas en cautiverio de Ham\u00e1s.<\/p>\n<p><strong><u>HAGA CLIC AQU\u00cd PARA OBTENER LA APLICACI\u00d3N FOX NEWS<\/u><\/strong><\/p>\n<p>La Unidad del Portavoz de las FDI no respondi\u00f3 de inmediato a una solicitud de comentarios.<\/p>\n<p><i>Efrat Lachter y Yonat Friling contribuyeron a este informe.<\/i><\/p>\n<p> <!----> <\/p>\n<div class=\"article-meta\">\n<div class=\"author-bio\">\n<p>Rachel Wolf es redactora de noticias de \u00faltima hora para Fox News Digital y FOX Business.<\/p>\n<\/div>\n<\/div>\n<\/div>\n\n","protected":false},"excerpt":{"rendered":"<p>Las Fuerzas de Defensa de Israel (FDI) lanzaron el martes una operaci\u00f3n antiterrorista de amplio alcance en la ciudad cisjordana de Jenin. Las FDI, la Autoridad de Seguridad de Israel y la Polic\u00eda Fronteriza de Israel anunciaron la operaci\u00f3n en un comunicado conjunto, pero no dieron detalles. Dos personas supuestamente murieron en un ataque israel\u00ed &hellip;<\/p>\n","protected":false},"author":1,"featured_media":11386,"comment_status":"open","ping_status":"open","sticky":false,"template":"","format":"standard","meta":{"fifu_image_url":"https:\/\/static.foxnews.com\/foxnews.com\/content\/uploads\/2024\/12\/gettyimages-2189428204.jpg","fifu_image_alt":"","footnotes":""},"categories":[13],"tags":[],"class_list":["post-11384","post","type-post","status-publish","format-standard","has-post-thumbnail","","category-mundo"],"_links":{"self":[{"href":"https:\/\/noticiasveraces.com\/index.php?rest_route=\/wp\/v2\/posts\/11384","targetHints":{"allow":["GET"]}}],"collection":[{"href":"https:\/\/noticiasveraces.com\/index.php?rest_route=\/wp\/v2\/posts"}],"about":[{"href":"https:\/\/noticiasveraces.com\/index.php?rest_route=\/wp\/v2\/types\/post"}],"author":[{"embeddable":true,"href":"https:\/\/noticiasveraces.com\/index.php?rest_route=\/wp\/v2\/users\/1"}],"replies":[{"embeddable":true,"href":"https:\/\/noticiasveraces.com\/index.php?rest_route=%2Fwp%2Fv2%2Fcomments&post=11384"}],"version-history":[{"count":0,"href":"https:\/\/noticiasveraces.com\/index.php?rest_route=\/wp\/v2\/posts\/11384\/revisions"}],"wp:featuredmedia":[{"embeddable":true,"href":"https:\/\/noticiasveraces.com\/index.php?rest_route=\/wp\/v2\/media\/11386"}],"wp:attachment":[{"href":"https:\/\/noticiasveraces.com\/index.php?rest_route=%2Fwp%2Fv2%2Fmedia&parent=11384"}],"wp:term":[{"taxonomy":"category","embeddable":true,"href":"https:\/\/noticiasveraces.com\/index.php?rest_route=%2Fwp%2Fv2%2Fcategories&post=11384"},{"taxonomy":"post_tag","embeddable":true,"href":"https:\/\/noticiasveraces.com\/index.php?rest_route=%2Fwp%2Fv2%2Ftags&post=11384"}],"curies":[{"name":"wp","href":"https:\/\/api.w.org\/{rel}","templated":true}]}}