{"id":11362,"date":"2025-01-21T14:45:10","date_gmt":"2025-01-21T18:45:10","guid":{"rendered":"https:\/\/noticiasveraces.com\/?p=11362"},"modified":"2025-01-21T14:45:10","modified_gmt":"2025-01-21T18:45:10","slug":"rusia-denuncia-la-amenaza-de-trump-de-retomar-el-canal-de-panama","status":"publish","type":"post","link":"https:\/\/noticiasveraces.com\/?p=11362","title":{"rendered":"Rusia denuncia la amenaza de Trump de retomar el Canal de Panam\u00e1"},"content":{"rendered":"<p> \n<\/p>\n<div>\n<p class=\"speakable\">El Ministerio de Asuntos Exteriores de Rusia ha pedido al presidente Donald Trump que reafirme el actual acuerdo internacional en torno al Canal de Panam\u00e1 y le deje el control de la naci\u00f3n de Panam\u00e1. <\/p>\n<p class=\"speakable\">Alexander Shchetinin, director del departamento latinoamericano del Ministerio de Asuntos Exteriores de Rusia, dijo al medio de noticias ruso TASS que espera que Trump \u00abrespete el actual r\u00e9gimen jur\u00eddico internacional\u00bb del canal, tal como se establece en dos tratados de 1977 entre Estados Unidos y Panam\u00e1.<\/p>\n<p>El acuerdo renunci\u00f3 al control estadounidense sobre el canal para el a\u00f1o 2000 y garantiz\u00f3 su neutralidad.<\/p>\n<div class=\"image-ct inline\">\n<div class=\"m\"><picture><source media=\"(max-width: 767px)\" srcset=\"https:\/\/a57.foxnews.com\/static.foxnews.com\/foxnews.com\/content\/uploads\/2025\/01\/343\/192\/trump-panama.jpg?ve=1&amp;tl=1, https:\/\/a57.foxnews.com\/static.foxnews.com\/foxnews.com\/content\/uploads\/2025\/01\/686\/384\/trump-panama.jpg?ve=1&amp;tl=1 2x\" height=\"192\" width=\"343\"><source media=\"(min-width: 768px) and (max-width: 1023px)\" srcset=\"https:\/\/a57.foxnews.com\/static.foxnews.com\/foxnews.com\/content\/uploads\/2025\/01\/672\/378\/trump-panama.jpg?ve=1&amp;tl=1, https:\/\/a57.foxnews.com\/static.foxnews.com\/foxnews.com\/content\/uploads\/2025\/01\/1344\/756\/trump-panama.jpg?ve=1&amp;tl=1 2x\" height=\"378\" width=\"672\"><source media=\"(min-width: 1024px) and (max-width: 1279px)\" srcset=\"https:\/\/a57.foxnews.com\/static.foxnews.com\/foxnews.com\/content\/uploads\/2025\/01\/931\/523\/trump-panama.jpg?ve=1&amp;tl=1, https:\/\/a57.foxnews.com\/static.foxnews.com\/foxnews.com\/content\/uploads\/2025\/01\/1862\/1046\/trump-panama.jpg?ve=1&amp;tl=1 2x\" height=\"523\" width=\"931\"><source media=\"(min-width: 1280px)\" srcset=\"https:\/\/a57.foxnews.com\/static.foxnews.com\/foxnews.com\/content\/uploads\/2025\/01\/720\/405\/trump-panama.jpg?ve=1&amp;tl=1, https:\/\/a57.foxnews.com\/static.foxnews.com\/foxnews.com\/content\/uploads\/2025\/01\/1440\/810\/trump-panama.jpg?ve=1&amp;tl=1 2x\" height=\"405\" width=\"720\"><img loading=\"lazy\" decoding=\"async\" src=\"https:\/\/a57.foxnews.com\/static.foxnews.com\/foxnews.com\/content\/uploads\/2025\/01\/1200\/675\/trump-panama.jpg?ve=1&amp;tl=1\" alt=\"Canal de Panam\u00e1\" width=\"1200\" height=\"675\"\/><\/source><\/source><\/source><\/source><\/picture><\/div>\n<div class=\"info\">\n<div class=\"caption\">\n<p><span>El presidente Donald Trump, izquierda, y el carguero dan\u00e9s Lars Maersk navega por las esclusas de Agua Clara del Canal de Panam\u00e1 en la ciudad de Col\u00f3n, Panam\u00e1, el 28 de diciembre de 2024, derecha.<\/span> <span>(Jim WATSON \/ AFP, izquierda, ARNULFO FRANCO \/ AFP, derecha.)<\/span><\/p>\n<\/div>\n<\/div>\n<\/div>\n<p><strong>TRUMP: CARTER ERA UNA PERSONA &#8216;MUY BUENA&#8217; PERO LOS MOVIMIENTOS DEL CANAL DE PANAM\u00c1 FUERON &#8216;UN GRAN ERROR&#8217;<\/strong><\/p>\n<p>Trump ha criticado a Panam\u00e1 desde su amplia victoria electoral en noviembre, acusando al pa\u00eds centroamericano de permitir que China domine la ruta comercial mar\u00edtima cr\u00edtica y dejar que los barcos estadounidenses sean \u00abestafados\u00bb en el proceso.<\/p>\n<p>Durante su discurso inaugural el lunes, el presidente Trump redobl\u00f3 sus quejas y declar\u00f3 que Estados Unidos \u00abse retractar\u00eda\u00bb.<\/p>\n<p>\u00abEsperamos que durante las esperadas discusiones entre los l\u00edderes de Panam\u00e1 y el presidente Trump sobre temas de control sobre el Canal de Panam\u00e1, que ciertamente cae dentro de la esfera de sus relaciones bilaterales, las partes respeten el actual r\u00e9gimen legal internacional de esta v\u00eda fluvial clave. \u00bb dijo Shchetinin.<\/p>\n<p>Dijo que 40 pa\u00edses tambi\u00e9n se sumaron a un protocolo de acuerdo, de los cuales Rusia es uno, para reconocer la neutralidad del canal y mantenerlo \u00abseguro y abierto\u00bb.<\/p>\n<p>\u00ab[The U.S. and Panama] debe proteger el canal de cualquier amenaza al r\u00e9gimen de neutralidad\u00bb, dijo Shchetinin. \u00abAl mismo tiempo, se hizo una reserva de que dicho derecho de los Estados Unidos a defender el Canal de Panam\u00e1 no significa ni debe interpretarse como el derecho \u00abinterferir en los asuntos internos de Panam\u00e1, y cualquier acci\u00f3n de la parte estadounidense nunca estar\u00e1 dirigida contra la integridad territorial o la independencia pol\u00edtica de Panam\u00e1\u00bb.<\/p>\n<div class=\"image-ct inline\">\n<div class=\"m\"><picture><source media=\"(max-width: 767px)\" srcset=\"https:\/\/a57.foxnews.com\/static.foxnews.com\/foxnews.com\/content\/uploads\/2025\/01\/343\/192\/trump-speech-inauguration.png?ve=1&amp;tl=1, https:\/\/a57.foxnews.com\/static.foxnews.com\/foxnews.com\/content\/uploads\/2025\/01\/686\/384\/trump-speech-inauguration.png?ve=1&amp;tl=1 2x\" height=\"192\" width=\"343\"><source media=\"(min-width: 768px) and (max-width: 1023px)\" srcset=\"https:\/\/a57.foxnews.com\/static.foxnews.com\/foxnews.com\/content\/uploads\/2025\/01\/672\/378\/trump-speech-inauguration.png?ve=1&amp;tl=1, https:\/\/a57.foxnews.com\/static.foxnews.com\/foxnews.com\/content\/uploads\/2025\/01\/1344\/756\/trump-speech-inauguration.png?ve=1&amp;tl=1 2x\" height=\"378\" width=\"672\"><source media=\"(min-width: 1024px) and (max-width: 1279px)\" srcset=\"https:\/\/a57.foxnews.com\/static.foxnews.com\/foxnews.com\/content\/uploads\/2025\/01\/931\/523\/trump-speech-inauguration.png?ve=1&amp;tl=1, https:\/\/a57.foxnews.com\/static.foxnews.com\/foxnews.com\/content\/uploads\/2025\/01\/1862\/1046\/trump-speech-inauguration.png?ve=1&amp;tl=1 2x\" height=\"523\" width=\"931\"><source media=\"(min-width: 1280px)\" srcset=\"https:\/\/a57.foxnews.com\/static.foxnews.com\/foxnews.com\/content\/uploads\/2025\/01\/720\/405\/trump-speech-inauguration.png?ve=1&amp;tl=1, https:\/\/a57.foxnews.com\/static.foxnews.com\/foxnews.com\/content\/uploads\/2025\/01\/1440\/810\/trump-speech-inauguration.png?ve=1&amp;tl=1 2x\" height=\"405\" width=\"720\"><img loading=\"lazy\" decoding=\"async\" src=\"https:\/\/a57.foxnews.com\/static.foxnews.com\/foxnews.com\/content\/uploads\/2025\/01\/1200\/675\/trump-speech-inauguration.png?ve=1&amp;tl=1\" alt=\"Trump habla\" width=\"1200\" height=\"675\"\/><\/source><\/source><\/source><\/source><\/picture><\/div>\n<div class=\"info\">\n<div class=\"caption\">\n<p><span>Trump pronuncia su segundo discurso inaugural presidencial el 20 de enero de 2024.<\/span> <!----><\/p>\n<\/div>\n<\/div>\n<\/div>\n<p><strong>TRUMP DESCRIBE PLANES SOBRE LA FRONTERA, EL CANAL DE PANAM\u00c1 Y LA DEFENSA NACIONAL<\/strong><\/p>\n<p>Trump ha criticado el acuerdo y anteriormente dijo que fue un \u00abgran error\u00bb por parte de Carter.<\/p>\n<p>\u00abEstados Unidos&#8230; gast\u00f3 m\u00e1s dinero que nunca antes en un proyecto y perdi\u00f3 38.000 vidas en la construcci\u00f3n del Canal de Panam\u00e1\u00bb, dijo Trump en su discurso inaugural el lunes.<\/p>\n<p>\u00abHemos sido tratados muy mal por este regalo tonto que nunca deber\u00eda haberse hecho. Y la promesa que nos hizo Panam\u00e1 se ha roto. El prop\u00f3sito de nuestro acuerdo y el esp\u00edritu de nuestro tratado han sido totalmente violados\u00bb.<\/p>\n<p>\u00abA los barcos estadounidenses se les est\u00e1n cobrando severamente de m\u00e1s y no se les trata de manera justa de ninguna manera, y eso incluye a la Armada de los Estados Unidos. Y, sobre todo, China est\u00e1 operando el Canal de Panam\u00e1. Y no se lo dimos a China, se lo dimos Se lo llevamos a Panam\u00e1 y lo llevaremos de vuelta\u00bb.<\/p>\n<p>El administrador del canal, Ricaurte V\u00e1squez, dijo este mes que China no tiene el control del canal y que todas las naciones reciben el mismo trato bajo un tratado de neutralidad.<\/p>\n<p>La ruta comercial mar\u00edtima de 51 millas utiliza una serie de esclusas y embalses para atravesar el centro de Panam\u00e1 y conectar el Atl\u00e1ntico y el Pac\u00edfico. Estados Unidos construy\u00f3 el canal a principios del siglo XX mientras buscaba formas de facilitar el tr\u00e1nsito de embarcaciones comerciales y militares entre sus costas.<\/p>\n<p>El canal evita que los barcos tengan que navegar alrededor del Cabo de Hornos en el extremo sur de Am\u00e9rica del Sur, ahorr\u00e1ndoles un viaje de aproximadamente 7.000 millas. <\/p>\n<div class=\"image-ct inline\">\n<div class=\"m\"><picture><source media=\"(max-width: 767px)\" srcset=\"https:\/\/a57.foxnews.com\/static.foxnews.com\/foxnews.com\/content\/uploads\/2025\/01\/343\/192\/gettyimages-2191009566.jpg?ve=1&amp;tl=1, https:\/\/a57.foxnews.com\/static.foxnews.com\/foxnews.com\/content\/uploads\/2025\/01\/686\/384\/gettyimages-2191009566.jpg?ve=1&amp;tl=1 2x\" height=\"192\" width=\"343\"><source media=\"(min-width: 768px) and (max-width: 1023px)\" srcset=\"https:\/\/a57.foxnews.com\/static.foxnews.com\/foxnews.com\/content\/uploads\/2025\/01\/672\/378\/gettyimages-2191009566.jpg?ve=1&amp;tl=1, https:\/\/a57.foxnews.com\/static.foxnews.com\/foxnews.com\/content\/uploads\/2025\/01\/1344\/756\/gettyimages-2191009566.jpg?ve=1&amp;tl=1 2x\" height=\"378\" width=\"672\"><source media=\"(min-width: 1024px) and (max-width: 1279px)\" srcset=\"https:\/\/a57.foxnews.com\/static.foxnews.com\/foxnews.com\/content\/uploads\/2025\/01\/931\/523\/gettyimages-2191009566.jpg?ve=1&amp;tl=1, https:\/\/a57.foxnews.com\/static.foxnews.com\/foxnews.com\/content\/uploads\/2025\/01\/1862\/1046\/gettyimages-2191009566.jpg?ve=1&amp;tl=1 2x\" height=\"523\" width=\"931\"><source media=\"(min-width: 1280px)\" srcset=\"https:\/\/a57.foxnews.com\/static.foxnews.com\/foxnews.com\/content\/uploads\/2025\/01\/720\/405\/gettyimages-2191009566.jpg?ve=1&amp;tl=1, https:\/\/a57.foxnews.com\/static.foxnews.com\/foxnews.com\/content\/uploads\/2025\/01\/1440\/810\/gettyimages-2191009566.jpg?ve=1&amp;tl=1 2x\" height=\"405\" width=\"720\"><img loading=\"lazy\" decoding=\"async\" src=\"https:\/\/a57.foxnews.com\/static.foxnews.com\/foxnews.com\/content\/uploads\/2025\/01\/1200\/675\/gettyimages-2191009566.jpg?ve=1&amp;tl=1\" alt=\"Los barcos pasan por el canal de Panam\u00e1.\" width=\"1200\" height=\"675\"\/><\/source><\/source><\/source><\/source><\/picture><\/div>\n<div class=\"info\">\n<div class=\"caption\">\n<p><span>El carguero de las Islas Marshall Cape Hellas, izquierda, y el carguero portugu\u00e9s MSC Elma navegan en el lago Gat\u00fan cerca de las Esclusas de Agua Clara del Canal de Panam\u00e1 en la ciudad de Col\u00f3n, Panam\u00e1, el 28 de diciembre de 2024. <\/span> <span>(ARNULFO FRANCO\/AFP v\u00eda Getty Images)<\/span><\/p>\n<\/div>\n<\/div>\n<\/div>\n<p><strong>HAGA CLIC AQU\u00cd PARA OBTENER LA APLICACI\u00d3N FOX NEWS<\/strong><\/p>\n<p>El presidente de Panam\u00e1, Jos\u00e9 Ra\u00fal Mulino, emiti\u00f3 un comunicado rechazando los comentarios de Trump y dijo: \u00abEl Canal es y seguir\u00e1 siendo de Panam\u00e1 y su administraci\u00f3n seguir\u00e1 estando bajo control paname\u00f1o con respecto a su neutralidad permanente\u00bb.<\/p>\n<p>\u00abNo hay presencia de ninguna naci\u00f3n en el mundo que interfiera con nuestra administraci\u00f3n\u00bb, a\u00f1adi\u00f3, cuestionando la sugerencia de Trump de que Estados Unidos \u00abentreg\u00f3\u00bb el canal a Panam\u00e1.<\/p>\n<p>\u00abEl di\u00e1logo es siempre la manera de aclarar los puntos mencionados sin menoscabar nuestro derecho, la soberan\u00eda total y la propiedad de nuestro Canal\u00bb, afirm\u00f3 Mulino. <\/p>\n<p><i>Caitlin McFall de Fox News y The Associated Press contribuyeron a este informe. <\/i><\/p>\n<p> <!----> <\/p>\n<div class=\"article-meta\">\n<div class=\"author-bio\">\n<p>Michael Dorgan es escritor de Fox News Digital y Fox Business.<\/p>\n<p>Puede enviar sugerencias a michael.dorgan@fox.com y seguirlo en Twitter @M_Dorgan.<\/p>\n<\/div>\n<\/div>\n<\/div>\n\n","protected":false},"excerpt":{"rendered":"<p>El Ministerio de Asuntos Exteriores de Rusia ha pedido al presidente Donald Trump que reafirme el actual acuerdo internacional en torno al Canal de Panam\u00e1 y le deje el control de la naci\u00f3n de Panam\u00e1. Alexander Shchetinin, director del departamento latinoamericano del Ministerio de Asuntos Exteriores de Rusia, dijo al medio de noticias ruso TASS &hellip;<\/p>\n","protected":false},"author":1,"featured_media":11364,"comment_status":"open","ping_status":"open","sticky":false,"template":"","format":"standard","meta":{"fifu_image_url":"https:\/\/static.foxnews.com\/foxnews.com\/content\/uploads\/2025\/01\/trump-panama.jpg","fifu_image_alt":"","footnotes":""},"categories":[13],"tags":[],"class_list":["post-11362","post","type-post","status-publish","format-standard","has-post-thumbnail","","category-mundo"],"_links":{"self":[{"href":"https:\/\/noticiasveraces.com\/index.php?rest_route=\/wp\/v2\/posts\/11362","targetHints":{"allow":["GET"]}}],"collection":[{"href":"https:\/\/noticiasveraces.com\/index.php?rest_route=\/wp\/v2\/posts"}],"about":[{"href":"https:\/\/noticiasveraces.com\/index.php?rest_route=\/wp\/v2\/types\/post"}],"author":[{"embeddable":true,"href":"https:\/\/noticiasveraces.com\/index.php?rest_route=\/wp\/v2\/users\/1"}],"replies":[{"embeddable":true,"href":"https:\/\/noticiasveraces.com\/index.php?rest_route=%2Fwp%2Fv2%2Fcomments&post=11362"}],"version-history":[{"count":0,"href":"https:\/\/noticiasveraces.com\/index.php?rest_route=\/wp\/v2\/posts\/11362\/revisions"}],"wp:featuredmedia":[{"embeddable":true,"href":"https:\/\/noticiasveraces.com\/index.php?rest_route=\/wp\/v2\/media\/11364"}],"wp:attachment":[{"href":"https:\/\/noticiasveraces.com\/index.php?rest_route=%2Fwp%2Fv2%2Fmedia&parent=11362"}],"wp:term":[{"taxonomy":"category","embeddable":true,"href":"https:\/\/noticiasveraces.com\/index.php?rest_route=%2Fwp%2Fv2%2Fcategories&post=11362"},{"taxonomy":"post_tag","embeddable":true,"href":"https:\/\/noticiasveraces.com\/index.php?rest_route=%2Fwp%2Fv2%2Ftags&post=11362"}],"curies":[{"name":"wp","href":"https:\/\/api.w.org\/{rel}","templated":true}]}}