{"id":11350,"date":"2025-01-21T12:29:08","date_gmt":"2025-01-21T16:29:08","guid":{"rendered":"https:\/\/noticiasveraces.com\/?p=11350"},"modified":"2025-01-21T12:29:08","modified_gmt":"2025-01-21T16:29:08","slug":"los-lideres-mundiales-reaccionan-cuando-trump-regresa-a-la-casa-blanca","status":"publish","type":"post","link":"https:\/\/noticiasveraces.com\/?p=11350","title":{"rendered":"Los l\u00edderes mundiales reaccionan cuando Trump regresa a la Casa Blanca"},"content":{"rendered":"<p> \n<\/p>\n<div>\n<div class=\"article-gating gated-overlay\">\n<div class=\"article-gating-wrapper\">\n<p>\u00danase a Fox News para acceder a este contenido<\/p>\n<p>Adem\u00e1s, acceso especial a art\u00edculos seleccionados y otro contenido premium con su cuenta, sin cargo.<\/p>\n<div class=\"article-gating-legal tablet-desktop\">Al ingresar su correo electr\u00f3nico y presionar Continuar, acepta los T\u00e9rminos de uso y la Pol\u00edtica de privacidad de Fox News, que incluye nuestro Aviso de incentivo financiero.\n    <\/div>\n<p><span>Por favor, introduce una direcci\u00f3n de correo electr\u00f3nico v\u00e1lida.<\/span><\/p>\n<footer class=\"article-gating-footer\">\u00bfTienes problemas? Haga clic aqu\u00ed.<\/footer>\n<\/div>\n<\/div>\n<p class=\"speakable\">L\u00edderes de todo el mundo reaccionaron el lunes ante el regreso de Donald Trump a la Casa Blanca, ofreciendo buenos deseos generales y extendiendo ramas de olivo geopol\u00edticas.<\/p>\n<p class=\"speakable\">Si bien el presidente Trump marc\u00f3 la pauta en su discurso inaugural y declar\u00f3 que \u00abpondr\u00eda a Estados Unidos en primer lugar\u00bb, tambi\u00e9n llam\u00f3 la atenci\u00f3n sobre \u00e1reas espec\u00edficas como M\u00e9xico, Panam\u00e1 y China, lo que gener\u00f3 m\u00e1s preguntas sobre c\u00f3mo las nuevas pol\u00edticas estadounidenses bajo el 47\u00ba presidente de los Estados Unidos podr\u00eda tomar forma.<\/p>\n<p>Ni los gobiernos de China, M\u00e9xico ni Panam\u00e1 respondieron a las preguntas de Fox News Digital tras las declaraciones de Trump durante su discurso inaugural, incluso cuando prometi\u00f3 \u00abrecuperar\u00bb el Canal de Panam\u00e1, que Estados Unidos entreg\u00f3 por completo a Panam\u00e1 en 1999.<\/p>\n<p>\u00abChina est\u00e1 operando el Canal de Panam\u00e1. Y no se lo dimos a China. Se lo dimos a Panam\u00e1\u00bb, dijo el presidente.  \u00abY lo vamos a retirar\u00bb.<\/p>\n<p>Trump tambi\u00e9n prometi\u00f3 cambiar el nombre del Golfo de M\u00e9xico a Golfo de Am\u00e9rica y se comprometi\u00f3 a restablecer sus pol\u00edticas de \u00abPermanecer en M\u00e9xico\u00bb.<\/p>\n<div class=\"image-ct inline\">\n<div class=\"m\"><picture><source media=\"(max-width: 767px)\" srcset=\"https:\/\/a57.foxnews.com\/static.foxnews.com\/foxnews.com\/content\/uploads\/2025\/01\/343\/192\/donald-trump-presidential-inauguration-day-washington-dc_146.jpg?ve=1&amp;tl=1, https:\/\/a57.foxnews.com\/static.foxnews.com\/foxnews.com\/content\/uploads\/2025\/01\/686\/384\/donald-trump-presidential-inauguration-day-washington-dc_146.jpg?ve=1&amp;tl=1 2x\" height=\"192\" width=\"343\"><source media=\"(min-width: 768px) and (max-width: 1023px)\" srcset=\"https:\/\/a57.foxnews.com\/static.foxnews.com\/foxnews.com\/content\/uploads\/2025\/01\/672\/378\/donald-trump-presidential-inauguration-day-washington-dc_146.jpg?ve=1&amp;tl=1, https:\/\/a57.foxnews.com\/static.foxnews.com\/foxnews.com\/content\/uploads\/2025\/01\/1344\/756\/donald-trump-presidential-inauguration-day-washington-dc_146.jpg?ve=1&amp;tl=1 2x\" height=\"378\" width=\"672\"><source media=\"(min-width: 1024px) and (max-width: 1279px)\" srcset=\"https:\/\/a57.foxnews.com\/static.foxnews.com\/foxnews.com\/content\/uploads\/2025\/01\/931\/523\/donald-trump-presidential-inauguration-day-washington-dc_146.jpg?ve=1&amp;tl=1, https:\/\/a57.foxnews.com\/static.foxnews.com\/foxnews.com\/content\/uploads\/2025\/01\/1862\/1046\/donald-trump-presidential-inauguration-day-washington-dc_146.jpg?ve=1&amp;tl=1 2x\" height=\"523\" width=\"931\"><source media=\"(min-width: 1280px)\" srcset=\"https:\/\/a57.foxnews.com\/static.foxnews.com\/foxnews.com\/content\/uploads\/2025\/01\/720\/405\/donald-trump-presidential-inauguration-day-washington-dc_146.jpg?ve=1&amp;tl=1, https:\/\/a57.foxnews.com\/static.foxnews.com\/foxnews.com\/content\/uploads\/2025\/01\/1440\/810\/donald-trump-presidential-inauguration-day-washington-dc_146.jpg?ve=1&amp;tl=1 2x\" height=\"405\" width=\"720\"><img loading=\"lazy\" decoding=\"async\" src=\"https:\/\/a57.foxnews.com\/static.foxnews.com\/foxnews.com\/content\/uploads\/2025\/01\/1200\/675\/donald-trump-presidential-inauguration-day-washington-dc_146.jpg?ve=1&amp;tl=1\" alt=\"Donald Trump llega previo a la toma de posesi\u00f3n\" width=\"1200\" height=\"675\"\/><\/source><\/source><\/source><\/source><\/picture><\/div>\n<div class=\"info\">\n<div class=\"caption\">\n<p><span>El presidente electo Trump llega para su toma de posesi\u00f3n al Capitolio de Estados Unidos el 20 de enero de 2025.<\/span> <span>(Melina Mara\/Pool\/Getty Images)<\/span><\/p>\n<\/div>\n<\/div>\n<\/div>\n<p><strong>EL HISTORIADOR PRESIDENCIAL DE CNN Afirma que TRUMP CUMPLI\u00d3 &#8216;PROMESA DE SER DICTADOR DESDE EL PRIMER D\u00cdA&#8217; CON \u00d3RDENES EJECUTIVAS<\/strong><\/p>\n<h2>OBJETIVOS PRINCIPALES<\/h2>\n<p>El presidente de Panam\u00e1, Jos\u00e9 Ra\u00fal Mulino, emiti\u00f3 un comunicado rechazando los comentarios de Trump y dijo: \u00abEl Canal es y seguir\u00e1 siendo de Panam\u00e1 y su administraci\u00f3n seguir\u00e1 estando bajo control paname\u00f1o con respecto a su neutralidad permanente\u00bb.<\/p>\n<p>\u00abNo hay presencia de ninguna naci\u00f3n en el mundo que interfiera con nuestra administraci\u00f3n\u00bb, a\u00f1adi\u00f3, cuestionando la sugerencia de Trump de que Estados Unidos \u00abentreg\u00f3\u00bb el canal a Panam\u00e1.<\/p>\n<p>\u00abEl di\u00e1logo es siempre la manera de aclarar los puntos mencionados sin menoscabar nuestro derecho, la soberan\u00eda total y la propiedad de nuestro Canal\u00bb, afirm\u00f3 Mulino. <\/p>\n<p>Los informes sugirieron que M\u00e9xico rechaz\u00f3 los planes de Trump de implementar una pol\u00edtica de \u00abPermanecer en M\u00e9xico\u00bb y durante una conferencia el lunes por la ma\u00f1ana, Juan Ram\u00f3n de la Fuente, secretario de Relaciones Exteriores de M\u00e9xico, dijo: \u00abSi la restablecen, esto es algo que no \u00abEstamos de acuerdo. Tenemos un enfoque diferente. Queremos ajustarlo\u00bb. <\/p>\n<p>\u00abEl deseo es mantener las mismas pol\u00edticas que ahora\u00bb, a\u00f1adi\u00f3.<\/p>\n<p>China no parece haber hecho comentarios p\u00fablicos tras el discurso inaugural de Trump, al que asisti\u00f3 el vicepresidente chino Han Zheng.<\/p>\n<div class=\"image-ct inline\">\n<div class=\"m\"><picture><source media=\"(max-width: 767px)\" srcset=\"https:\/\/a57.foxnews.com\/static.foxnews.com\/foxnews.com\/content\/uploads\/2025\/01\/343\/192\/trump-in.jpg?ve=1&amp;tl=1, https:\/\/a57.foxnews.com\/static.foxnews.com\/foxnews.com\/content\/uploads\/2025\/01\/686\/384\/trump-in.jpg?ve=1&amp;tl=1 2x\" height=\"192\" width=\"343\"><source media=\"(min-width: 768px) and (max-width: 1023px)\" srcset=\"https:\/\/a57.foxnews.com\/static.foxnews.com\/foxnews.com\/content\/uploads\/2025\/01\/672\/378\/trump-in.jpg?ve=1&amp;tl=1, https:\/\/a57.foxnews.com\/static.foxnews.com\/foxnews.com\/content\/uploads\/2025\/01\/1344\/756\/trump-in.jpg?ve=1&amp;tl=1 2x\" height=\"378\" width=\"672\"><source media=\"(min-width: 1024px) and (max-width: 1279px)\" srcset=\"https:\/\/a57.foxnews.com\/static.foxnews.com\/foxnews.com\/content\/uploads\/2025\/01\/931\/523\/trump-in.jpg?ve=1&amp;tl=1, https:\/\/a57.foxnews.com\/static.foxnews.com\/foxnews.com\/content\/uploads\/2025\/01\/1862\/1046\/trump-in.jpg?ve=1&amp;tl=1 2x\" height=\"523\" width=\"931\"><source media=\"(min-width: 1280px)\" srcset=\"https:\/\/a57.foxnews.com\/static.foxnews.com\/foxnews.com\/content\/uploads\/2025\/01\/720\/405\/trump-in.jpg?ve=1&amp;tl=1, https:\/\/a57.foxnews.com\/static.foxnews.com\/foxnews.com\/content\/uploads\/2025\/01\/1440\/810\/trump-in.jpg?ve=1&amp;tl=1 2x\" height=\"405\" width=\"720\"><img loading=\"lazy\" decoding=\"async\" src=\"https:\/\/a57.foxnews.com\/static.foxnews.com\/foxnews.com\/content\/uploads\/2025\/01\/1200\/675\/trump-in.jpg?ve=1&amp;tl=1\" alt=\"inauguraci\u00f3n de trump\" width=\"1200\" height=\"675\"\/><\/source><\/source><\/source><\/source><\/picture><\/div>\n<div class=\"info\">\n<div class=\"caption\">\n<p><span>La primera ministra de Italia, Giorgia Meloni, el presidente de Argentina, Javier Milei, y el vicepresidente de China, Han Zheng, asisten a la toma de posesi\u00f3n de Donald Trump en el Capitolio de Estados Unidos el 20 de enero de 2025.<\/span> <span>(Shawn Thew\/Pool\/AFP v\u00eda Getty Images)<\/span><\/p>\n<\/div>\n<\/div>\n<\/div>\n<p><strong>&#8216;EMERGENCIA NACIONAL&#8217;: TRUMP DECLARA AMBICIOSA MEDIDA CONTRA LA INMIGRACI\u00d3N ILEGAL EN SU DISCURSO INAUGURAL<\/strong><\/p>\n<h2>SOBRE LA GUERRA EN UCRANIA<\/h2>\n<p>El presidente ruso, Vladimir Putin, felicit\u00f3 a Trump por su regreso a la Casa Blanca y sugiri\u00f3 que podr\u00eda estar abierto a conversaciones de paz con Ucrania. <\/p>\n<p>\u00abVemos las declaraciones del reci\u00e9n elegido presidente de Estados Unidos y de los miembros de su equipo sobre el deseo de restablecer los contactos directos con Rusia\u00bb, dijo Putin, seg\u00fan una traducci\u00f3n de Reuters.<\/p>\n<p>\u00abTambi\u00e9n escuchamos su declaraci\u00f3n sobre la necesidad de hacer todo lo posible para evitar la Tercera Guerra Mundial\u00bb, a\u00f1adi\u00f3. \u00abPor supuesto, acogemos con satisfacci\u00f3n esta actitud y felicitamos al presidente electo de los Estados Unidos de Am\u00e9rica por su toma de posesi\u00f3n\u00bb.<\/p>\n<p>El presidente ucraniano, Volodymyr Zelenskyy, felicit\u00f3 de manera similar justo antes de la ceremonia de toma de posesi\u00f3n y dijo: \u00abFelicito al presidente Trump y al pueblo estadounidense por la toma de posesi\u00f3n del 47\u00ba presidente de los Estados Unidos. Hoy es un d\u00eda de cambio y tambi\u00e9n un d\u00eda de esperanza\u00bb. para la resoluci\u00f3n de muchos problemas, incluidos los desaf\u00edos globales.<\/p>\n<p>\u00abEl presidente Trump siempre es decisivo, y la pol\u00edtica de paz a trav\u00e9s de la fuerza que anunci\u00f3 brinda una oportunidad para fortalecer el liderazgo estadounidense y lograr una paz justa y a largo plazo, que es la m\u00e1xima prioridad\u00bb, a\u00f1adi\u00f3.<\/p>\n<div class=\"image-ct inline\">\n<div class=\"m\"><picture><source media=\"(max-width: 767px)\" srcset=\"https:\/\/a57.foxnews.com\/static.foxnews.com\/foxnews.com\/content\/uploads\/2024\/09\/343\/192\/Zelenskyy-Trump-New-York.jpg?ve=1&amp;tl=1, https:\/\/a57.foxnews.com\/static.foxnews.com\/foxnews.com\/content\/uploads\/2024\/09\/686\/384\/Zelenskyy-Trump-New-York.jpg?ve=1&amp;tl=1 2x\" height=\"192\" width=\"343\"><source media=\"(min-width: 768px) and (max-width: 1023px)\" srcset=\"https:\/\/a57.foxnews.com\/static.foxnews.com\/foxnews.com\/content\/uploads\/2024\/09\/672\/378\/Zelenskyy-Trump-New-York.jpg?ve=1&amp;tl=1, https:\/\/a57.foxnews.com\/static.foxnews.com\/foxnews.com\/content\/uploads\/2024\/09\/1344\/756\/Zelenskyy-Trump-New-York.jpg?ve=1&amp;tl=1 2x\" height=\"378\" width=\"672\"><source media=\"(min-width: 1024px) and (max-width: 1279px)\" srcset=\"https:\/\/a57.foxnews.com\/static.foxnews.com\/foxnews.com\/content\/uploads\/2024\/09\/931\/523\/Zelenskyy-Trump-New-York.jpg?ve=1&amp;tl=1, https:\/\/a57.foxnews.com\/static.foxnews.com\/foxnews.com\/content\/uploads\/2024\/09\/1862\/1046\/Zelenskyy-Trump-New-York.jpg?ve=1&amp;tl=1 2x\" height=\"523\" width=\"931\"><source media=\"(min-width: 1280px)\" srcset=\"https:\/\/a57.foxnews.com\/static.foxnews.com\/foxnews.com\/content\/uploads\/2024\/09\/720\/405\/Zelenskyy-Trump-New-York.jpg?ve=1&amp;tl=1, https:\/\/a57.foxnews.com\/static.foxnews.com\/foxnews.com\/content\/uploads\/2024\/09\/1440\/810\/Zelenskyy-Trump-New-York.jpg?ve=1&amp;tl=1 2x\" height=\"405\" width=\"720\"><img loading=\"lazy\" decoding=\"async\" src=\"https:\/\/a57.foxnews.com\/static.foxnews.com\/foxnews.com\/content\/uploads\/2024\/09\/1200\/675\/Zelenskyy-Trump-New-York.jpg?ve=1&amp;tl=1\" alt=\"Zelenskyy Trump Nueva York\" width=\"1200\" height=\"675\"\/><\/source><\/source><\/source><\/source><\/picture><\/div>\n<div class=\"info\">\n<div class=\"caption\">\n<p><span>El expresidente Trump se re\u00fane con el presidente de Ucrania, Volodymyr Zelenskyy, en la Torre Trump, el 27 de septiembre de 2024, en Nueva York.<\/span> <span>(Foto AP\/Julia Demaree Nikhinson)<\/span><\/p>\n<\/div>\n<\/div>\n<\/div>\n<p><strong>TRUMP ORDENA NOS RETIRO DE LA ORGANIZACI\u00d3N MUNDIAL DE LA SALUD<\/strong><\/p>\n<h2>ALIADOS EUROPEOS<\/h2>\n<p>El secretario general de la OTAN, Mark Rutte, ofreci\u00f3 sus \u00abc\u00e1lidas felicitaciones\u00bb y en una publicaci\u00f3n en X dijo: \u00abCon el regreso del presidente Trump a su cargo, impulsaremos el gasto y la producci\u00f3n de defensa\u00bb.<\/p>\n<p>La jefa de la Uni\u00f3n Europea, Ursula von der Leyen, tambi\u00e9n abord\u00f3 X y dijo que el organismo internacional \u00abespera trabajar estrechamente con usted para abordar los desaf\u00edos globales\u00bb.<\/p>\n<p>\u00abJuntas, nuestras sociedades pueden lograr una mayor prosperidad y fortalecer su seguridad com\u00fan\u00bb, a\u00f1adi\u00f3. <\/p>\n<p>Si bien muchas naciones de Europa, incluidas Noruega, Suecia, Finlandia, Italia, Alemania y el Reino Unido, felicitaron a Trump, y varios l\u00edderes declararon que Estados Unidos es su aliado m\u00e1s cercano, otras naciones de Europa se mostraron menos dispuestas a emitir felicitaciones pronunciadas.<\/p>\n<p>El presidente franc\u00e9s, Emmanuel Macron, emiti\u00f3 una nota de advertencia durante un discurso ante el ej\u00e9rcito franc\u00e9s el lunes.<\/p>\n<p>Macron dijo que la presidencia de Trump era una \u00aboportunidad para una llamada de atenci\u00f3n estrat\u00e9gica europea\u00bb y destac\u00f3 escenarios que algunos tem\u00edan que pudieran afectar la seguridad europea, como una disminuci\u00f3n de la presencia militar estadounidense en Europa si Washington opta por cambiar su enfoque hacia las preocupaciones de seguridad en Asia. en cambio. <\/p>\n<div class=\"image-ct inline\">\n<div class=\"m\"><picture><source media=\"(max-width: 767px)\" srcset=\"https:\/\/a57.foxnews.com\/static.foxnews.com\/foxnews.com\/content\/uploads\/2024\/11\/343\/192\/donald-trump-west-palm-beach-fl-nov.-6-2024-scaled.jpg?ve=1&amp;tl=1, https:\/\/a57.foxnews.com\/static.foxnews.com\/foxnews.com\/content\/uploads\/2024\/11\/686\/384\/donald-trump-west-palm-beach-fl-nov.-6-2024-scaled.jpg?ve=1&amp;tl=1 2x\" height=\"192\" width=\"343\"><source media=\"(min-width: 768px) and (max-width: 1023px)\" srcset=\"https:\/\/a57.foxnews.com\/static.foxnews.com\/foxnews.com\/content\/uploads\/2024\/11\/672\/378\/donald-trump-west-palm-beach-fl-nov.-6-2024-scaled.jpg?ve=1&amp;tl=1, https:\/\/a57.foxnews.com\/static.foxnews.com\/foxnews.com\/content\/uploads\/2024\/11\/1344\/756\/donald-trump-west-palm-beach-fl-nov.-6-2024-scaled.jpg?ve=1&amp;tl=1 2x\" height=\"378\" width=\"672\"><source media=\"(min-width: 1024px) and (max-width: 1279px)\" srcset=\"https:\/\/a57.foxnews.com\/static.foxnews.com\/foxnews.com\/content\/uploads\/2024\/11\/931\/523\/donald-trump-west-palm-beach-fl-nov.-6-2024-scaled.jpg?ve=1&amp;tl=1, https:\/\/a57.foxnews.com\/static.foxnews.com\/foxnews.com\/content\/uploads\/2024\/11\/1862\/1046\/donald-trump-west-palm-beach-fl-nov.-6-2024-scaled.jpg?ve=1&amp;tl=1 2x\" height=\"523\" width=\"931\"><source media=\"(min-width: 1280px)\" srcset=\"https:\/\/a57.foxnews.com\/static.foxnews.com\/foxnews.com\/content\/uploads\/2024\/11\/720\/405\/donald-trump-west-palm-beach-fl-nov.-6-2024-scaled.jpg?ve=1&amp;tl=1, https:\/\/a57.foxnews.com\/static.foxnews.com\/foxnews.com\/content\/uploads\/2024\/11\/1440\/810\/donald-trump-west-palm-beach-fl-nov.-6-2024-scaled.jpg?ve=1&amp;tl=1 2x\" height=\"405\" width=\"720\"><img loading=\"lazy\" decoding=\"async\" src=\"https:\/\/a57.foxnews.com\/static.foxnews.com\/foxnews.com\/content\/uploads\/2024\/11\/1200\/675\/donald-trump-west-palm-beach-fl-nov.-6-2024-scaled.jpg?ve=1&amp;tl=1\" alt=\"Donald Trump saluda a sus seguidores en West Palm Beach, Florida.\" width=\"1200\" height=\"675\"\/><\/source><\/source><\/source><\/source><\/picture><\/div>\n<div class=\"info\">\n<div class=\"caption\">\n<p><span>Donald Trump saluda a sus seguidores en West Palm Beach, Florida.<\/span> <span>(Foto AP\/Evan Vucci)<\/span><\/p>\n<\/div>\n<\/div>\n<\/div>\n<p><strong>HAGA CLIC AQU\u00cd PARA OBTENER LA APLICACI\u00d3N FOX NEWS<\/strong> <\/p>\n<h2>ORIENTE MEDIO <\/h2>\n<p>Apenas un d\u00eda despu\u00e9s del largamente negociado alto el fuego entre Israel y Gaza, el primer ministro israel\u00ed, Benjam\u00edn Netanyahu, public\u00f3 un mensaje de v\u00eddeo en X en el que felicit\u00f3 a Trump y dijo: \u00abCreo que trabajando juntos de nuevo mejoraremos la alianza entre Estados Unidos e Israel\u00bb. a alturas a\u00fan mayores.\u00bb<\/p>\n<p>\u00abLos mejores d\u00edas de nuestra alianza a\u00fan est\u00e1n por llegar\u00bb, a\u00f1adi\u00f3. <\/p>\n<p>El funcionario de Ham\u00e1s, Sami Abu Zuhri, tambi\u00e9n coment\u00f3 sobre la toma de posesi\u00f3n del 47\u00ba presidente, diciendo: \u00abEstamos contentos con la partida de Biden, que tiene la sangre de los palestinos en sus manos\u00bb, inform\u00f3 Reuters.  <\/p>\n<p>\u00abEsperamos el fin de esta era oscura que perjudic\u00f3 a EE.UU. antes que nadie y que Trump pueda construir sus pol\u00edticas sobre bases equilibradas que puedan cortar el camino contra los males de Netanyahu que quieren ahogar a la regi\u00f3n y al mundo\u00bb, a\u00f1adi\u00f3. <\/p>\n<\/div>\n\n","protected":false},"excerpt":{"rendered":"<p>\u00danase a Fox News para acceder a este contenido Adem\u00e1s, acceso especial a art\u00edculos seleccionados y otro contenido premium con su cuenta, sin cargo. Al ingresar su correo electr\u00f3nico y presionar Continuar, acepta los T\u00e9rminos de uso y la Pol\u00edtica de privacidad de Fox News, que incluye nuestro Aviso de incentivo financiero. Por favor, introduce &hellip;<\/p>\n","protected":false},"author":1,"featured_media":11352,"comment_status":"open","ping_status":"open","sticky":false,"template":"","format":"standard","meta":{"fifu_image_url":"https:\/\/static.foxnews.com\/foxnews.com\/content\/uploads\/2025\/01\/donald-trump-presidential-inauguration-day-washington-dc_146.jpg","fifu_image_alt":"","footnotes":""},"categories":[13],"tags":[],"class_list":["post-11350","post","type-post","status-publish","format-standard","has-post-thumbnail","","category-mundo"],"_links":{"self":[{"href":"https:\/\/noticiasveraces.com\/index.php?rest_route=\/wp\/v2\/posts\/11350","targetHints":{"allow":["GET"]}}],"collection":[{"href":"https:\/\/noticiasveraces.com\/index.php?rest_route=\/wp\/v2\/posts"}],"about":[{"href":"https:\/\/noticiasveraces.com\/index.php?rest_route=\/wp\/v2\/types\/post"}],"author":[{"embeddable":true,"href":"https:\/\/noticiasveraces.com\/index.php?rest_route=\/wp\/v2\/users\/1"}],"replies":[{"embeddable":true,"href":"https:\/\/noticiasveraces.com\/index.php?rest_route=%2Fwp%2Fv2%2Fcomments&post=11350"}],"version-history":[{"count":0,"href":"https:\/\/noticiasveraces.com\/index.php?rest_route=\/wp\/v2\/posts\/11350\/revisions"}],"wp:featuredmedia":[{"embeddable":true,"href":"https:\/\/noticiasveraces.com\/index.php?rest_route=\/wp\/v2\/media\/11352"}],"wp:attachment":[{"href":"https:\/\/noticiasveraces.com\/index.php?rest_route=%2Fwp%2Fv2%2Fmedia&parent=11350"}],"wp:term":[{"taxonomy":"category","embeddable":true,"href":"https:\/\/noticiasveraces.com\/index.php?rest_route=%2Fwp%2Fv2%2Fcategories&post=11350"},{"taxonomy":"post_tag","embeddable":true,"href":"https:\/\/noticiasveraces.com\/index.php?rest_route=%2Fwp%2Fv2%2Ftags&post=11350"}],"curies":[{"name":"wp","href":"https:\/\/api.w.org\/{rel}","templated":true}]}}