{"id":11347,"date":"2025-01-21T12:15:43","date_gmt":"2025-01-21T16:15:43","guid":{"rendered":"https:\/\/noticiasveraces.com\/?p=11347"},"modified":"2025-01-21T12:15:43","modified_gmt":"2025-01-21T16:15:43","slug":"al-madrid-tienes-que-venir-con-humildad-porque-lo-han-ganado-todo","status":"publish","type":"post","link":"https:\/\/noticiasveraces.com\/?p=11347","title":{"rendered":"\u00abAl Madrid tienes que venir con humildad porque lo han ganado todo\u00bb"},"content":{"rendered":"<p> \n<\/p>\n<div id=\"intext\">\n<p>Kylian Mbapp\u00e9 ha reconocido que ha \u00abcambiado su mentalidad\u00bb para triunfar en el Real Madrid y demostrar el futbolista que es. Asimismo, el franc\u00e9s se ha mostrado comprensivo con las cr\u00edticas que sufri\u00f3 durante el per\u00edodo de su adaptaci\u00f3n.<\/p>\n<p>Ahora est\u00e1 centrado en los grandes t\u00edtulos: \u00abEstoy muy tranquilo, es muy normal cuando eres un jugador como yo, con todo lo que se esperaba de m\u00ed, que la gente pueda hablar mal. No es algo personal en el mundo del f\u00fatbol. Cuando juegas bien, hablan bien, y mal si lo haces mal. Sab\u00eda que pod\u00eda cambiar la situaci\u00f3n, como he hecho, y estoy muy feliz de ayudar al equipo como en los \u00faltimos partidos\u00bb.<\/p>\n<h2 class=\"title-h2\">No se quiere poner techo<\/h2>\n<p>Autor de 18 goles, Kylian no se quiere poner techo y asegura que si puede marcar m\u00e1s de 40 tantos lo intentar\u00e1: \u00abSoy un jugador que siempre quiere hacer m\u00e1s, lo mejor para m\u00ed y para mi equipo. Es normal que te impacte jugar aqu\u00ed . Es una gran oportunidad y siempre he dicho que sab\u00eda que este momento pod\u00eda llegar y cambi\u00f3 mi mentalidad para demostrar que soy un jugador de gran calidad que puede ayudar al Real Madrid\u00bb.<\/p>\n<blockquote class=\"blockquote \">\n<p class=\"blockquote__quote\">\u00abMe siento muy bien. Pienso que desde hace un mes o un mes y medio que estoy en un buen momento\u00bb<\/p>\n<\/blockquote>\n<p>\u00abMe siento muy bien. Pienso que desde hace un mes o un mes y medio que estoy en un buen momento, intento ayudar al equipo lo m\u00e1ximo que puedo y voy con total confianza al partido de ma\u00f1ana. Tengo total confianza en mi juego, en el juego del equipo y en todos los madridistas que van a estar en el estadio\u00bb, abund\u00f3 Mbapp\u00e9 en rueda de prensa.<\/p>\n<p>\u00abPensaba mucho en los partidos, se puede ver que estaba en periodo de adaptaci\u00f3n y pensaba demasiado como moverme, si ir al espacio, a la zona de Vini oa la de Rodrygo. No jugaba bien mi juego\u00bb, confes\u00f3 analizando sus problemas en el campo con el Real Madrid en sus primeros encuentros como merengue.<\/p>\n<h2 class=\"title-h2\">\u00abEs un tema m\u00e1s mental\u00bb<\/h2>\n<p>\u00abEs m\u00e1s un tema mental. Estuve bien b\u00e1sicamente y con el equipo pero yo ten\u00eda que hacer m\u00e1s. Lo sab\u00eda y fue un momento de decirme que tengo que cambiar esta situaci\u00f3n porque no he venido al Madrid a jugar mal. Ahora hacerlo bien un mes es f\u00e1cil pero tiene que seguir. En el Real Madrid hay que estar bien siempre\u00bb, se marc\u00f3 como reto.<\/p>\n<p>Quiso adem\u00e1s volver a dejar claro que est\u00e1 cumpliendo su sue\u00f1o vistiendo la camiseta blanca: \u00abEs siempre un sue\u00f1o. Cada d\u00eda que vengo a Valdebebas, que tengo el honor de jugar en el Bernab\u00e9u con esta camiseta vivo un sue\u00f1o. Soy feliz desde el d\u00eda Uno tambi\u00e9n cuando no jugaba bien era feliz porque era mi culpa, no del club ni de los madridistas. He ganado dos t\u00edtulos, ahora jugamos bien y tenemos grandes cosas en la segunda parte de la temporada. vida espa\u00f1ola diferente a la francesa pero me lo paso bien.<\/p>\n<h2 class=\"title-h2\">Los pitos del Bernab\u00e9u<\/h2>\n<p>Mbapp\u00e9 sac\u00f3 una conclusi\u00f3n positiva de los silbidos de la afici\u00f3n del Santiago Bernab\u00e9u en Copa del Rey, ante el Celta, despu\u00e9s de ser <b>Goleados por el Barcelona en la final de la Supercopa de Espa\u00f1a<\/b>: \u00abSoy ese tipo de jugador que necesita sentir presi\u00f3n y que siempre tiene que hacer m\u00e1s. Ante el Celta la gente nos pit\u00f3 un poco pero es normal porque cuando juegas en el Real Madrid sabes que tienes que ganar todos los partidos y que si pierdes la final de la Supercopa te van a pitar. Tuvimos la personalidad de ganar en Copa en la pr\u00f3rroga tras cometer errores y ante Las Palmas para cambiar la situaci\u00f3n y jugar bien. Es lo que quieren los madridistas, que jugamos bien y ganamos. partidos\u00bb.<\/p>\n<h2 class=\"title-h2\">Su gesto a la grada ante el Celta<\/h2>\n<p>Ante el Celta, tras marcar, <b>realiz\u00f3 un gesto en su celebraci\u00f3n se\u00f1alando el escudo<\/b> que explic\u00f3: \u00abMuy simple, que estemos todos unidos. Podemos entender a la gente que pita, no tenemos problemas con eso, pero hay que estar unidos porque tenemos muchos t\u00edtulos por pelear para escribir una p\u00e1gina de la gran historia del Real Madrid\u00bb.<\/p>\n<blockquote class=\"blockquote \">\n<p class=\"blockquote__quote\">\u00abNo fue por ser t\u00edmido porque nunca voy a ser un jugador t\u00edmido, pero llegu\u00e9 al Madrid que hab\u00eda ganado todo\u00bb<\/p>\n<\/blockquote>\n<p>Eso s\u00ed, pese a su mejor\u00eda tiene claro que todav\u00eda lo puede hacer mejor: \u00abLo tengo en mis piernas, conf\u00edo en mi calidad y en la de mis compa\u00f1eros\u00bb, dijo.<\/p>\n<p>Tambi\u00e9n ha explicado el respeto con el que lleg\u00f3 a un vestuario repleto de campeones de Europa: \u00abNo fue por ser t\u00edmido porque nunca voy a ser un jugador t\u00edmido, pero llegu\u00e9 al Real Madrid que hab\u00eda ganado toda la \u00faltima temporada. Tienes que venir con humildad porque lo han ganado todo y no puedo llegar y decir que me pasen el bal\u00f3n a los que han ganado la Champions. No funciona as\u00ed, el respeto se gana en el f\u00fatbol\u00bb.<\/p>\n<p><i>S\u00edguenos en nuestro canal de WhatsApp y no te pierdas la \u00faltima hora y toda la actualidad de antena3noticias.com<\/i><\/p>\n<div class=\"recirculation-video\" data-mod=\"a3mod_recirculation_video\">\n<div class=\"recirculation-video-wrapper\">\n<div>\n<div class=\"video-wrapper\">\n  <picture class=\"video-main-picture\"><source media=\"(min-width: 481px)\" srcset=\"https:\/\/fotografias.antena3.com\/clipping\/cmsimages02\/2025\/01\/21\/03D169D7-ABA7-48B1-88B5-B164D994FBA1\/paula-badosa-celebra-victoria-coco-gauff_94.jpg?crop=4290,2413,x0,y0&amp;width=800&amp;height=450&amp;optimize=medium&amp;format=webply\" width=\"800\" height=\"450\"><source media=\"(min-width: 391px) and (max-width: 480px)\" srcset=\"https:\/\/fotografias.antena3.com\/clipping\/cmsimages02\/2025\/01\/21\/03D169D7-ABA7-48B1-88B5-B164D994FBA1\/paula-badosa-celebra-victoria-coco-gauff_70.jpg?crop=4290,2413,x0,y0&amp;width=480&amp;height=270&amp;optimize=high&amp;format=webply\" width=\"480\" height=\"270\"><source media=\"(min-width: 321px) and (max-width: 390px)\" srcset=\"https:\/\/fotografias.antena3.com\/clipping\/cmsimages02\/2025\/01\/21\/03D169D7-ABA7-48B1-88B5-B164D994FBA1\/paula-badosa-celebra-victoria-coco-gauff_92.jpg?crop=4290,2409,x0,y0&amp;width=390&amp;height=219&amp;optimize=high&amp;format=webply\" width=\"390\" height=\"219\"><source media=\"(max-width: 320px)\" srcset=\"https:\/\/fotografias.antena3.com\/clipping\/cmsimages02\/2025\/01\/21\/03D169D7-ABA7-48B1-88B5-B164D994FBA1\/paula-badosa-celebra-victoria-coco-gauff_52.jpg?crop=4290,2413,x0,y0&amp;width=320&amp;height=180&amp;optimize=high&amp;format=webply\" width=\"320\" height=\"180\"><img decoding=\"async\" title=\"Paula Badosa celebra su victoria ante Coco Gauff\" alt=\"Paula Badosa celebra su victoria ante Coco Gauff\" width=\"480\" height=\"270\" src=\"https:\/\/fotografias.antena3.com\/clipping\/cmsimages02\/2025\/01\/21\/03D169D7-ABA7-48B1-88B5-B164D994FBA1\/paula-badosa-celebra-victoria-coco-gauff_70.jpg?crop=4290,2413,x0,y0&amp;width=480&amp;height=270&amp;optimize=high&amp;format=webply\" loading=\"lazy\" class=\"lazy\"\/><br \/>\n  <\/source><\/source><\/source><\/source><\/picture>\n <\/div>\n<\/div><\/div>\n<\/p><\/div>\n<\/div>\n\n","protected":false},"excerpt":{"rendered":"<p>Kylian Mbapp\u00e9 ha reconocido que ha \u00abcambiado su mentalidad\u00bb para triunfar en el Real Madrid y demostrar el futbolista que es. Asimismo, el franc\u00e9s se ha mostrado comprensivo con las cr\u00edticas que sufri\u00f3 durante el per\u00edodo de su adaptaci\u00f3n. Ahora est\u00e1 centrado en los grandes t\u00edtulos: \u00abEstoy muy tranquilo, es muy normal cuando eres un &hellip;<\/p>\n","protected":false},"author":1,"featured_media":11349,"comment_status":"open","ping_status":"open","sticky":false,"template":"","format":"standard","meta":{"fifu_image_url":"https:\/\/fotografias.antena3.com\/clipping\/cmsimages01\/2025\/01\/21\/F1A9AD09-CA23-4CE2-87B0-21FBB2C6AB49\/kylian-mbappe-rueda-prensa_69.jpg?crop=1920,1080,x0,y0&width=1280&height=720&optimize=low&format=jpg","fifu_image_alt":"","footnotes":""},"categories":[6],"tags":[],"class_list":["post-11347","post","type-post","status-publish","format-standard","has-post-thumbnail","","category-deportes"],"_links":{"self":[{"href":"https:\/\/noticiasveraces.com\/index.php?rest_route=\/wp\/v2\/posts\/11347","targetHints":{"allow":["GET"]}}],"collection":[{"href":"https:\/\/noticiasveraces.com\/index.php?rest_route=\/wp\/v2\/posts"}],"about":[{"href":"https:\/\/noticiasveraces.com\/index.php?rest_route=\/wp\/v2\/types\/post"}],"author":[{"embeddable":true,"href":"https:\/\/noticiasveraces.com\/index.php?rest_route=\/wp\/v2\/users\/1"}],"replies":[{"embeddable":true,"href":"https:\/\/noticiasveraces.com\/index.php?rest_route=%2Fwp%2Fv2%2Fcomments&post=11347"}],"version-history":[{"count":0,"href":"https:\/\/noticiasveraces.com\/index.php?rest_route=\/wp\/v2\/posts\/11347\/revisions"}],"wp:featuredmedia":[{"embeddable":true,"href":"https:\/\/noticiasveraces.com\/index.php?rest_route=\/wp\/v2\/media\/11349"}],"wp:attachment":[{"href":"https:\/\/noticiasveraces.com\/index.php?rest_route=%2Fwp%2Fv2%2Fmedia&parent=11347"}],"wp:term":[{"taxonomy":"category","embeddable":true,"href":"https:\/\/noticiasveraces.com\/index.php?rest_route=%2Fwp%2Fv2%2Fcategories&post=11347"},{"taxonomy":"post_tag","embeddable":true,"href":"https:\/\/noticiasveraces.com\/index.php?rest_route=%2Fwp%2Fv2%2Ftags&post=11347"}],"curies":[{"name":"wp","href":"https:\/\/api.w.org\/{rel}","templated":true}]}}