{"id":11336,"date":"2025-01-21T10:15:11","date_gmt":"2025-01-21T14:15:11","guid":{"rendered":"https:\/\/noticiasveraces.com\/?p=11336"},"modified":"2025-01-21T10:15:11","modified_gmt":"2025-01-21T14:15:11","slug":"decenas-de-muertos-despues-de-que-las-llamas-envolvieran-un-hotel-en-una-popular-estacion-de-esqui-turca","status":"publish","type":"post","link":"https:\/\/noticiasveraces.com\/?p=11336","title":{"rendered":"Decenas de muertos despu\u00e9s de que las llamas envolvieran un hotel en una popular estaci\u00f3n de esqu\u00ed turca"},"content":{"rendered":"<p> \n<\/p>\n<div>\n<p class=\"speakable\">Un incendio en un hotel en una popular estaci\u00f3n de esqu\u00ed en el noroeste de Turqu\u00eda mat\u00f3 el martes al menos a 66 personas, dijo el Ministro del Interior de Turqu\u00eda.<\/p>\n<p class=\"speakable\">Ali Yerlikaya dijo que al menos otras 51 personas resultaron heridas en el desastre.<\/p>\n<p>\u00abEstamos sufriendo profundamente. Desafortunadamente hemos perdido 66 vidas en el incendio que se produjo en este hotel\u00bb, dijo Yerlikaya a los periodistas despu\u00e9s de inspeccionar el lugar.<\/p>\n<div class=\"image-ct inline\">\n<div class=\"m\"><picture><source media=\"(max-width: 767px)\" srcset=\"https:\/\/a57.foxnews.com\/static.foxnews.com\/foxnews.com\/content\/uploads\/2025\/01\/343\/192\/turkey-fire-ski-resort.jpg?ve=1&amp;tl=1, https:\/\/a57.foxnews.com\/static.foxnews.com\/foxnews.com\/content\/uploads\/2025\/01\/686\/384\/turkey-fire-ski-resort.jpg?ve=1&amp;tl=1 2x\" height=\"192\" width=\"343\"><source media=\"(min-width: 768px) and (max-width: 1023px)\" srcset=\"https:\/\/a57.foxnews.com\/static.foxnews.com\/foxnews.com\/content\/uploads\/2025\/01\/672\/378\/turkey-fire-ski-resort.jpg?ve=1&amp;tl=1, https:\/\/a57.foxnews.com\/static.foxnews.com\/foxnews.com\/content\/uploads\/2025\/01\/1344\/756\/turkey-fire-ski-resort.jpg?ve=1&amp;tl=1 2x\" height=\"378\" width=\"672\"><source media=\"(min-width: 1024px) and (max-width: 1279px)\" srcset=\"https:\/\/a57.foxnews.com\/static.foxnews.com\/foxnews.com\/content\/uploads\/2025\/01\/931\/523\/turkey-fire-ski-resort.jpg?ve=1&amp;tl=1, https:\/\/a57.foxnews.com\/static.foxnews.com\/foxnews.com\/content\/uploads\/2025\/01\/1862\/1046\/turkey-fire-ski-resort.jpg?ve=1&amp;tl=1 2x\" height=\"523\" width=\"931\"><source media=\"(min-width: 1280px)\" srcset=\"https:\/\/a57.foxnews.com\/static.foxnews.com\/foxnews.com\/content\/uploads\/2025\/01\/720\/405\/turkey-fire-ski-resort.jpg?ve=1&amp;tl=1, https:\/\/a57.foxnews.com\/static.foxnews.com\/foxnews.com\/content\/uploads\/2025\/01\/1440\/810\/turkey-fire-ski-resort.jpg?ve=1&amp;tl=1 2x\" height=\"405\" width=\"720\"><img loading=\"lazy\" decoding=\"async\" src=\"https:\/\/a57.foxnews.com\/static.foxnews.com\/foxnews.com\/content\/uploads\/2025\/01\/1200\/675\/turkey-fire-ski-resort.jpg?ve=1&amp;tl=1\" alt=\"Incendio en restaurante de esqu\u00ed turco\" width=\"1200\" height=\"675\"\/><\/source><\/source><\/source><\/source><\/picture><\/div>\n<div class=\"info\">\n<div class=\"caption\">\n<p><span>El fuego devora un hotel de 12 pisos mientras los bomberos trabajan para extinguir las llamas en Bolu, noroeste de Turqu\u00eda, el martes.<\/span> <span>(AHI)<\/span><\/p>\n<\/div>\n<\/div>\n<\/div>\n<p>El ministro de Salud, Kemal Memisoglu, dijo que al menos uno de los heridos se encontraba en estado grave.<\/p>\n<p>El incendio se produjo alrededor de las 3:30 am en el restaurante del hotel Grand Kartal de 12 pisos en el centro tur\u00edstico de Kartalkaya en la provincia de Bolu, dijeron funcionarios e informes. La causa del incendio estaba bajo investigaci\u00f3n.<\/p>\n<p>Dos de las v\u00edctimas murieron despu\u00e9s de saltar del edificio presa del p\u00e1nico, dijo el gobernador Abdulaziz Aydin a la agencia estatal Anadolu. La televisi\u00f3n privada NTV dijo que algunas personas intentaron bajar de sus habitaciones usando s\u00e1banas y mantas.<\/p>\n<p>Hab\u00eda 234 hu\u00e9spedes alojados en el hotel, dijo Aydin.<\/p>\n<p><strong><u>ATLETA UNIVERSITARIA MUERE EN TR\u00c1GICO ACCIDENTE EN EL SENDERO M\u00c1S DIF\u00cdCIL DE UNA ESTACI\u00d3N DE ESQU\u00cd<\/u><\/strong><\/p>\n<p>Necmi Kepcetutan, instructor de esqu\u00ed en el hotel, dijo que estaba dormido cuando comenz\u00f3 el incendio y sali\u00f3 corriendo del edificio. Dijo a la televisi\u00f3n NTV que luego ayud\u00f3 a unos 20 hu\u00e9spedes a salir del hotel.<\/p>\n<p>Dijo que el hotel estaba envuelto en humo, lo que dificultaba a los hu\u00e9spedes localizar la escalera de incendios.<\/p>\n<p>\u00abNo puedo comunicarme con algunos de mis alumnos. Espero que est\u00e9n bien\u00bb, dijo el instructor de esqu\u00ed a la estaci\u00f3n.<\/p>\n<p>Im\u00e1genes de televisi\u00f3n mostraron el techo y los pisos superiores del hotel en llamas.<\/p>\n<p><strong><u>INCENDIOS FORESTALES DE LOS \u00c1NGELES: ANNA FARIS PIERDE SU CASA EN PACIFIC PALISADES, MOLLY SIMS LLORA POR LA COMUNIDAD &#8216;DEVASTADA&#8217;<\/u><\/strong><\/p>\n<div class=\"image-ct inline\">\n<div class=\"m\"><picture><source media=\"(max-width: 767px)\" srcset=\"https:\/\/a57.foxnews.com\/static.foxnews.com\/foxnews.com\/content\/uploads\/2024\/05\/343\/192\/Turkey-Erdogan-Eurovision.jpg?ve=1&amp;tl=1, https:\/\/a57.foxnews.com\/static.foxnews.com\/foxnews.com\/content\/uploads\/2024\/05\/686\/384\/Turkey-Erdogan-Eurovision.jpg?ve=1&amp;tl=1 2x\" height=\"192\" width=\"343\"><source media=\"(min-width: 768px) and (max-width: 1023px)\" srcset=\"https:\/\/a57.foxnews.com\/static.foxnews.com\/foxnews.com\/content\/uploads\/2024\/05\/672\/378\/Turkey-Erdogan-Eurovision.jpg?ve=1&amp;tl=1, https:\/\/a57.foxnews.com\/static.foxnews.com\/foxnews.com\/content\/uploads\/2024\/05\/1344\/756\/Turkey-Erdogan-Eurovision.jpg?ve=1&amp;tl=1 2x\" height=\"378\" width=\"672\"><source media=\"(min-width: 1024px) and (max-width: 1279px)\" srcset=\"https:\/\/a57.foxnews.com\/static.foxnews.com\/foxnews.com\/content\/uploads\/2024\/05\/931\/523\/Turkey-Erdogan-Eurovision.jpg?ve=1&amp;tl=1, https:\/\/a57.foxnews.com\/static.foxnews.com\/foxnews.com\/content\/uploads\/2024\/05\/1862\/1046\/Turkey-Erdogan-Eurovision.jpg?ve=1&amp;tl=1 2x\" height=\"523\" width=\"931\"><source media=\"(min-width: 1280px)\" srcset=\"https:\/\/a57.foxnews.com\/static.foxnews.com\/foxnews.com\/content\/uploads\/2024\/05\/720\/405\/Turkey-Erdogan-Eurovision.jpg?ve=1&amp;tl=1, https:\/\/a57.foxnews.com\/static.foxnews.com\/foxnews.com\/content\/uploads\/2024\/05\/1440\/810\/Turkey-Erdogan-Eurovision.jpg?ve=1&amp;tl=1 2x\" height=\"405\" width=\"720\"><img loading=\"lazy\" decoding=\"async\" src=\"https:\/\/a57.foxnews.com\/static.foxnews.com\/foxnews.com\/content\/uploads\/2024\/05\/1200\/675\/Turkey-Erdogan-Eurovision.jpg?ve=1&amp;tl=1\" alt=\"Turqu\u00eda-Erdogan-Eurovisi\u00f3n\" width=\"1200\" height=\"675\"\/><\/source><\/source><\/source><\/source><\/picture><\/div>\n<div class=\"info\">\n<div class=\"caption\">\n<p><span>El presidente turco, Recep Tayyip Erdogan, habla durante una declaraci\u00f3n conjunta a los medios en Bagdad, Irak, el lunes 22 de abril de 2024.<\/span> <span>(Ahmad Al-Rubaye\/Foto de piscina v\u00eda AP)<\/span><\/p>\n<\/div>\n<\/div>\n<\/div>\n<p>Testigos e informes dijeron que el sistema de detecci\u00f3n de incendios del hotel no funcion\u00f3.<\/p>\n<p>\u00abMi esposa oli\u00f3 el fuego. La alarma no son\u00f3\u00bb, dijo a la agencia de noticias IHA Atakan Yelkovan, un hu\u00e9sped alojado en el tercer piso del hotel.<\/p>\n<p>\u00abIntentamos subir las escaleras pero no pudimos, hab\u00eda llamas. Bajamos y vinimos aqu\u00ed (afuera)\u00bb, dijo.<\/p>\n<p>Yelkovan dijo que los equipos de bomberos tardaron aproximadamente una hora en llegar.<\/p>\n<p>\u00abLa gente en los pisos superiores gritaba. Colgaban s\u00e1banas&#8230; algunos intentaron saltar\u00bb, dijo.<\/p>\n<p><strong><u>ADOLESCENTE MUERTO EN ESTACI\u00d3N DE ESQU\u00cd CERCA DE POSH MOUNTAIN TOWN<\/u><\/strong><\/p>\n<div class=\"image-ct inline\">\n<div class=\"m\"><picture><source media=\"(max-width: 767px)\" srcset=\"https:\/\/a57.foxnews.com\/static.foxnews.com\/foxnews.com\/content\/uploads\/2023\/11\/343\/192\/Turkish-Consulate-Eric-Adams-FBI_03.jpg?ve=1&amp;tl=1, https:\/\/a57.foxnews.com\/static.foxnews.com\/foxnews.com\/content\/uploads\/2023\/11\/686\/384\/Turkish-Consulate-Eric-Adams-FBI_03.jpg?ve=1&amp;tl=1 2x\" height=\"192\" width=\"343\"><source media=\"(min-width: 768px) and (max-width: 1023px)\" srcset=\"https:\/\/a57.foxnews.com\/static.foxnews.com\/foxnews.com\/content\/uploads\/2023\/11\/672\/378\/Turkish-Consulate-Eric-Adams-FBI_03.jpg?ve=1&amp;tl=1, https:\/\/a57.foxnews.com\/static.foxnews.com\/foxnews.com\/content\/uploads\/2023\/11\/1344\/756\/Turkish-Consulate-Eric-Adams-FBI_03.jpg?ve=1&amp;tl=1 2x\" height=\"378\" width=\"672\"><source media=\"(min-width: 1024px) and (max-width: 1279px)\" srcset=\"https:\/\/a57.foxnews.com\/static.foxnews.com\/foxnews.com\/content\/uploads\/2023\/11\/931\/523\/Turkish-Consulate-Eric-Adams-FBI_03.jpg?ve=1&amp;tl=1, https:\/\/a57.foxnews.com\/static.foxnews.com\/foxnews.com\/content\/uploads\/2023\/11\/1862\/1046\/Turkish-Consulate-Eric-Adams-FBI_03.jpg?ve=1&amp;tl=1 2x\" height=\"523\" width=\"931\"><source media=\"(min-width: 1280px)\" srcset=\"https:\/\/a57.foxnews.com\/static.foxnews.com\/foxnews.com\/content\/uploads\/2023\/11\/720\/405\/Turkish-Consulate-Eric-Adams-FBI_03.jpg?ve=1&amp;tl=1, https:\/\/a57.foxnews.com\/static.foxnews.com\/foxnews.com\/content\/uploads\/2023\/11\/1440\/810\/Turkish-Consulate-Eric-Adams-FBI_03.jpg?ve=1&amp;tl=1 2x\" height=\"405\" width=\"720\"><img loading=\"lazy\" decoding=\"async\" src=\"https:\/\/a57.foxnews.com\/static.foxnews.com\/foxnews.com\/content\/uploads\/2023\/11\/1200\/675\/Turkish-Consulate-Eric-Adams-FBI_03.jpg?ve=1&amp;tl=1\" alt=\"Una vista general del Consulado General de Turqu\u00eda en la ciudad de Nueva York\" width=\"1200\" height=\"675\"\/><\/source><\/source><\/source><\/source><\/picture><\/div>\n<div class=\"info\">\n<div class=\"caption\">\n<p><span>Una vista general del Consulado General de Turqu\u00eda en la ciudad de Nueva York, Nueva York, el martes 14 de noviembre de 2023. <\/span> <span>(Fox News Digital)<\/span><\/p>\n<\/div>\n<\/div>\n<\/div>\n<p>El gobierno nombr\u00f3 a seis fiscales para dirigir una investigaci\u00f3n sobre el incendio. La televisi\u00f3n NTV sugiri\u00f3 que el revestimiento de madera del exterior del hotel, con un dise\u00f1o estilo chalet, podr\u00eda haber acelerado la propagaci\u00f3n del incendio.<\/p>\n<p>El hotel de 161 habitaciones est\u00e1 al lado de un acantilado, lo que dificulta los esfuerzos para combatir las llamas, inform\u00f3 tambi\u00e9n la estaci\u00f3n.<\/p>\n<p>NTV mostr\u00f3 un vest\u00edbulo ennegrecido por el humo, con la entrada de vidrio y las ventanas rotas, el mostrador de recepci\u00f3n de madera carbonizado y una l\u00e1mpara de ara\u00f1a ca\u00edda al suelo.<\/p>\n<p>Kartalkaya es una popular estaci\u00f3n de esqu\u00ed en las monta\u00f1as de Koroglu, a unos 300 kil\u00f3metros (185 millas) al este de Estambul. El incendio se produjo durante las vacaciones del semestre escolar, cuando los hoteles de la regi\u00f3n est\u00e1n llenos.<\/p>\n<p>La oficina de Aydin dijo que 30 camiones de bomberos y 28 ambulancias fueron enviados al lugar.<\/p>\n<p><strong><u>HAGA CLIC AQU\u00cd PARA OBTENER LA APLICACI\u00d3N FOX NEWS<\/u><\/strong><\/p>\n<p>Otros hoteles del complejo fueron evacuados como medida de precauci\u00f3n y los hu\u00e9spedes fueron alojados en hoteles alrededor de Bolu.<\/p>\n<p>Mientras tanto, una explosi\u00f3n de gas en un hotel de otra estaci\u00f3n de esqu\u00ed en el centro de Turqu\u00eda hiri\u00f3 a cuatro personas.<\/p>\n<p>La explosi\u00f3n tuvo lugar en el centro de deportes de invierno de la monta\u00f1a Yildiz, en la provincia de Sivas. Dos esquiadores y su instructor resultaron levemente heridos, mientras que otro instructor sufri\u00f3 quemaduras de segundo grado en las manos y la cara, dijo la oficina del gobernador de Sivas.<\/p>\n<p> <!----> <!----> <\/div>\n\n","protected":false},"excerpt":{"rendered":"<p>Un incendio en un hotel en una popular estaci\u00f3n de esqu\u00ed en el noroeste de Turqu\u00eda mat\u00f3 el martes al menos a 66 personas, dijo el Ministro del Interior de Turqu\u00eda. Ali Yerlikaya dijo que al menos otras 51 personas resultaron heridas en el desastre. \u00abEstamos sufriendo profundamente. Desafortunadamente hemos perdido 66 vidas en el &hellip;<\/p>\n","protected":false},"author":1,"featured_media":11338,"comment_status":"open","ping_status":"open","sticky":false,"template":"","format":"standard","meta":{"fifu_image_url":"https:\/\/static.foxnews.com\/foxnews.com\/content\/uploads\/2025\/01\/turkey-fire-ski-resort.jpg","fifu_image_alt":"","footnotes":""},"categories":[13],"tags":[],"class_list":["post-11336","post","type-post","status-publish","format-standard","has-post-thumbnail","","category-mundo"],"_links":{"self":[{"href":"https:\/\/noticiasveraces.com\/index.php?rest_route=\/wp\/v2\/posts\/11336","targetHints":{"allow":["GET"]}}],"collection":[{"href":"https:\/\/noticiasveraces.com\/index.php?rest_route=\/wp\/v2\/posts"}],"about":[{"href":"https:\/\/noticiasveraces.com\/index.php?rest_route=\/wp\/v2\/types\/post"}],"author":[{"embeddable":true,"href":"https:\/\/noticiasveraces.com\/index.php?rest_route=\/wp\/v2\/users\/1"}],"replies":[{"embeddable":true,"href":"https:\/\/noticiasveraces.com\/index.php?rest_route=%2Fwp%2Fv2%2Fcomments&post=11336"}],"version-history":[{"count":0,"href":"https:\/\/noticiasveraces.com\/index.php?rest_route=\/wp\/v2\/posts\/11336\/revisions"}],"wp:featuredmedia":[{"embeddable":true,"href":"https:\/\/noticiasveraces.com\/index.php?rest_route=\/wp\/v2\/media\/11338"}],"wp:attachment":[{"href":"https:\/\/noticiasveraces.com\/index.php?rest_route=%2Fwp%2Fv2%2Fmedia&parent=11336"}],"wp:term":[{"taxonomy":"category","embeddable":true,"href":"https:\/\/noticiasveraces.com\/index.php?rest_route=%2Fwp%2Fv2%2Fcategories&post=11336"},{"taxonomy":"post_tag","embeddable":true,"href":"https:\/\/noticiasveraces.com\/index.php?rest_route=%2Fwp%2Fv2%2Ftags&post=11336"}],"curies":[{"name":"wp","href":"https:\/\/api.w.org\/{rel}","templated":true}]}}