{"id":11317,"date":"2025-01-21T06:58:23","date_gmt":"2025-01-21T10:58:23","guid":{"rendered":"https:\/\/noticiasveraces.com\/?p=11317"},"modified":"2025-01-21T06:58:23","modified_gmt":"2025-01-21T10:58:23","slug":"trump-y-un-estados-unidos-mas-sano-bienvenidos-por-los-medicos","status":"publish","type":"post","link":"https:\/\/noticiasveraces.com\/?p=11317","title":{"rendered":"Trump y un Estados Unidos m\u00e1s sano, bienvenidos por los m\u00e9dicos"},"content":{"rendered":"<p> \n<\/p>\n<div>\n<div class=\"article-gating gated-overlay\">\n<div class=\"article-gating-wrapper\">\n<p>\u00danase a Fox News para acceder a este contenido<\/p>\n<p>Adem\u00e1s, acceso especial a art\u00edculos seleccionados y otro contenido premium con su cuenta, sin cargo.<\/p>\n<div class=\"article-gating-legal tablet-desktop\">Al ingresar su correo electr\u00f3nico y presionar Continuar, acepta los T\u00e9rminos de uso y la Pol\u00edtica de privacidad de Fox News, que incluye nuestro Aviso de incentivo financiero.\n    <\/div>\n<p><span>Por favor, introduce una direcci\u00f3n de correo electr\u00f3nico v\u00e1lida.<\/span><\/p>\n<footer class=\"article-gating-footer\">\u00bfTienes problemas? Haga clic aqu\u00ed.<\/footer>\n<\/div>\n<\/div>\n<p class=\"speakable\">Con el presidente Donald Trump de regreso en la Casa Blanca, muchos de los m\u00e9dicos estadounidenses acogen con satisfacci\u00f3n el mayor enfoque de la nueva administraci\u00f3n en la salud y el bienestar.<\/p>\n<p class=\"speakable\">La iniciativa Make America Healthy Again (MAHA), encabezada por el Secretario entrante de Salud y Servicios Humanos, Robert F. Kennedy Jr., tiene como objetivo mejorar la nutrici\u00f3n, eliminar toxinas, preservar los h\u00e1bitats naturales y combatir la epidemia de enfermedades cr\u00f3nicas, seg\u00fan su sitio web.<\/p>\n<p>Varios m\u00e9dicos compartieron con Fox News Digital lo que esperan ver en el frente de la salud durante los pr\u00f3ximos cuatro a\u00f1os.<\/p>\n<p><strong><u>EL IMC ES UNA MANERA EQUIVOCADA DE MEDIR LA OBESIDAD, DICEN LOS INVESTIGADORES: ESTO ES LO QUE RECOMIENDAN EN SU LUGAR<\/u><\/strong><\/p>\n<h2><strong>&#8216;Regreso a la comunidad y a la familia&#8217;<\/strong><\/h2>\n<p>Mientras Trump recupera la Casa Blanca, el Dr. Marc Siegel, analista m\u00e9dico senior de Fox News, dijo que espera que se preste mayor atenci\u00f3n a la salud mental.<\/p>\n<div class=\"image-ct inline\">\n<div class=\"m\"><picture><source media=\"(max-width: 767px)\" srcset=\"https:\/\/a57.foxnews.com\/static.foxnews.com\/foxnews.com\/content\/uploads\/2025\/01\/343\/192\/ap25021010438295-1.jpg?ve=1&amp;tl=1, https:\/\/a57.foxnews.com\/static.foxnews.com\/foxnews.com\/content\/uploads\/2025\/01\/686\/384\/ap25021010438295-1.jpg?ve=1&amp;tl=1 2x\" height=\"192\" width=\"343\"><source media=\"(min-width: 768px) and (max-width: 1023px)\" srcset=\"https:\/\/a57.foxnews.com\/static.foxnews.com\/foxnews.com\/content\/uploads\/2025\/01\/672\/378\/ap25021010438295-1.jpg?ve=1&amp;tl=1, https:\/\/a57.foxnews.com\/static.foxnews.com\/foxnews.com\/content\/uploads\/2025\/01\/1344\/756\/ap25021010438295-1.jpg?ve=1&amp;tl=1 2x\" height=\"378\" width=\"672\"><source media=\"(min-width: 1024px) and (max-width: 1279px)\" srcset=\"https:\/\/a57.foxnews.com\/static.foxnews.com\/foxnews.com\/content\/uploads\/2025\/01\/931\/523\/ap25021010438295-1.jpg?ve=1&amp;tl=1, https:\/\/a57.foxnews.com\/static.foxnews.com\/foxnews.com\/content\/uploads\/2025\/01\/1862\/1046\/ap25021010438295-1.jpg?ve=1&amp;tl=1 2x\" height=\"523\" width=\"931\"><source media=\"(min-width: 1280px)\" srcset=\"https:\/\/a57.foxnews.com\/static.foxnews.com\/foxnews.com\/content\/uploads\/2025\/01\/720\/405\/ap25021010438295-1.jpg?ve=1&amp;tl=1, https:\/\/a57.foxnews.com\/static.foxnews.com\/foxnews.com\/content\/uploads\/2025\/01\/1440\/810\/ap25021010438295-1.jpg?ve=1&amp;tl=1 2x\" height=\"405\" width=\"720\"><img loading=\"lazy\" decoding=\"async\" src=\"https:\/\/a57.foxnews.com\/static.foxnews.com\/foxnews.com\/content\/uploads\/2025\/01\/1200\/675\/ap25021010438295-1.jpg?ve=1&amp;tl=1\" alt=\"Donald Trump\" width=\"1200\" height=\"675\"\/><\/source><\/source><\/source><\/source><\/picture><\/div>\n<div class=\"info\">\n<div class=\"caption\">\n<p><span>El presidente Donald Trump sale de un desfile de inauguraci\u00f3n presidencial bajo techo en Washington el lunes 20 de enero de 2025. (Foto AP\/Matt Rourke)<\/span> <span>(Sala de prensa AP)<\/span><\/p>\n<\/div>\n<\/div>\n<\/div>\n<p>\u00abLa epidemia de salud mental est\u00e1 empeorando, incluso entre nuestros adolescentes\u00bb, dijo a Fox News Digital, un problema que, seg\u00fan dijo, empeora por la \u00abextralimitaci\u00f3n de las redes sociales\u00bb.<\/p>\n<p>\u00abEl mejor enfoque es la conectividad y el regreso a una \u00e9poca de prioridades comunitarias y familiares\u00bb, afirm\u00f3 Siegel, quien tambi\u00e9n es profesor cl\u00ednico de medicina en NYU Langone Health. \u00abTengo la esperanza de que el presidente Trump enfatice esto\u00bb.<\/p>\n<blockquote class=\"pull-quote\">\n<p class=\"quote-text\">\u00abEl mejor enfoque es la conectividad y el regreso a una \u00e9poca de prioridades comunitarias y familiares\u00bb.<\/p>\n<p> <!----><\/p><\/blockquote>\n<p>El m\u00e9dico tambi\u00e9n es optimista en cuanto a que la nueva administraci\u00f3n se centrar\u00e1 en la preparaci\u00f3n para una pandemia, bas\u00e1ndose en las lecciones aprendidas del COVID-19.<\/p>\n<p>En particular, Siegel dijo que espera ver una mayor vigilancia, avances en biotecnolog\u00eda y el uso de inteligencia artificial para rastrear amenazas.<\/p>\n<p>La medicina personalizada tambi\u00e9n ser\u00e1 un foco de atenci\u00f3n en la Casa Blanca de Trump, predijo Siegel, con un mayor uso de dispositivos port\u00e1tiles.<\/p>\n<div class=\"image-ct inline\">\n<div class=\"m\"><picture><source media=\"(max-width: 767px)\" srcset=\"https:\/\/a57.foxnews.com\/static.foxnews.com\/foxnews.com\/content\/uploads\/2023\/09\/343\/192\/1-WOMAN-USING-HEALTH-TRACKER.jpg?ve=1&amp;tl=1, https:\/\/a57.foxnews.com\/static.foxnews.com\/foxnews.com\/content\/uploads\/2023\/09\/686\/384\/1-WOMAN-USING-HEALTH-TRACKER.jpg?ve=1&amp;tl=1 2x\" height=\"192\" width=\"343\"><source media=\"(min-width: 768px) and (max-width: 1023px)\" srcset=\"https:\/\/a57.foxnews.com\/static.foxnews.com\/foxnews.com\/content\/uploads\/2023\/09\/672\/378\/1-WOMAN-USING-HEALTH-TRACKER.jpg?ve=1&amp;tl=1, https:\/\/a57.foxnews.com\/static.foxnews.com\/foxnews.com\/content\/uploads\/2023\/09\/1344\/756\/1-WOMAN-USING-HEALTH-TRACKER.jpg?ve=1&amp;tl=1 2x\" height=\"378\" width=\"672\"><source media=\"(min-width: 1024px) and (max-width: 1279px)\" srcset=\"https:\/\/a57.foxnews.com\/static.foxnews.com\/foxnews.com\/content\/uploads\/2023\/09\/931\/523\/1-WOMAN-USING-HEALTH-TRACKER.jpg?ve=1&amp;tl=1, https:\/\/a57.foxnews.com\/static.foxnews.com\/foxnews.com\/content\/uploads\/2023\/09\/1862\/1046\/1-WOMAN-USING-HEALTH-TRACKER.jpg?ve=1&amp;tl=1 2x\" height=\"523\" width=\"931\"><source media=\"(min-width: 1280px)\" srcset=\"https:\/\/a57.foxnews.com\/static.foxnews.com\/foxnews.com\/content\/uploads\/2023\/09\/720\/405\/1-WOMAN-USING-HEALTH-TRACKER.jpg?ve=1&amp;tl=1, https:\/\/a57.foxnews.com\/static.foxnews.com\/foxnews.com\/content\/uploads\/2023\/09\/1440\/810\/1-WOMAN-USING-HEALTH-TRACKER.jpg?ve=1&amp;tl=1 2x\" height=\"405\" width=\"720\"><img loading=\"lazy\" decoding=\"async\" src=\"https:\/\/a57.foxnews.com\/static.foxnews.com\/foxnews.com\/content\/uploads\/2023\/09\/1200\/675\/1-WOMAN-USING-HEALTH-TRACKER.jpg?ve=1&amp;tl=1\" alt=\"Imagen de archivo que muestra a una mujer revisando un rastreador de actividad f\u00edsica en su mu\u00f1eca.\" width=\"1200\" height=\"675\"\/><\/source><\/source><\/source><\/source><\/picture><\/div>\n<div class=\"info\">\n<div class=\"caption\">\n<p><span>La medicina personalizada tambi\u00e9n ser\u00e1 un foco de atenci\u00f3n en la Casa Blanca de Trump, predijo Siegel, con un mayor uso de dispositivos port\u00e1tiles.<\/span> <span>(CyberGuy.com)<\/span><\/p>\n<\/div>\n<\/div>\n<\/div>\n<p>\u00abPodr\u00edamos ahorrar cientos de miles de millones de d\u00f3lares si el DOGE (Departamento de Eficiencia Gubernamental) y el HHS se ocuparan de la atenci\u00f3n m\u00e9dica en lugar de la atenci\u00f3n a los enfermos\u00bb, dijo Siegel. <\/p>\n<p>\u00abLa atenci\u00f3n se centrar\u00e1 en el bienestar, el estilo de vida, el ejercicio y la dieta\u00bb, a\u00f1adi\u00f3, junto con una \u00abguerra contra los alimentos ultraprocesados\u00bb.<\/p>\n<h2>Salud y felicidad &#8216;aspiracionales&#8217;<\/h2>\n<p>El Dr. Ken Berry, m\u00e9dico de familia y especialista en diabetes en Tennessee, comparti\u00f3 con Fox News Digital que espera que la presidencia de Trump sea una \u00abnueva edad de oro para la salud estadounidense\u00bb.<\/p>\n<p>\u00abDurante demasiado tiempo, la pr\u00e1ctica de la medicina ha estado contaminada por ganancias corporativas, investigaciones cuestionables, m\u00e9dicos silenciados y declaraciones enga\u00f1osas al p\u00fablico\u00bb, dijo Berry, quien ayuda a los pacientes a superar la obesidad, la resistencia a la insulina y la diabetes tipo 2.<\/p>\n<p><strong><u>CIRUJANO COMPARTE LA HISTORIA DE LA LLAMADA DEL PROVEEDOR DE SEGUROS DURANTE LA CIRUG\u00cdA DEL PACIENTE<\/u><\/strong><\/p>\n<p>\u00abEspero ver una reevaluaci\u00f3n cuidadosa de todas las investigaciones existentes, el restablecimiento de una relaci\u00f3n m\u00e9dico-paciente sin obst\u00e1culos, el cese de la publicidad farmac\u00e9utica directa al consumidor y el fin de las afirmaciones enga\u00f1osas sobre la salud de las grandes empresas alimentarias\u00bb, continu\u00f3 Berry. .<\/p>\n<p>El m\u00e9dico tambi\u00e9n alienta un \u00abesfuerzo vigoroso\u00bb para educar a los estadounidenses sobre alimentos y estilos de vida genuinamente saludables, junto con una \u00abapreciaci\u00f3n cultural renovada por la idea de que estar sano y feliz no s\u00f3lo es alcanzable, sino tambi\u00e9n una aspiraci\u00f3n\u00bb.<\/p>\n<h2>Salud p\u00fablica priorizada<\/h2>\n<p>El Dr. Robert Lufkin, m\u00e9dico de California que tambi\u00e9n es profesor de medicina en UCLA y USC, aplaudi\u00f3 el objetivo de la nueva administraci\u00f3n de abordar el aumento de las enfermedades cr\u00f3nicas, incluido un enfoque en los factores del estilo de vida y la exposici\u00f3n a sustancias qu\u00edmicas.<\/p>\n<p>\u201cEstoy entusiasmado con las posibles acciones sanitarias de esta administraci\u00f3n en varias \u00e1reas\u201d, comparti\u00f3 con Fox News Digital.<\/p>\n<div class=\"image-ct inline\">\n<div class=\"m\"><picture><source media=\"(max-width: 767px)\" srcset=\"https:\/\/a57.foxnews.com\/static.foxnews.com\/foxnews.com\/content\/uploads\/2022\/11\/343\/192\/iStock-1086254164.jpg?ve=1&amp;tl=1, https:\/\/a57.foxnews.com\/static.foxnews.com\/foxnews.com\/content\/uploads\/2022\/11\/686\/384\/iStock-1086254164.jpg?ve=1&amp;tl=1 2x\" height=\"192\" width=\"343\"><source media=\"(min-width: 768px) and (max-width: 1023px)\" srcset=\"https:\/\/a57.foxnews.com\/static.foxnews.com\/foxnews.com\/content\/uploads\/2022\/11\/672\/378\/iStock-1086254164.jpg?ve=1&amp;tl=1, https:\/\/a57.foxnews.com\/static.foxnews.com\/foxnews.com\/content\/uploads\/2022\/11\/1344\/756\/iStock-1086254164.jpg?ve=1&amp;tl=1 2x\" height=\"378\" width=\"672\"><source media=\"(min-width: 1024px) and (max-width: 1279px)\" srcset=\"https:\/\/a57.foxnews.com\/static.foxnews.com\/foxnews.com\/content\/uploads\/2022\/11\/931\/523\/iStock-1086254164.jpg?ve=1&amp;tl=1, https:\/\/a57.foxnews.com\/static.foxnews.com\/foxnews.com\/content\/uploads\/2022\/11\/1862\/1046\/iStock-1086254164.jpg?ve=1&amp;tl=1 2x\" height=\"523\" width=\"931\"><source media=\"(min-width: 1280px)\" srcset=\"https:\/\/a57.foxnews.com\/static.foxnews.com\/foxnews.com\/content\/uploads\/2022\/11\/720\/405\/iStock-1086254164.jpg?ve=1&amp;tl=1, https:\/\/a57.foxnews.com\/static.foxnews.com\/foxnews.com\/content\/uploads\/2022\/11\/1440\/810\/iStock-1086254164.jpg?ve=1&amp;tl=1 2x\" height=\"405\" width=\"720\"><img loading=\"lazy\" decoding=\"async\" src=\"https:\/\/a57.foxnews.com\/static.foxnews.com\/foxnews.com\/content\/uploads\/2022\/11\/1200\/675\/iStock-1086254164.jpg?ve=1&amp;tl=1\" alt=\"La familia tiene una discusi\u00f3n en la mesa\" width=\"1200\" height=\"675\"\/><\/source><\/source><\/source><\/source><\/picture><\/div>\n<div class=\"info\">\n<div class=\"caption\">\n<p><span>Un m\u00e9dico dijo que espera que el presidente Trump enfatice la conectividad entre familias y comunidades.<\/span> <span>(iStock)<\/span><\/p>\n<\/div>\n<\/div>\n<\/div>\n<p>En particular, Lufkin dijo que la nueva administraci\u00f3n pretende \u00abdar prioridad a la investigaci\u00f3n sobre desencadenantes ambientales como pesticidas, contaminantes industriales y aditivos alimentarios\u00bb.<\/p>\n<p>\u00abTambi\u00e9n planean abogar por la transparencia en las pr\u00e1cticas corporativas y una regulaci\u00f3n m\u00e1s estricta de las industrias que contribuyen a la degradaci\u00f3n ambiental\u00bb, a\u00f1adi\u00f3.<\/p>\n<p><strong><u>LOS NUTRICIONISTAS REACCIONAN A LA PROHIBICI\u00d3N DEL COLORANTE ALIMENTARIO ROJO: &#8216;TOM\u00d3 DEMASIADO TIEMPO&#8217;<\/u><\/strong><\/p>\n<p>Lufkin tambi\u00e9n destac\u00f3 el objetivo de MAHA de mejorar la seguridad alimentaria y la nutrici\u00f3n y reducir la exposici\u00f3n a sustancias nocivas para la salud.<\/p>\n<p>\u00abEsto podr\u00eda lograrse regulando los ingredientes da\u00f1inos como los edulcorantes artificiales, el jarabe de ma\u00edz con alto contenido de fructosa y los aditivos qu\u00edmicos en los alimentos procesados\u00bb, afirm\u00f3.<\/p>\n<p>Lufkin tambi\u00e9n apoya el objetivo de la administraci\u00f3n de restringir los alimentos no saludables para los programas de asistencia p\u00fablica y fomentar la agricultura local y sostenible.<\/p>\n<div class=\"image-ct inline\">\n<div class=\"m\"><picture><source media=\"(max-width: 767px)\" srcset=\"https:\/\/a57.foxnews.com\/static.foxnews.com\/foxnews.com\/content\/uploads\/2023\/10\/343\/192\/cancer-screenings.jpg?ve=1&amp;tl=1, https:\/\/a57.foxnews.com\/static.foxnews.com\/foxnews.com\/content\/uploads\/2023\/10\/686\/384\/cancer-screenings.jpg?ve=1&amp;tl=1 2x\" height=\"192\" width=\"343\"><source media=\"(min-width: 768px) and (max-width: 1023px)\" srcset=\"https:\/\/a57.foxnews.com\/static.foxnews.com\/foxnews.com\/content\/uploads\/2023\/10\/672\/378\/cancer-screenings.jpg?ve=1&amp;tl=1, https:\/\/a57.foxnews.com\/static.foxnews.com\/foxnews.com\/content\/uploads\/2023\/10\/1344\/756\/cancer-screenings.jpg?ve=1&amp;tl=1 2x\" height=\"378\" width=\"672\"><source media=\"(min-width: 1024px) and (max-width: 1279px)\" srcset=\"https:\/\/a57.foxnews.com\/static.foxnews.com\/foxnews.com\/content\/uploads\/2023\/10\/931\/523\/cancer-screenings.jpg?ve=1&amp;tl=1, https:\/\/a57.foxnews.com\/static.foxnews.com\/foxnews.com\/content\/uploads\/2023\/10\/1862\/1046\/cancer-screenings.jpg?ve=1&amp;tl=1 2x\" height=\"523\" width=\"931\"><source media=\"(min-width: 1280px)\" srcset=\"https:\/\/a57.foxnews.com\/static.foxnews.com\/foxnews.com\/content\/uploads\/2023\/10\/720\/405\/cancer-screenings.jpg?ve=1&amp;tl=1, https:\/\/a57.foxnews.com\/static.foxnews.com\/foxnews.com\/content\/uploads\/2023\/10\/1440\/810\/cancer-screenings.jpg?ve=1&amp;tl=1 2x\" height=\"405\" width=\"720\"><img loading=\"lazy\" decoding=\"async\" src=\"https:\/\/a57.foxnews.com\/static.foxnews.com\/foxnews.com\/content\/uploads\/2023\/10\/1200\/675\/cancer-screenings.jpg?ve=1&amp;tl=1\" alt=\"Ex\u00e1menes de c\u00e1ncer\" width=\"1200\" height=\"675\"\/><\/source><\/source><\/source><\/source><\/picture><\/div>\n<div class=\"info\">\n<div class=\"caption\">\n<p><span>Cambiar el enfoque del sistema de atenci\u00f3n m\u00e9dica del tratamiento a la prevenci\u00f3n es una parte importante de la agenda de MAHA, se\u00f1al\u00f3 un m\u00e9dico.<\/span> <span>(iStock)<\/span><\/p>\n<\/div>\n<\/div>\n<\/div>\n<p>Otra parte importante de la agenda de MAHA es cambiar el enfoque del sistema de atenci\u00f3n m\u00e9dica del tratamiento a la prevenci\u00f3n, se\u00f1al\u00f3 el m\u00e9dico.<\/p>\n<p>Esto podr\u00eda implicar ampliar las terapias alternativas y hol\u00edsticas y educar al p\u00fablico sobre la importancia de los cambios en el estilo de vida, incluido el ejercicio, la nutrici\u00f3n adecuada y el manejo del estr\u00e9s, anot\u00f3.<\/p>\n<p>\u00abOtro objetivo es minimizar la dependencia de los productos farmac\u00e9uticos y fomentar el uso de tratamientos naturales e intervenciones sin f\u00e1rmacos para afecciones comunes\u00bb, afirm\u00f3 Lufkin.<\/p>\n<p>El m\u00e9dico tambi\u00e9n aplaudi\u00f3 los planes de la nueva administraci\u00f3n para combatir la influencia corporativa en la atenci\u00f3n m\u00e9dica y \u00abexaminar el valor de las industrias farmac\u00e9utica y qu\u00edmica de priorizar las ganancias sobre la salud p\u00fablica\u00bb.<\/p>\n<h2>Transparencia en los costos de atenci\u00f3n m\u00e9dica.<\/h2>\n<p>La Dra. Shana Johnson, m\u00e9dica de medicina f\u00edsica y rehabilitaci\u00f3n en Scottsdale, Arizona, dijo que espera que la administraci\u00f3n Trump contin\u00fae aprovechando su pol\u00edtica de aumentar la transparencia de precios para cl\u00ednicas, hospitales, aseguradoras de salud y compa\u00f1\u00edas farmac\u00e9uticas. <\/p>\n<p>\u00abLos precios ocultos, manipulados muchas veces, han permitido que se cobre de m\u00e1s a los estadounidenses y se les explote para obtener ganancias, ya sea por medicamentos gen\u00e9ricos con un margen de beneficio del 1.000% o una visita a la sala de emergencias por deshidrataci\u00f3n que cuesta 5.000 d\u00f3lares\u00bb, dijo a Fox News Digital. <\/p>\n<p><strong><u>UN ESTUDIO REVELA QUE LOS NI\u00d1OS EXPUESTOS A NIVELES M\u00c1S ALTOS DE FLUORURO TIENEN UN CI M\u00c1S BAJO<\/u><\/strong><\/p>\n<p>En muchos casos, se\u00f1al\u00f3, los precios est\u00e1n \u00abesencialmente ocultos y manipulados\u00bb, lo que significa que el consumidor no tiene idea de la base del costo o del verdadero valor de un servicio. <strong> <\/strong><\/p>\n<p>\u00abEstoy viendo una mayor manipulaci\u00f3n de precios para que parezca que el seguro m\u00e9dico paga por los servicios, cuando en realidad est\u00e1n cobrando m\u00e1s por el servicio\u00bb, afirm\u00f3. <\/p>\n<p>\u00abPor ejemplo, si pago el precio en efectivo por una mamograf\u00eda, es menos costoso que si uso mi seguro m\u00e9dico\u00bb, continu\u00f3 Johnson. \u00abEsto tambi\u00e9n se aplica a los medicamentos gen\u00e9ricos\u00bb.<\/p>\n<h2><strong>Resiliencia de la salud mental<\/strong><\/h2>\n<p>La administraci\u00f3n Trump tiene una \u00abgran oportunidad\u00bb para abordar la creciente crisis de salud mental en Estados Unidos, seg\u00fan Jonathan Alpert, psicoterapeuta en Manhattan y Washington, DC.<\/p>\n<p>\u00abRealmente creo que la administraci\u00f3n Trump tiene la oportunidad y la responsabilidad de abordar la salud mental de una manera que ayude a las personas a desarrollar resiliencia, no solo atendiendo a tendencias pol\u00edticas o culturales\u00bb, dijo a Fox News Digital.<\/p>\n<div class=\"image-ct inline\">\n<div class=\"m\"><picture><source media=\"(max-width: 767px)\" srcset=\"https:\/\/a57.foxnews.com\/static.foxnews.com\/foxnews.com\/content\/uploads\/2024\/02\/343\/192\/teen-girl-at-therapist.jpg?ve=1&amp;tl=1, https:\/\/a57.foxnews.com\/static.foxnews.com\/foxnews.com\/content\/uploads\/2024\/02\/686\/384\/teen-girl-at-therapist.jpg?ve=1&amp;tl=1 2x\" height=\"192\" width=\"343\"><source media=\"(min-width: 768px) and (max-width: 1023px)\" srcset=\"https:\/\/a57.foxnews.com\/static.foxnews.com\/foxnews.com\/content\/uploads\/2024\/02\/672\/378\/teen-girl-at-therapist.jpg?ve=1&amp;tl=1, https:\/\/a57.foxnews.com\/static.foxnews.com\/foxnews.com\/content\/uploads\/2024\/02\/1344\/756\/teen-girl-at-therapist.jpg?ve=1&amp;tl=1 2x\" height=\"378\" width=\"672\"><source media=\"(min-width: 1024px) and (max-width: 1279px)\" srcset=\"https:\/\/a57.foxnews.com\/static.foxnews.com\/foxnews.com\/content\/uploads\/2024\/02\/931\/523\/teen-girl-at-therapist.jpg?ve=1&amp;tl=1, https:\/\/a57.foxnews.com\/static.foxnews.com\/foxnews.com\/content\/uploads\/2024\/02\/1862\/1046\/teen-girl-at-therapist.jpg?ve=1&amp;tl=1 2x\" height=\"523\" width=\"931\"><source media=\"(min-width: 1280px)\" srcset=\"https:\/\/a57.foxnews.com\/static.foxnews.com\/foxnews.com\/content\/uploads\/2024\/02\/720\/405\/teen-girl-at-therapist.jpg?ve=1&amp;tl=1, https:\/\/a57.foxnews.com\/static.foxnews.com\/foxnews.com\/content\/uploads\/2024\/02\/1440\/810\/teen-girl-at-therapist.jpg?ve=1&amp;tl=1 2x\" height=\"405\" width=\"720\"><img loading=\"lazy\" decoding=\"async\" src=\"https:\/\/a57.foxnews.com\/static.foxnews.com\/foxnews.com\/content\/uploads\/2024\/02\/1200\/675\/teen-girl-at-therapist.jpg?ve=1&amp;tl=1\" alt=\"Chica adolescente en terapeuta\" width=\"1200\" height=\"675\"\/><\/source><\/source><\/source><\/source><\/picture><\/div>\n<div class=\"info\">\n<div class=\"caption\">\n<p><span>La administraci\u00f3n Trump tiene una \u00abgran oportunidad\u00bb de abordar la creciente crisis de salud mental en Estados Unidos, se\u00f1al\u00f3 un psicoterapeuta.<\/span> <span>(iStock)<\/span><\/p>\n<\/div>\n<\/div>\n<\/div>\n<p>Una de las grandes preocupaciones de Alpert, comparti\u00f3, es que la cultura del \u00abdespertar\u00bb pueda estar contribuyendo inadvertidamente a una crisis de salud mental. <\/p>\n<p>\u00abSi bien es importante validar las emociones y reconocer los desaf\u00edos sist\u00e9micos, existe una tendencia creciente a patologizar excesivamente las luchas humanas normales y promover el victimismo como identidad\u00bb, dijo Alpert. <\/p>\n<p>En lugar de \u00abhacer demasiado hincapi\u00e9 en los traumas individuales o los agravios basados \u200b\u200ben la identidad\u00bb, Alpert pide centrarse en la responsabilidad y el crecimiento personal.<\/p>\n<blockquote class=\"pull-quote\">\n<p class=\"quote-text\">\u00abNecesitamos pol\u00edticas que fomenten la autosuficiencia y la fortaleza mental y al mismo tiempo ofrezcan apoyo a quienes realmente luchan\u00bb.<\/p>\n<p> <!----><\/p><\/blockquote>\n<p>\u00abNecesitamos pol\u00edticas que fomenten la autosuficiencia y la fortaleza mental y al mismo tiempo ofrezcan apoyo a quienes realmente luchan\u00bb, dijo.<\/p>\n<p>En la administraci\u00f3n Trump, Alpert dijo que espera ver un compromiso con iniciativas de salud mental que fomenten tanto el apoyo como la responsabilidad personal. <\/p>\n<div class=\"image-ct inline\">\n<div class=\"m\"><picture><source media=\"(max-width: 767px)\" srcset=\"https:\/\/a57.foxnews.com\/static.foxnews.com\/foxnews.com\/content\/uploads\/2021\/01\/343\/192\/iStock-1157050220.jpg?ve=1&amp;tl=1, https:\/\/a57.foxnews.com\/static.foxnews.com\/foxnews.com\/content\/uploads\/2021\/01\/686\/384\/iStock-1157050220.jpg?ve=1&amp;tl=1 2x\" height=\"192\" width=\"343\"><source media=\"(min-width: 768px) and (max-width: 1023px)\" srcset=\"https:\/\/a57.foxnews.com\/static.foxnews.com\/foxnews.com\/content\/uploads\/2021\/01\/672\/378\/iStock-1157050220.jpg?ve=1&amp;tl=1, https:\/\/a57.foxnews.com\/static.foxnews.com\/foxnews.com\/content\/uploads\/2021\/01\/1344\/756\/iStock-1157050220.jpg?ve=1&amp;tl=1 2x\" height=\"378\" width=\"672\"><source media=\"(min-width: 1024px) and (max-width: 1279px)\" srcset=\"https:\/\/a57.foxnews.com\/static.foxnews.com\/foxnews.com\/content\/uploads\/2021\/01\/931\/523\/iStock-1157050220.jpg?ve=1&amp;tl=1, https:\/\/a57.foxnews.com\/static.foxnews.com\/foxnews.com\/content\/uploads\/2021\/01\/1862\/1046\/iStock-1157050220.jpg?ve=1&amp;tl=1 2x\" height=\"523\" width=\"931\"><source media=\"(min-width: 1280px)\" srcset=\"https:\/\/a57.foxnews.com\/static.foxnews.com\/foxnews.com\/content\/uploads\/2021\/01\/720\/405\/iStock-1157050220.jpg?ve=1&amp;tl=1, https:\/\/a57.foxnews.com\/static.foxnews.com\/foxnews.com\/content\/uploads\/2021\/01\/1440\/810\/iStock-1157050220.jpg?ve=1&amp;tl=1 2x\" height=\"405\" width=\"720\"><img loading=\"lazy\" decoding=\"async\" src=\"https:\/\/a57.foxnews.com\/static.foxnews.com\/foxnews.com\/content\/uploads\/2021\/01\/1200\/675\/iStock-1157050220.jpg?ve=1&amp;tl=1\" alt=\"&quot;No todos los desaf\u00edos son traum\u00e1ticos, no todos los desacuerdos son da\u00f1inos y no todos los fracasos surgen de la opresi\u00f3n sist\u00e9mica.&quot;\" width=\"1200\" height=\"675\"\/><\/source><\/source><\/source><\/source><\/picture><\/div>\n<div class=\"info\">\n<div class=\"caption\">\n<p><span>\u00abNo todos los desaf\u00edos son traum\u00e1ticos, no todos los desacuerdos son da\u00f1inos y no todos los fracasos surgen de la opresi\u00f3n sist\u00e9mica\u00bb.<\/span> <span>(iStock)<\/span><\/p>\n<\/div>\n<\/div>\n<\/div>\n<p>\u00abEsto incluye mejorar el acceso a la terapia, pero tambi\u00e9n abordar c\u00f3mo las redes sociales, la ret\u00f3rica divisiva y las pol\u00edticas de identidad est\u00e1n afectando el sentido de autoestima y la salud mental de los j\u00f3venes\u00bb, dijo. <\/p>\n<p>\u00abExiste un peligro real al permitir que las narrativas culturales dicten c\u00f3mo abordamos la salud mental, convirti\u00e9ndola en un campo de batalla pol\u00edtico en lugar de un espacio para el crecimiento\u00bb.<\/p>\n<p><strong><u>HAGA CLIC AQU\u00cd PARA OBTENER LA APLICACI\u00d3N FOX NEWS<\/u><\/strong><strong>      <\/strong><\/p>\n<p>\u00abNo todos los desaf\u00edos son traum\u00e1ticos, no todos los desacuerdos son perjudiciales y no todos los fracasos surgen de la opresi\u00f3n sist\u00e9mica\u00bb, continu\u00f3 Alpert. <\/p>\n<p>Seg\u00fan el psicoterapeuta, en lugar de fomentar el victimismo, la terapia deber\u00eda ayudar a las personas a tomar posesi\u00f3n de sus vidas, desarrollar resiliencia y prosperar a pesar de la adversidad.<\/p>\n<h2><strong>Prosperidad a trav\u00e9s de la salud<\/strong><\/h2>\n<p>Mientras Donald Trump asume la presidencia, Estados Unidos mira a su administraci\u00f3n con la esperanza de \u00abmejoras sustanciales en la salud p\u00fablica\u00bb, seg\u00fan el Dr. Brett Osborn, neurocirujano de Florida y experto en longevidad.<\/p>\n<p>\u00abUna expectativa clave es el compromiso de reformar la pol\u00edtica de atenci\u00f3n m\u00e9dica para hacerla m\u00e1s accesible y asequible\u00bb, dijo a Fox News Digital.                        <\/p>\n<div class=\"image-ct inline\">\n<div class=\"m\"><picture><source media=\"(max-width: 767px)\" srcset=\"https:\/\/a57.foxnews.com\/static.foxnews.com\/foxnews.com\/content\/uploads\/2023\/11\/343\/192\/iStock-1162184637.jpg?ve=1&amp;tl=1, https:\/\/a57.foxnews.com\/static.foxnews.com\/foxnews.com\/content\/uploads\/2023\/11\/686\/384\/iStock-1162184637.jpg?ve=1&amp;tl=1 2x\" height=\"192\" width=\"343\"><source media=\"(min-width: 768px) and (max-width: 1023px)\" srcset=\"https:\/\/a57.foxnews.com\/static.foxnews.com\/foxnews.com\/content\/uploads\/2023\/11\/672\/378\/iStock-1162184637.jpg?ve=1&amp;tl=1, https:\/\/a57.foxnews.com\/static.foxnews.com\/foxnews.com\/content\/uploads\/2023\/11\/1344\/756\/iStock-1162184637.jpg?ve=1&amp;tl=1 2x\" height=\"378\" width=\"672\"><source media=\"(min-width: 1024px) and (max-width: 1279px)\" srcset=\"https:\/\/a57.foxnews.com\/static.foxnews.com\/foxnews.com\/content\/uploads\/2023\/11\/931\/523\/iStock-1162184637.jpg?ve=1&amp;tl=1, https:\/\/a57.foxnews.com\/static.foxnews.com\/foxnews.com\/content\/uploads\/2023\/11\/1862\/1046\/iStock-1162184637.jpg?ve=1&amp;tl=1 2x\" height=\"523\" width=\"931\"><source media=\"(min-width: 1280px)\" srcset=\"https:\/\/a57.foxnews.com\/static.foxnews.com\/foxnews.com\/content\/uploads\/2023\/11\/720\/405\/iStock-1162184637.jpg?ve=1&amp;tl=1, https:\/\/a57.foxnews.com\/static.foxnews.com\/foxnews.com\/content\/uploads\/2023\/11\/1440\/810\/iStock-1162184637.jpg?ve=1&amp;tl=1 2x\" height=\"405\" width=\"720\"><img loading=\"lazy\" decoding=\"async\" src=\"https:\/\/a57.foxnews.com\/static.foxnews.com\/foxnews.com\/content\/uploads\/2023\/11\/1200\/675\/iStock-1162184637.jpg?ve=1&amp;tl=1\" alt=\"Planificaci\u00f3n de comidas de mujer\" width=\"1200\" height=\"675\"\/><\/source><\/source><\/source><\/source><\/picture><\/div>\n<div class=\"info\">\n<div class=\"caption\">\n<p><span>Los m\u00e9dicos apoyan el objetivo de MAHA de mejorar la seguridad alimentaria y la nutrici\u00f3n y reducir la exposici\u00f3n a sustancias nocivas para la salud.<\/span> <span>(iStock)<\/span><\/p>\n<\/div>\n<\/div>\n<\/div>\n<p>\u00abEsto podr\u00eda implicar fomentar la competencia en el mercado de atenci\u00f3n m\u00e9dica (lo que reducir\u00eda las primas de seguros), mejorar la transparencia de los precios a nivel hospitalario y ampliar las opciones de cobertura para garantizar que las familias de todos los niveles de ingresos reciban la atenci\u00f3n adecuada\u00bb.<\/p>\n<p><strong><u>HAGA CLIC AQU\u00cd PARA SUSCRIBIRSE A NUESTRO BOLET\u00cdN DE SALUD<\/u><\/strong><\/p>\n<p>Osborn tambi\u00e9n espera que la administraci\u00f3n aborde la obesidad incentivando opciones alimentarias m\u00e1s saludables, un etiquetado nutricional m\u00e1s expl\u00edcito y apoyo a iniciativas de actividad f\u00edsica en las escuelas.<\/p>\n<p>\u00abAdem\u00e1s, abordar el suministro de alimentos en \u00e1reas desatendidas podr\u00eda promover un mejor acceso a alimentos frescos y ricos en nutrientes, reduciendo enfermedades relacionadas con la dieta, como la diabetes y las enfermedades card\u00edacas\u00bb, a\u00f1adi\u00f3.  <\/p>\n<blockquote class=\"pull-quote\">\n<p class=\"quote-text\">\u00abSin salud a escala individual y nacional, la naci\u00f3n seguir\u00e1 tambale\u00e1ndose.\u00bb<\/p>\n<p> <!----><\/p><\/blockquote>\n<p>Otra expectativa es un \u00e9nfasis en la atenci\u00f3n preventiva en lugar de la reactiva, seg\u00fan Osborn.<\/p>\n<p>\u00abFomentar ex\u00e1menes de salud regulares para identificar factores de riesgo de enfermedades y apoyar campa\u00f1as de educaci\u00f3n sobre el bienestar podr\u00eda reducir significativamente la carga de enfermedades prevenibles\u00bb, afirm\u00f3.<\/p>\n<p><i><strong><u>Para m\u00e1s art\u00edculos de salud, visite <\/u><\/strong><\/i><i><strong><u>www.foxnews.com\/health<\/u><\/strong><\/i><\/p>\n<p>En \u00faltima instancia, continu\u00f3 Osborn, la nueva administraci\u00f3n tiene el potencial de priorizar la salud, \u00abno s\u00f3lo como una cuesti\u00f3n de pol\u00edtica, sino como piedra angular de la prosperidad nacional\u00bb. <\/p>\n<p>\u00abSin salud a escala individual y nacional, la naci\u00f3n seguir\u00e1 tambale\u00e1ndose\u00bb, afirm\u00f3 el m\u00e9dico. <\/p>\n<p>\u00abSin embargo, como dijo el presidente Trump durante su discurso de toma de posesi\u00f3n, &#8216;A partir de este momento, el declive de Estados Unidos ha terminado'\u00bb.<\/p>\n<\/div>\n\n","protected":false},"excerpt":{"rendered":"<p>\u00danase a Fox News para acceder a este contenido Adem\u00e1s, acceso especial a art\u00edculos seleccionados y otro contenido premium con su cuenta, sin cargo. Al ingresar su correo electr\u00f3nico y presionar Continuar, acepta los T\u00e9rminos de uso y la Pol\u00edtica de privacidad de Fox News, que incluye nuestro Aviso de incentivo financiero. Por favor, introduce &hellip;<\/p>\n","protected":false},"author":1,"featured_media":11319,"comment_status":"open","ping_status":"open","sticky":false,"template":"","format":"standard","meta":{"fifu_image_url":"https:\/\/a57.foxnews.com\/static.foxnews.com\/foxnews.com\/content\/uploads\/2025\/01\/1200\/675\/ap25021010438295-1.jpg?ve=1&tl=1","fifu_image_alt":"","footnotes":""},"categories":[8],"tags":[],"class_list":["post-11317","post","type-post","status-publish","format-standard","has-post-thumbnail","","category-salud"],"_links":{"self":[{"href":"https:\/\/noticiasveraces.com\/index.php?rest_route=\/wp\/v2\/posts\/11317","targetHints":{"allow":["GET"]}}],"collection":[{"href":"https:\/\/noticiasveraces.com\/index.php?rest_route=\/wp\/v2\/posts"}],"about":[{"href":"https:\/\/noticiasveraces.com\/index.php?rest_route=\/wp\/v2\/types\/post"}],"author":[{"embeddable":true,"href":"https:\/\/noticiasveraces.com\/index.php?rest_route=\/wp\/v2\/users\/1"}],"replies":[{"embeddable":true,"href":"https:\/\/noticiasveraces.com\/index.php?rest_route=%2Fwp%2Fv2%2Fcomments&post=11317"}],"version-history":[{"count":0,"href":"https:\/\/noticiasveraces.com\/index.php?rest_route=\/wp\/v2\/posts\/11317\/revisions"}],"wp:featuredmedia":[{"embeddable":true,"href":"https:\/\/noticiasveraces.com\/index.php?rest_route=\/wp\/v2\/media\/11319"}],"wp:attachment":[{"href":"https:\/\/noticiasveraces.com\/index.php?rest_route=%2Fwp%2Fv2%2Fmedia&parent=11317"}],"wp:term":[{"taxonomy":"category","embeddable":true,"href":"https:\/\/noticiasveraces.com\/index.php?rest_route=%2Fwp%2Fv2%2Fcategories&post=11317"},{"taxonomy":"post_tag","embeddable":true,"href":"https:\/\/noticiasveraces.com\/index.php?rest_route=%2Fwp%2Fv2%2Ftags&post=11317"}],"curies":[{"name":"wp","href":"https:\/\/api.w.org\/{rel}","templated":true}]}}