{"id":11298,"date":"2025-01-21T03:55:16","date_gmt":"2025-01-21T07:55:16","guid":{"rendered":"https:\/\/noticiasveraces.com\/?p=11298"},"modified":"2025-01-21T03:55:16","modified_gmt":"2025-01-21T07:55:16","slug":"yoon-llega-al-tribunal-constitucional-para-juicio-politico-dw-21-01-2025","status":"publish","type":"post","link":"https:\/\/noticiasveraces.com\/?p=11298","title":{"rendered":"Yoon llega al Tribunal Constitucional para juicio pol\u00edtico \u2013 DW \u2013 21\/01\/2025"},"content":{"rendered":"<p> \n<\/p>\n<div>\n<p>El presidente de Corea del Sur, Yoon Suk-yeol, entre un fuerte dispositivo de seguridad, se present\u00f3 este martes (21.01.2025) por primera vez en el Tribunal Constitucional para participar en una vista del juicio que determinar\u00e1 si su destituci\u00f3n parlamentaria ser\u00e1 o no definitivo.<\/p>\n<p>Yoon lleg\u00f3 en un convoy que lo transport\u00f3 desde el centro de detenci\u00f3n de Uiwang, al sur de la capital surcoreana, en el que se encuentra arrestado desde el pasado 15 de diciembre.<\/p>\n<p>El fuerte dispositivo policial establecido en torno a la sede del Tribunal Constitucional en Se\u00fal ya era visible a m\u00e1s de un kil\u00f3metro de distancia de la corte, as\u00ed como las protestas multitudinarias organizadas por los seguidores del presidente en la zona.<\/p>\n<p>Ni siquiera la alerta roja emitida hoy en la regi\u00f3n capitalina por la mala calidad del aire impidi\u00f3 a los simpatizantes del presidente congregarse por millas en las cercan\u00edas del Constitucional para protestar contra lo que consideran un arresto y un juicio ilegales por su decisi\u00f3n de decretar la ley. marcial el pasado 3 de diciembre.<\/p>\n<p>En todo caso, la Polic\u00eda cre\u00f3 un per\u00edmetro de seguridad en torno a las puertas de la corte usando barreras y autobuses que impidieron acercarse hasta la entrada de los juzgados. <\/p>\n<p>En su comparecencia, Yoon tiene previsto valorar las circunstancias que le llevaron a decretar el estado de excepci\u00f3n y su equipo legal presentaci\u00f3n pruebas y llamar\u00e1 a testigos a declarar para defender su argumentaci\u00f3n, seg\u00fan un comunicado de sus abogados.<\/p>\n<p><span data-slot-id=\"Article_InContent-1\" class=\"rich-text-ad\"\/><\/p>\n<h2>\u00abPar\u00e1lisis\u00bb de Estado<\/h2>\n<p>Yoon defiende que la ley marcial fue una respuesta que se vali\u00f3 de las herramientas legales de las que dispone el presidente para responder a la \u00abpar\u00e1lisis\u00bb de Estado que, seg\u00fan \u00e9l, estaba provocando la oposici\u00f3n mediante el uso indiscriminado de las mociones de destituci\u00f3n en el Parlamento, donde su partido estaba en clara minor\u00eda desde abril.<\/p>\n<p>El mandatario considera tambi\u00e9n que los recortes presupuestarios aprobados por la bancada contraria en el hemiciclo, as\u00ed como la mala gesti\u00f3n del sistema electr\u00f3nico electoral, supon\u00edan una amenaza para la seguridad econ\u00f3mica y pol\u00edtica del pa\u00eds, seg\u00fan el comunicado.<\/p>\n<p>El Constitucional tiene de aqu\u00ed a junio para decidir si el cese de Yoon aprobado por el Parlamento el 14 de diciembre ser\u00e1 definitivo o si lo restituye en el cargo.<\/p>\n<p>En caso de que su inhabilitaci\u00f3n quede ratificada deber\u00e1 convocar a elecciones presidenciales en un plazo m\u00e1ximo de 60 d\u00edas tras el fallo de la corte.<\/p>\n<p>Yoon encara a su vez una investigaci\u00f3n penal por un posible delito de insurrecci\u00f3n que podr\u00eda castigarse con cadena perpetua o la pena capital (para la cual existe una moratoria en Corea del Sur desde 1997), aunque se ha negado a declarar ante los investigadores.<\/p>\n<p>mg (efe, Chosun)<\/p>\n<div class=\"vjs-wrapper embed big\">\n<h2 aria-label=\"Video integrado \u2014 Corea del Norte manda globos con basura a Corea del Sur\" class=\"headline\"><svg xmlns=\"http:\/\/www.w3.org\/2000\/svg\" viewbox=\"0 0 20 20\"><g fill-rule=\"evenodd\"><path d=\"M14.114 7.599H13.5l.002 4.706h.601l4.582 3.25-.005-11.11zM11.084 4.444l-9.007.002-1.336.797.002 9.514 1.334.793 9.007.006 1.509-.799-.004-9.516z\"\/><\/g><\/svg>Corea del Norte manda globos con basura a Corea del Sur<\/h2>\n<p><video id=\"video-69759172\" controls=\"\" playsinline=\"\" preload=\"none\" poster=\"data:image\/png;base64,iVBORw0KGgoAAAANSUhEUgAAAAEAAAABCAQAAAC1HAwCAAAAC0lEQVR42mNkYAAAAAYAAjCB0C8AAAAASUVORK5CYII=\" data-id=\"69759172\" data-posterurl=\"https:\/\/static.dw.com\/image\/69746782_605.webp\" data-duration=\"01:17\"><source src=\"https:\/\/hlsvod.dw.com\/i\/dwtv_video\/flv\/js\/js20240724_BALLOONS13C_,AVC_480x270,AVC_512x288,AVC_640x360,AVC_960x540,AVC_1280x720,AVC_1920x1080,.mp4.csmil\/master.m3u8\" type=\"application\/x-mpegURL\"><source src=\"https:\/\/tvdownloaddw-a.akamaihd.net\/dwtv_video\/flv\/js\/js20240724_BALLOONS13C_AVC_1920x1080.mp4\" type=\"video\/mp4\"><track src=\"https:\/\/www.dw.com\/media\/subtitles\/69815178\" srclang=\"es\" label=\"SPANISH\" default=\"\"><p class=\"vjs-no-js\">Para ver este video, habilite JavaScript y considere actualizar a un navegador web que admita videos HTML5.<\/p>\n<\/track><\/source><\/source><\/video><\/div>\n<\/div>\n\n","protected":false},"excerpt":{"rendered":"<p>El presidente de Corea del Sur, Yoon Suk-yeol, entre un fuerte dispositivo de seguridad, se present\u00f3 este martes (21.01.2025) por primera vez en el Tribunal Constitucional para participar en una vista del juicio que determinar\u00e1 si su destituci\u00f3n parlamentaria ser\u00e1 o no definitivo. Yoon lleg\u00f3 en un convoy que lo transport\u00f3 desde el centro de &hellip;<\/p>\n","protected":false},"author":1,"featured_media":11299,"comment_status":"open","ping_status":"open","sticky":false,"template":"","format":"standard","meta":{"fifu_image_url":"https:\/\/static.dw.com\/image\/71305239_6.jpg","fifu_image_alt":"","footnotes":""},"categories":[13],"tags":[],"class_list":["post-11298","post","type-post","status-publish","format-standard","has-post-thumbnail","","category-mundo"],"_links":{"self":[{"href":"https:\/\/noticiasveraces.com\/index.php?rest_route=\/wp\/v2\/posts\/11298","targetHints":{"allow":["GET"]}}],"collection":[{"href":"https:\/\/noticiasveraces.com\/index.php?rest_route=\/wp\/v2\/posts"}],"about":[{"href":"https:\/\/noticiasveraces.com\/index.php?rest_route=\/wp\/v2\/types\/post"}],"author":[{"embeddable":true,"href":"https:\/\/noticiasveraces.com\/index.php?rest_route=\/wp\/v2\/users\/1"}],"replies":[{"embeddable":true,"href":"https:\/\/noticiasveraces.com\/index.php?rest_route=%2Fwp%2Fv2%2Fcomments&post=11298"}],"version-history":[{"count":0,"href":"https:\/\/noticiasveraces.com\/index.php?rest_route=\/wp\/v2\/posts\/11298\/revisions"}],"wp:featuredmedia":[{"embeddable":true,"href":"https:\/\/noticiasveraces.com\/index.php?rest_route=\/wp\/v2\/media\/11299"}],"wp:attachment":[{"href":"https:\/\/noticiasveraces.com\/index.php?rest_route=%2Fwp%2Fv2%2Fmedia&parent=11298"}],"wp:term":[{"taxonomy":"category","embeddable":true,"href":"https:\/\/noticiasveraces.com\/index.php?rest_route=%2Fwp%2Fv2%2Fcategories&post=11298"},{"taxonomy":"post_tag","embeddable":true,"href":"https:\/\/noticiasveraces.com\/index.php?rest_route=%2Fwp%2Fv2%2Ftags&post=11298"}],"curies":[{"name":"wp","href":"https:\/\/api.w.org\/{rel}","templated":true}]}}