{"id":11294,"date":"2025-01-21T01:52:56","date_gmt":"2025-01-21T05:52:56","guid":{"rendered":"https:\/\/noticiasveraces.com\/?p=11294"},"modified":"2025-01-21T01:52:56","modified_gmt":"2025-01-21T05:52:56","slug":"trump-decreta-emergencia-nacional-en-frontera-con-mexico-dw-21-01-2025","status":"publish","type":"post","link":"https:\/\/noticiasveraces.com\/?p=11294","title":{"rendered":"Trump decreta \u00abemergencia nacional\u00bb en frontera con M\u00e9xico \u2013 DW \u2013 21\/01\/2025"},"content":{"rendered":"<p> \n<\/p>\n<p><span class=\"time-area s1i8qhb9 icns9en i1sf8oqe m1km9ap7 wgx1hx2 b1ho1h07\"><span class=\"publication icns9en i1sf8oqe m1km9ap7 wgx1hx2 b1ho1h07\"><time aria-hidden=\"true\">21\/01\/2025<\/time><span class=\"sr-only s28j2rd\">21 de enero de 2025<\/span><\/span><\/span><\/p>\n<h2 class=\"hr9hvkd h16xqir8 seipclg b1ho1h07\">Trump decreta \u00abemergencia nacional\u00bb en frontera con M\u00e9xico<\/h2>\n<\/p>\n<div>\n<p>El presidente de Estados Unidos, Donald Trump, emiti\u00f3 el lunes una orden ejecutiva que declara una emergencia nacional que autoriza el uso de las fuerzas militares en la frontera con M\u00e9xico. <\/p>\n<p>La orden, firmada en su primer d\u00eda en el poder y desde el Despacho Oval, ordena al Departamento de Defensa a desplegar personal, incluyendo soldados y Guardia Nacional, para \u00abasegurar la frontera\u00bb y repeler \u00abformas de invasi\u00f3n\u00bb, incluyendo la migraci\u00f3n hacia EE.UU. y el tr\u00e1fico de drogas, seg\u00fan indicaron funcionarios de la nueva Administraci\u00f3n en una llamada con reporteros. <\/p>\n<p>En su discurso de posesi\u00f3n, Trump anunci\u00f3 que restablecer\u00e1 el programa \u00abQu\u00e9date en M\u00e9xico\u00bb, mediante el cual los migrantes gestionaban sus solicitudes de asilo desde el pa\u00eds vecino.<\/p>\n<p>Pero para ello requiere el acuerdo de M\u00e9xico, su socio en el tratado comercial T-MEC, al que amenaza con imponer aranceles.<\/p>\n<p>Durante el primer mandato de Trump (2017-2021) el gobierno mexicano acept\u00f3 recibir a deportados de otras nacionalidades a cambio de que el republicano retirara sus amagos arancelarios.<\/p>\n<h3>M\u00e9xico recibir\u00e1 a sus nacionales<\/h3>\n<p>Este lunes, antes de la investidura del magnate, la presidenta mexicana Claudia Sheinbaum defendi\u00f3 los logros del programa CBP One y reiter\u00f3 que M\u00e9xico recibir\u00e1 a sus nacionales deportados, sin mencionar c\u00f3mo proceder\u00e1 frente a otros extranjeros expulsados \u200b\u200bde Estados Unidos.<\/p>\n<p>Cientos de millas de migrantes originarios de pa\u00edses como Venezuela, Nicaragua, Cuba, Hait\u00ed y El Salvador, que han huido de sus pa\u00edses debido a la persecuci\u00f3n pol\u00edtica y la violencia, podr\u00edan ser deportados porque no han regularizado su estatus migratorio en Estados Unidos, seg\u00fan organismos humanitarios.<\/p>\n<p>Sheinbaum tambi\u00e9n present\u00f3 una aplicaci\u00f3n m\u00f3vil que permite activar un bot\u00f3n de alerta, que se conecta con la red consular mexicana en Estados Unidos. Esta opci\u00f3n es \u00abideal para casos de detenci\u00f3n inminente\u00bb, destac\u00f3 la Canciller\u00eda en una presentaci\u00f3n.<\/p>\n<p>(efe, afp) <\/p>\n<\/div>\n\n","protected":false},"excerpt":{"rendered":"<p>21\/01\/202521 de enero de 2025 Trump decreta \u00abemergencia nacional\u00bb en frontera con M\u00e9xico El presidente de Estados Unidos, Donald Trump, emiti\u00f3 el lunes una orden ejecutiva que declara una emergencia nacional que autoriza el uso de las fuerzas militares en la frontera con M\u00e9xico. La orden, firmada en su primer d\u00eda en el poder y &hellip;<\/p>\n","protected":false},"author":1,"featured_media":11295,"comment_status":"open","ping_status":"open","sticky":false,"template":"","format":"standard","meta":{"fifu_image_url":"https:\/\/static.dw.com\/image\/71355886_6.jpg","fifu_image_alt":"","footnotes":""},"categories":[13],"tags":[],"class_list":["post-11294","post","type-post","status-publish","format-standard","has-post-thumbnail","","category-mundo"],"_links":{"self":[{"href":"https:\/\/noticiasveraces.com\/index.php?rest_route=\/wp\/v2\/posts\/11294","targetHints":{"allow":["GET"]}}],"collection":[{"href":"https:\/\/noticiasveraces.com\/index.php?rest_route=\/wp\/v2\/posts"}],"about":[{"href":"https:\/\/noticiasveraces.com\/index.php?rest_route=\/wp\/v2\/types\/post"}],"author":[{"embeddable":true,"href":"https:\/\/noticiasveraces.com\/index.php?rest_route=\/wp\/v2\/users\/1"}],"replies":[{"embeddable":true,"href":"https:\/\/noticiasveraces.com\/index.php?rest_route=%2Fwp%2Fv2%2Fcomments&post=11294"}],"version-history":[{"count":0,"href":"https:\/\/noticiasveraces.com\/index.php?rest_route=\/wp\/v2\/posts\/11294\/revisions"}],"wp:featuredmedia":[{"embeddable":true,"href":"https:\/\/noticiasveraces.com\/index.php?rest_route=\/wp\/v2\/media\/11295"}],"wp:attachment":[{"href":"https:\/\/noticiasveraces.com\/index.php?rest_route=%2Fwp%2Fv2%2Fmedia&parent=11294"}],"wp:term":[{"taxonomy":"category","embeddable":true,"href":"https:\/\/noticiasveraces.com\/index.php?rest_route=%2Fwp%2Fv2%2Fcategories&post=11294"},{"taxonomy":"post_tag","embeddable":true,"href":"https:\/\/noticiasveraces.com\/index.php?rest_route=%2Fwp%2Fv2%2Ftags&post=11294"}],"curies":[{"name":"wp","href":"https:\/\/api.w.org\/{rel}","templated":true}]}}