{"id":11289,"date":"2025-01-21T00:14:11","date_gmt":"2025-01-21T04:14:11","guid":{"rendered":"https:\/\/noticiasveraces.com\/?p=11289"},"modified":"2025-01-21T00:14:11","modified_gmt":"2025-01-21T04:14:11","slug":"mi-lazo-con-el-madridismo-es-muy-fuerte","status":"publish","type":"post","link":"https:\/\/noticiasveraces.com\/?p=11289","title":{"rendered":"\u00abMi lazo con el madridismo es muy fuerte\u00bb"},"content":{"rendered":"<p> \n<\/p>\n<div id=\"intext\">\n<p><b>Xabi Alonso<\/b>t\u00e9cnico del<b> Bayer Leverkusen<\/b>ha salido al paso de los rumores que le colocan como pr\u00f3ximo t\u00e9cnico del <b>real madrid<\/b>. Se\u00f1alado en algunos medios de comunicaci\u00f3n como un posible recambio de <b>carlo anceloti <\/b>en el banquillo blanco al final de la campa\u00f1a, el t\u00e9cnico espa\u00f1ol esquiv\u00f3 cada pregunta sobre ese tema: \u00abImaginas bien que no puedo decir absolutamente nada (de su futuro), porque estamos en medio de la temporada\u00bb.<\/p>\n<p>Su equipo se mide al <b>Atl\u00e9tico de Madrid<\/b> es <b>liga de campeones<\/b> en el estadio <b>Metropolitano<\/b>: \u00abTodos los clubes tenemos grandes objetivos. El Atleti los tiene, el Real Madrid los tiene, nosotros tambi\u00e9n y estoy trabajando para poder conseguirlos. Cada tres d\u00edas tenemos partidos entre todas las competiciones, venimos aqu\u00ed a conseguir estar entre los ocho primeros, el El Atleti tambi\u00e9n y estoy enfocado en eso, sobre todo\u00bb, opin\u00f3.<\/p>\n<blockquote class=\"blockquote \">\n<p class=\"blockquote__quote\">\u00abYa con los a\u00f1os pasa el tiempo, pero el cari\u00f1o perdura. Esa relaci\u00f3n es inolvidable\u00bb<\/p>\n<\/blockquote>\n<p>El donostiarra se mostr\u00f3 agradecido por el cari\u00f1o que recibe de los aficionados del Real Madrid, con los que el \u00ablazo es muy fuerte\u00bb por su etapa como jugador del club blanco de 2009 a 2015. Xabi Alonso jug\u00f3 236 partidos con el Real Madrid. con seis goles y con cinco t\u00edtulos, incluida una Liga de Campeones contra el Atl\u00e9tico de Madrid en 2014.<\/p>\n<p>\u00abYa con los a\u00f1os pasa el tiempo, pero el cari\u00f1o perdura. Esa relaci\u00f3n es inolvidable. Eso se va a quedar ah\u00ed\u00bb, expres\u00f3 sobre el cari\u00f1o que recibe de los hinchas madridistas.<\/p>\n<p>\u00abClaro que se agradece por la vinculaci\u00f3n, porque el lazo es muy fuerte, porque fue una etapa muy bonita como jugador y fueron a\u00f1os muy intensos que nos cost\u00f3 conseguir lo que quer\u00edamos y que, cuando lo conseguimos, fue muy celebrado. Y eso va a perdurar\u201d, abund\u00f3.<\/p>\n<p>Xabi Alonso asegur\u00f3 que ni se ha preparado, ni le molestan, ni le sorprenden las preguntas acerca de su futuro: \u00abEstoy muy tranquilo, estoy pensando en el Atleti este martes contra el Leverkusen en Champions, es lo que estoy preparando y tenemos suficiente\u00bb , apostill\u00f3 sobre este tema.<\/p>\n<h2 class=\"title-h2\">La mejor plantilla \u00abde los \u00faltimos 10 a\u00f1os\u00bb<\/h2>\n<p>En cuanto al partido de Champions, Alonso asegur\u00f3 que el Atleti es \u00abun grand\u00edsimo\u00bb equipo, que ha apostado \u00abfuerte\u00bb esta temporada y que tiene su mejor plantilla \u00abde los \u00faltimos diez a\u00f1os\u00bb.<\/p>\n<p>\u00abPrepararlo es un reto siempre. Creo que es un grand\u00edsimo Atleti este a\u00f1o y eso ya es suficiente motivaci\u00f3n\u00bb, expres\u00f3 el preparador espa\u00f1ol.<\/p>\n<h2 class=\"title-h2\">Elogios a Simeone<\/h2>\n<p>\u00abTengo muchas alabanzas para <b>Sime\u00f3n <\/b>Por todo lo que ha conseguido aqu\u00ed con el Atleti, pero no s\u00f3lo en la \u00faltima temporada. Lleva ya 13 a\u00f1os en este club. Se ve que tiene una gran influencia sobre este gran club. Es incre\u00edble. Est\u00e1n rindiendo muy bien, dispone de muy buenos jugadores en la plantilla, pueden rotar, tienen mucha ambici\u00f3n&#8230;\u00bb, sigui\u00f3.<\/p>\n<p>\u00bfVes reflejada en el Atl\u00e9tico la personalidad y el car\u00e1cter del t\u00e9cnico argentino? Lo tiene claro: \u00abSin ninguna duda\u00bb.<\/p>\n<p>\u00abUn entrenador que ha estado aqu\u00ed durante tanto tiempo, que ha tenido una participaci\u00f3n tan directa en este club y en los \u00e9xitos del equipo, va generando y creando una mentalidad. La conexi\u00f3n entre el &#8216;Cholo&#8217; y el Atleti es intensa, perfecta y ha sido exitosa. Tiene una impronta muy evidente en su equipo y en el club\u201d, analiz\u00f3.<\/p>\n<p>De las cualidades como t\u00e9cnico de Simeone, se quedar\u00eda con \u00abla capacidad de transmisi\u00f3n y conexi\u00f3n que tiene, que es evidente\u00bb, algo que para Xabi \u00abes una condici\u00f3n imprescindible para un buen entrenador\u00bb.<\/p>\n<p>Eso s\u00ed, se estima que los dos equipos, Bayer y Atleti, est\u00e1n \u00aben buen momento\u00bb para encarar el choque de este martes.<\/p>\n<p><i>S\u00edguenos en nuestro canal de WhatsApp y no te pierdas la \u00faltima hora y toda la actualidad de antena3noticias.com<\/i><\/p>\n<div class=\"recirculation-video\" data-mod=\"a3mod_recirculation_video\">\n<div class=\"recirculation-video-wrapper\">\n<div>\n<div class=\"video-wrapper\">\n  <picture class=\"video-main-picture\"><source media=\"(min-width: 481px)\" srcset=\"https:\/\/fotografias.antena3.com\/clipping\/cmsimages02\/2025\/01\/20\/F35C5625-5C59-4C96-935D-C20F743078CB\/antena-3-deportes-20-01-25-djokovic-niega-hacer-entrevista-postpartido-periodista-que-llamo-fracasado_94.jpg?crop=1920,1080,x0,y0&amp;width=800&amp;height=450&amp;optimize=medium&amp;format=webply\" width=\"800\" height=\"450\"><source media=\"(min-width: 391px) and (max-width: 480px)\" srcset=\"https:\/\/fotografias.antena3.com\/clipping\/cmsimages02\/2025\/01\/20\/F35C5625-5C59-4C96-935D-C20F743078CB\/antena-3-deportes-20-01-25-djokovic-niega-hacer-entrevista-postpartido-periodista-que-llamo-fracasado_70.jpg?crop=1920,1080,x0,y0&amp;width=480&amp;height=270&amp;optimize=high&amp;format=webply\" width=\"480\" height=\"270\"><source media=\"(min-width: 321px) and (max-width: 390px)\" srcset=\"https:\/\/fotografias.antena3.com\/clipping\/cmsimages02\/2025\/01\/20\/F35C5625-5C59-4C96-935D-C20F743078CB\/antena-3-deportes-20-01-25-djokovic-niega-hacer-entrevista-postpartido-periodista-que-llamo-fracasado_92.jpg?crop=1920,1078,x0,y0&amp;width=390&amp;height=219&amp;optimize=high&amp;format=webply\" width=\"390\" height=\"219\"><source media=\"(max-width: 320px)\" srcset=\"https:\/\/fotografias.antena3.com\/clipping\/cmsimages02\/2025\/01\/20\/F35C5625-5C59-4C96-935D-C20F743078CB\/antena-3-deportes-20-01-25-djokovic-niega-hacer-entrevista-postpartido-periodista-que-llamo-fracasado_52.jpg?crop=1920,1080,x0,y0&amp;width=320&amp;height=180&amp;optimize=high&amp;format=webply\" width=\"320\" height=\"180\"><img decoding=\"async\" title=\"Antena 3 Deportes (20-01-25) Djokovic se niega a hacer la entrevista postpartido por un periodista que le llam\u00f3 &quot;fracasado&quot;\" alt=\"Antena 3 Deportes (20-01-25) Djokovic se niega a hacer la entrevista postpartido por un periodista que le llam\u00f3 &quot;fracasado&quot;\" width=\"480\" height=\"270\" src=\"https:\/\/fotografias.antena3.com\/clipping\/cmsimages02\/2025\/01\/20\/F35C5625-5C59-4C96-935D-C20F743078CB\/antena-3-deportes-20-01-25-djokovic-niega-hacer-entrevista-postpartido-periodista-que-llamo-fracasado_70.jpg?crop=1920,1080,x0,y0&amp;width=480&amp;height=270&amp;optimize=high&amp;format=webply\" loading=\"lazy\" class=\"lazy\"\/><br \/>\n  <\/source><\/source><\/source><\/source><\/picture>\n <\/div>\n<\/div><\/div>\n<\/p><\/div>\n<\/div>\n\n","protected":false},"excerpt":{"rendered":"<p>Xabi Alonsot\u00e9cnico del Bayer Leverkusenha salido al paso de los rumores que le colocan como pr\u00f3ximo t\u00e9cnico del real madrid. Se\u00f1alado en algunos medios de comunicaci\u00f3n como un posible recambio de carlo anceloti en el banquillo blanco al final de la campa\u00f1a, el t\u00e9cnico espa\u00f1ol esquiv\u00f3 cada pregunta sobre ese tema: \u00abImaginas bien que no &hellip;<\/p>\n","protected":false},"author":1,"featured_media":11291,"comment_status":"open","ping_status":"open","sticky":false,"template":"","format":"standard","meta":{"fifu_image_url":"https:\/\/fotografias.antena3.com\/clipping\/cmsimages02\/2025\/01\/20\/1E3B1FEC-7BE5-4493-8C84-3316B9678DDE\/xabi-alonso-rueda-prensa_69.jpg?crop=1920,1080,x0,y200&width=1280&height=720&optimize=low&format=jpg","fifu_image_alt":"","footnotes":""},"categories":[6],"tags":[],"class_list":["post-11289","post","type-post","status-publish","format-standard","has-post-thumbnail","","category-deportes"],"_links":{"self":[{"href":"https:\/\/noticiasveraces.com\/index.php?rest_route=\/wp\/v2\/posts\/11289","targetHints":{"allow":["GET"]}}],"collection":[{"href":"https:\/\/noticiasveraces.com\/index.php?rest_route=\/wp\/v2\/posts"}],"about":[{"href":"https:\/\/noticiasveraces.com\/index.php?rest_route=\/wp\/v2\/types\/post"}],"author":[{"embeddable":true,"href":"https:\/\/noticiasveraces.com\/index.php?rest_route=\/wp\/v2\/users\/1"}],"replies":[{"embeddable":true,"href":"https:\/\/noticiasveraces.com\/index.php?rest_route=%2Fwp%2Fv2%2Fcomments&post=11289"}],"version-history":[{"count":0,"href":"https:\/\/noticiasveraces.com\/index.php?rest_route=\/wp\/v2\/posts\/11289\/revisions"}],"wp:featuredmedia":[{"embeddable":true,"href":"https:\/\/noticiasveraces.com\/index.php?rest_route=\/wp\/v2\/media\/11291"}],"wp:attachment":[{"href":"https:\/\/noticiasveraces.com\/index.php?rest_route=%2Fwp%2Fv2%2Fmedia&parent=11289"}],"wp:term":[{"taxonomy":"category","embeddable":true,"href":"https:\/\/noticiasveraces.com\/index.php?rest_route=%2Fwp%2Fv2%2Fcategories&post=11289"},{"taxonomy":"post_tag","embeddable":true,"href":"https:\/\/noticiasveraces.com\/index.php?rest_route=%2Fwp%2Fv2%2Ftags&post=11289"}],"curies":[{"name":"wp","href":"https:\/\/api.w.org\/{rel}","templated":true}]}}