{"id":11262,"date":"2025-01-20T21:45:02","date_gmt":"2025-01-21T01:45:02","guid":{"rendered":"https:\/\/noticiasveraces.com\/?p=11262"},"modified":"2025-01-20T21:45:02","modified_gmt":"2025-01-21T01:45:02","slug":"papa-francisco-disuelve-sodalicio-de-peru-por-abusos-dw-21-01-2025","status":"publish","type":"post","link":"https:\/\/noticiasveraces.com\/?p=11262","title":{"rendered":"Papa Francisco disuelve Sodalicio de Per\u00fa por abusos \u2013 DW \u2013 21\/01\/2025"},"content":{"rendered":"<p> \n<\/p>\n<div>\n<p>El papa Francisco disolvi\u00f3 el Sodalicio de Vida Cristiana (SCV), una congregaci\u00f3n ultraconservadora de laicos y sacerdotes de origen peruano implicada en agresiones sexuales a menores, inform\u00f3 este lunes (20.01.2025) la organizaci\u00f3n apost\u00f3lica.<\/p>\n<p>En un comunicado, el grupo religioso, que se expandi\u00f3 a pa\u00edses como Argentina, Brasil, Chile, Colombia o Estados Unidos, aludi\u00f3 a la noticia sobre su disoluci\u00f3n publicada el 18 de enero por el portal informativo infovaticana.<\/p>\n<p>El SCV se\u00f1al\u00f3 que \u00abla informaci\u00f3n central sobre el hecho era cierta\u00bb y reiter\u00f3 su confianza y voto de obediencia a Francisco. Fundada en Per\u00fa en 1971, la congregaci\u00f3n fue reconocida por el papa Juan Pablo II en 1997.<\/p>\n<p>Sus miembros viven en comunidad y principalmente se dedican a evangelizar a j\u00f3venes y pobres bajo \u00ablos compromisos de obediencia y de celibato apost\u00f3lico\u00bb, seg\u00fan se lee en su p\u00e1gina web.<\/p>\n<p>En 2018, Francisco orden\u00f3 intervenir el SCV, tras una serie de denuncias sobre abusos sexuales cometidos por cuatro l\u00edderes de la organizaci\u00f3n durante casi tres d\u00e9cadas.<\/p>\n<p>El esc\u00e1ndalo sali\u00f3 a la luz gracias a la publicaci\u00f3n del libro \u00abMitad monjes, mitad soldados\u00bb, que re\u00fane los testimonios de varias de las v\u00edctimas. <\/p>\n<h2>Figari expulsado de la organizaci\u00f3n<\/h2>\n<p>El texto fue escrito por los periodistas peruanos Pedro Salinas y Paola Ugaz, quienes se entrevistaron con Francisco el 9 de diciembre.<\/p>\n<p>El SCV llev\u00f3 a cabo una investigaci\u00f3n interna que concluy\u00f3 que entre los agresores estaba su fundador, el laico peruano Luis Fernando Figari.<\/p>\n<p>Seg\u00fan reconoci\u00f3 p\u00fablicamente la organizaci\u00f3n, \u00e9l y dem\u00e1s miembros de la c\u00fapula \u00ababusaron sexualmente de 19 menores y 10 mayores\u00bb entre 1975 y 2002.<\/p>\n<p>En agosto \u00faltimo, la Santa Sede expuls\u00f3 a Figari de la organizaci\u00f3n. A sus 77 a\u00f1os, el fundador del Sodalicio de Vida Cristiana, quien siempre neg\u00f3 los se\u00f1alamientos, vive en Roma y tiene prohibido regresar a su pa\u00eds, seg\u00fan una resoluci\u00f3n del Vaticano.<\/p>\n<p>Este lunes la agrupaci\u00f3n religiosa tambi\u00e9n anunci\u00f3, en el mismo comunicado, que expuls\u00f3 a dos de sus miembros de una asamblea que lleva a cabo en la ciudad brasile\u00f1a de Aparecida.<\/p>\n<p>Seg\u00fan el SCV, \u00ablos sod\u00e1lites\u00bb filtraron la noticia sobre la decisi\u00f3n del papa que era \u00ababsolutamente de car\u00e1cter reservado\u00bb.<\/p>\n<p>mg (afp, El Comercio)<\/p>\n<div class=\"vjs-wrapper embed big\">\n<h2 aria-label=\"Video integrado \u2014 El papa Francisco pide socorrer a los migrantes\" class=\"headline\"><svg xmlns=\"http:\/\/www.w3.org\/2000\/svg\" viewbox=\"0 0 20 20\"><g fill-rule=\"evenodd\"><path d=\"M14.114 7.599H13.5l.002 4.706h.601l4.582 3.25-.005-11.11zM11.084 4.444l-9.007.002-1.336.797.002 9.514 1.334.793 9.007.006 1.509-.799-.004-9.516z\"\/><\/g><\/svg>El papa Francisco pide socorrer a los migrantes<\/h2>\n<p><video id=\"video-66908191\" controls=\"\" playsinline=\"\" preload=\"none\" poster=\"data:image\/png;base64,iVBORw0KGgoAAAANSUhEUgAAAAEAAAABCAQAAAC1HAwCAAAAC0lEQVR42mNkYAAAAAYAAjCB0C8AAAAASUVORK5CYII=\" data-id=\"66908191\" data-posterurl=\"https:\/\/static.dw.com\/image\/66906483_605.webp\" data-duration=\"01:59\"><source src=\"https:\/\/hlsvod.dw.com\/i\/dwtv_video\/flv\/js\/js20230924_Pope22F_,AVC_480x270,AVC_512x288,AVC_640x360,AVC_960x540,AVC_1280x720,AVC_1920x1080,.mp4.csmil\/master.m3u8\" type=\"application\/x-mpegURL\"><source src=\"https:\/\/tvdownloaddw-a.akamaihd.net\/dwtv_video\/flv\/js\/js20230924_Pope22F_AVC_1920x1080.mp4\" type=\"video\/mp4\"><p class=\"vjs-no-js\">Para ver este video, habilite JavaScript y considere actualizar a un navegador web que admita videos HTML5.<\/p>\n<p><\/source><\/source><\/video><\/div>\n<\/div>\n\n","protected":false},"excerpt":{"rendered":"<p>El papa Francisco disolvi\u00f3 el Sodalicio de Vida Cristiana (SCV), una congregaci\u00f3n ultraconservadora de laicos y sacerdotes de origen peruano implicada en agresiones sexuales a menores, inform\u00f3 este lunes (20.01.2025) la organizaci\u00f3n apost\u00f3lica. En un comunicado, el grupo religioso, que se expandi\u00f3 a pa\u00edses como Argentina, Brasil, Chile, Colombia o Estados Unidos, aludi\u00f3 a la &hellip;<\/p>\n","protected":false},"author":1,"featured_media":11263,"comment_status":"open","ping_status":"open","sticky":false,"template":"","format":"standard","meta":{"fifu_image_url":"https:\/\/static.dw.com\/image\/65935098_6.jpg","fifu_image_alt":"","footnotes":""},"categories":[13],"tags":[],"class_list":["post-11262","post","type-post","status-publish","format-standard","has-post-thumbnail","","category-mundo"],"_links":{"self":[{"href":"https:\/\/noticiasveraces.com\/index.php?rest_route=\/wp\/v2\/posts\/11262","targetHints":{"allow":["GET"]}}],"collection":[{"href":"https:\/\/noticiasveraces.com\/index.php?rest_route=\/wp\/v2\/posts"}],"about":[{"href":"https:\/\/noticiasveraces.com\/index.php?rest_route=\/wp\/v2\/types\/post"}],"author":[{"embeddable":true,"href":"https:\/\/noticiasveraces.com\/index.php?rest_route=\/wp\/v2\/users\/1"}],"replies":[{"embeddable":true,"href":"https:\/\/noticiasveraces.com\/index.php?rest_route=%2Fwp%2Fv2%2Fcomments&post=11262"}],"version-history":[{"count":0,"href":"https:\/\/noticiasveraces.com\/index.php?rest_route=\/wp\/v2\/posts\/11262\/revisions"}],"wp:featuredmedia":[{"embeddable":true,"href":"https:\/\/noticiasveraces.com\/index.php?rest_route=\/wp\/v2\/media\/11263"}],"wp:attachment":[{"href":"https:\/\/noticiasveraces.com\/index.php?rest_route=%2Fwp%2Fv2%2Fmedia&parent=11262"}],"wp:term":[{"taxonomy":"category","embeddable":true,"href":"https:\/\/noticiasveraces.com\/index.php?rest_route=%2Fwp%2Fv2%2Fcategories&post=11262"},{"taxonomy":"post_tag","embeddable":true,"href":"https:\/\/noticiasveraces.com\/index.php?rest_route=%2Fwp%2Fv2%2Ftags&post=11262"}],"curies":[{"name":"wp","href":"https:\/\/api.w.org\/{rel}","templated":true}]}}