{"id":11256,"date":"2025-01-20T19:39:59","date_gmt":"2025-01-20T23:39:59","guid":{"rendered":"https:\/\/noticiasveraces.com\/?p=11256"},"modified":"2025-01-20T19:39:59","modified_gmt":"2025-01-20T23:39:59","slug":"trump-da-por-iniciada-la-edad-de-oro-de-ee-uu-uu-dw-21-01-2025","status":"publish","type":"post","link":"https:\/\/noticiasveraces.com\/?p=11256","title":{"rendered":"Trump da por iniciada \u00abla edad de oro\u00bb de EE.UU. UU. \u2013 DW \u2013 21\/01\/2025"},"content":{"rendered":"<p> \n<\/p>\n<p><span class=\"time-area s1i8qhb9 icns9en i1sf8oqe m1km9ap7 wgx1hx2 b1ho1h07\"><span class=\"publication icns9en i1sf8oqe m1km9ap7 wgx1hx2 b1ho1h07\"><time aria-hidden=\"true\">20\/01\/2025<\/time><span class=\"sr-only s28j2rd\">20 de enero de 2025<\/span><\/span><\/span><\/p>\n<h2 class=\"hr9hvkd h16xqir8 seipclg b1ho1h07\">La UE expresa sus \u00abmejores deseos\u00bb a Trump y espera trabajar \u00abestrechamente\u00bb con \u00e9l<\/h2>\n<\/p>\n<div>\n<p>La Uni\u00f3n Europea manifest\u00f3 su deseo de trabajar \u00abestrechamente\u00bb con el nuevo presidente de Estados Unidos para afrontar los desaf\u00edos globales, lograr mayor prosperidad y fortalecer la seguridad com\u00fan y la asociaci\u00f3n transatl\u00e1ntica entre ambas partes.<\/p>\n<p>Ese fue el mensaje id\u00e9ntico que lanzaron simult\u00e1neamente en sus redes sociales la presidenta de la Comisi\u00f3n Europea, Ursula von der Leyen, y el presidente del Consejo Europeo, Ant\u00f3nio Costa. \u00abMis mejores deseos, se\u00f1or presidente Donald <strong><em>Triunfo<\/em><\/strong>para su mandato como 47\u00ba presidente de los Estados Unidos\u00bb, escribieron Von der Leyen y Costa en sus mensajes.<\/p>\n<h3>Felicitaciones tambi\u00e9n desde la OTAN y otros aliados<\/h3>\n<p>El secretario general de la OTAN, Mark Rutte, felicit\u00f3 tambi\u00e9n a Donald Trump y confi\u00f3 que, con \u00e9l de nuevo en el cargo, \u00abvamos a ponerle el turbo al gasto y la producci\u00f3n en defensa\u00bb. El ex primer ministro neerland\u00e9s expres\u00f3 su \u00abm\u00e1s sincera enhorabuena\u00bb al nuevo presidente estadounidense en un mensaje compartido en redes sociales. \u00abJuntos podemos lograr la paz a trav\u00e9s de la fortaleza, \u00a1a trav\u00e9s de la OTAN!\u00bb, concluy\u00f3 Rutte.<\/p>\n<p>Otros aliados de Estados Unidos, as\u00ed como hab\u00eda hecho antes el presidente de Rusia, Vladimir Putin, felicitaron tambi\u00e9n a Trump. El primer ministro de la India, Narendra Modi, dijo por ejemplo que espera \u00abtrabajar estrechamente juntos una vez m\u00e1s, para beneficiar a nuestros dos pa\u00edses, y para dar forma a un futuro mejor para el mundo\u00bb. El presidente ucraniano, Volodimir Zelenski, felicit\u00f3 a Trump y afirm\u00f3 esperar una \u00abpaz justa\u00bb en Ucrania<\/p>\n<p>El primer ministro de Israel, Benjam\u00edn Netanyahu, asegur\u00f3 que espera trabajar con \u00e9l para lograr \u00abel retorno de los rehenes restantes, destruir las capacidades militares y el mandato pol\u00edtico de Ham\u00e1s en Gaza y asegurarse de que el enclave nunca vuelva a ser una amenaza para Israel\u00bb. \u00abEstoy seguro de que completaremos la derrota del eje terrorista de Ir\u00e1n y marcaremos el comienzo de una nueva era de paz y prosperidad en nuestra regi\u00f3n\u00bb, augur\u00f3.<\/p>\n<p>(efe, afp)<\/p>\n<\/div>\n\n","protected":false},"excerpt":{"rendered":"<p>20\/01\/202520 de enero de 2025 La UE expresa sus \u00abmejores deseos\u00bb a Trump y espera trabajar \u00abestrechamente\u00bb con \u00e9l La Uni\u00f3n Europea manifest\u00f3 su deseo de trabajar \u00abestrechamente\u00bb con el nuevo presidente de Estados Unidos para afrontar los desaf\u00edos globales, lograr mayor prosperidad y fortalecer la seguridad com\u00fan y la asociaci\u00f3n transatl\u00e1ntica entre ambas partes. &hellip;<\/p>\n","protected":false},"author":1,"featured_media":11257,"comment_status":"open","ping_status":"open","sticky":false,"template":"","format":"standard","meta":{"fifu_image_url":"https:\/\/static.dw.com\/image\/71355614_6.jpg","fifu_image_alt":"","footnotes":""},"categories":[13],"tags":[],"class_list":["post-11256","post","type-post","status-publish","format-standard","has-post-thumbnail","","category-mundo"],"_links":{"self":[{"href":"https:\/\/noticiasveraces.com\/index.php?rest_route=\/wp\/v2\/posts\/11256","targetHints":{"allow":["GET"]}}],"collection":[{"href":"https:\/\/noticiasveraces.com\/index.php?rest_route=\/wp\/v2\/posts"}],"about":[{"href":"https:\/\/noticiasveraces.com\/index.php?rest_route=\/wp\/v2\/types\/post"}],"author":[{"embeddable":true,"href":"https:\/\/noticiasveraces.com\/index.php?rest_route=\/wp\/v2\/users\/1"}],"replies":[{"embeddable":true,"href":"https:\/\/noticiasveraces.com\/index.php?rest_route=%2Fwp%2Fv2%2Fcomments&post=11256"}],"version-history":[{"count":0,"href":"https:\/\/noticiasveraces.com\/index.php?rest_route=\/wp\/v2\/posts\/11256\/revisions"}],"wp:featuredmedia":[{"embeddable":true,"href":"https:\/\/noticiasveraces.com\/index.php?rest_route=\/wp\/v2\/media\/11257"}],"wp:attachment":[{"href":"https:\/\/noticiasveraces.com\/index.php?rest_route=%2Fwp%2Fv2%2Fmedia&parent=11256"}],"wp:term":[{"taxonomy":"category","embeddable":true,"href":"https:\/\/noticiasveraces.com\/index.php?rest_route=%2Fwp%2Fv2%2Fcategories&post=11256"},{"taxonomy":"post_tag","embeddable":true,"href":"https:\/\/noticiasveraces.com\/index.php?rest_route=%2Fwp%2Fv2%2Ftags&post=11256"}],"curies":[{"name":"wp","href":"https:\/\/api.w.org\/{rel}","templated":true}]}}