{"id":11251,"date":"2025-01-20T18:12:38","date_gmt":"2025-01-20T22:12:38","guid":{"rendered":"https:\/\/noticiasveraces.com\/?p=11251"},"modified":"2025-01-20T18:12:38","modified_gmt":"2025-01-20T22:12:38","slug":"el-honoris-causa-a-rafa-nadal-de-la-universidad-de-salamanca-aprobado-con-el-34-de-votos-en-contra","status":"publish","type":"post","link":"https:\/\/noticiasveraces.com\/?p=11251","title":{"rendered":"El &#8216;honoris causa&#8217; a Rafa Nadal de la Universidad de Salamanca, aprobado con el 34% de votos en contra"},"content":{"rendered":"<p> \n<\/p>\n<div id=\"intext\">\n<p>El claustro de doctores de la <b>Universidad de Salamanca <\/b>ha aprobado este lunes el doctorado &#8216;honoris causa&#8217; al <b>extenista Rafa Nadal<\/b> con un 34% de votos en contra y cr\u00edticas de algunos sectores, algo inusual en este tipo de votaciones.<\/p>\n<p>Quienes se oponen a dar el &#8216;honoris causa&#8217; a Nadal argumentan que lo admiran como deportista, pero que no hay justificaci\u00f3n acad\u00e9mica para entregarle este reconocimiento y que tampoco tiene una vinculaci\u00f3n especial con la Universidad de Salamanca, seg\u00fan varias fuentes claustrales participantes en la reuni\u00f3n. y citadas por EFE.<\/p>\n<p>Algunos de estos doctores apuntan asimismo que habr\u00eda sido m\u00e1s oportuno concederle la <b>Medalla de la Universidad<\/b>ya que el &#8216;honoris&#8217; se entrega por contribuciones cient\u00edficas o culturales y perfiles m\u00e1s relacionados con lo acad\u00e9mico.<\/p>\n<h2 class=\"title-h2\">117 votos a favor y 91 en contra<\/h2>\n<p>En la misma sesi\u00f3n, el claustro de doctores ha votado casi por unanimidad (<b>263 un favor, 2 en contra, 3 en blanco<\/b>) concederle el &#8216;honoris&#8217; a la microbi\u00f3loga, genetista y bioqu\u00edmica francesa<b> Emmanuelle Charpentier<\/b>mientras que Nadal ha obtenido 117 votos a favor y 91 en contra.<\/p>\n<p>La propuesta institucional de Nadal para el &#8216;honoris&#8217; la aprobar el <b>Consejo de Gobierno de la USAL<\/b> el pasado <b>18 de diciembre <\/b>por \u00absu trayectoria personal y sus logros profesionales que han inspirado a millones de personas en todo el mundo, demostrando que con esfuerzo, dedicaci\u00f3n y talento se pueden alcanzar metas extraordinarias\u00bb, seg\u00fan ha comunicado la instituci\u00f3n acad\u00e9mica.<\/p>\n<blockquote class=\"blockquote \">\n<p class=\"blockquote__quote\">\u00abUn ejemplo en todo el mundo de valores como la disciplina y el trabajo en equipo, la humildad y la sencillez\u00bb<\/p>\n<\/blockquote>\n<p>La candidatura de Nadal la ha defendido en el claustro de doctores el decano de la <b>Facultad de Educaci\u00f3n<\/b>, <b>ricardo canal<\/b>quien ha calificado al extenista como \u00abuno de los mejores deportistas de todos los tiempos\u00bb, aunque ha justificado la propuesta no tanto por sus logros sino deportivos por ser \u00abun ejemplo en todo el mundo de valores como la disciplina y el trabajo en equipo\u00bb. , la humildad y la sencillez, la perseverancia y el esp\u00edritu de superaci\u00f3n y el compromiso con la excelencia\u00bb.<\/p>\n<p>\u00abTodos ellos son valores que cualquiera de nosotros, en la universidad, defendemos y buscamos potenciar en nuestros estudiantes, ya sea para lograr que se conviertan en profesionales o en investigadores que trabajen por una sociedad mejor. Nadal es un gran embajador de nuestro pa\u00eds y , por qu\u00e9 no, puede serlo tambi\u00e9n de nuestra universidad\u00bb, ha a\u00f1adido.<\/p>\n<p><i>S\u00edguenos en nuestro canal de WhatsApp y no te pierdas la \u00faltima hora y toda la actualidad de antena3noticias.com<\/i><\/p>\n<div class=\"recirculation-video\" data-mod=\"a3mod_recirculation_video\">\n<div class=\"recirculation-video-wrapper\">\n<div>\n<div class=\"video-wrapper\">\n  <picture class=\"video-main-picture\"><source media=\"(min-width: 481px)\" srcset=\"https:\/\/fotografias.antena3.com\/clipping\/cmsimages02\/2025\/01\/20\/06A1E203-2BED-4925-87F1-05D7F5732946\/joan-laporta-salida-ciudad-justicia-barcelona_94.jpg?crop=5203,2927,x0,y0&amp;width=800&amp;height=450&amp;optimize=medium&amp;format=webply\" width=\"800\" height=\"450\"><source media=\"(min-width: 391px) and (max-width: 480px)\" srcset=\"https:\/\/fotografias.antena3.com\/clipping\/cmsimages02\/2025\/01\/20\/06A1E203-2BED-4925-87F1-05D7F5732946\/joan-laporta-salida-ciudad-justicia-barcelona_70.jpg?crop=5203,2927,x0,y0&amp;width=480&amp;height=270&amp;optimize=high&amp;format=webply\" width=\"480\" height=\"270\"><source media=\"(min-width: 321px) and (max-width: 390px)\" srcset=\"https:\/\/fotografias.antena3.com\/clipping\/cmsimages02\/2025\/01\/20\/06A1E203-2BED-4925-87F1-05D7F5732946\/joan-laporta-salida-ciudad-justicia-barcelona_92.jpg?crop=5203,2922,x0,y0&amp;width=390&amp;height=219&amp;optimize=high&amp;format=webply\" width=\"390\" height=\"219\"><source media=\"(max-width: 320px)\" srcset=\"https:\/\/fotografias.antena3.com\/clipping\/cmsimages02\/2025\/01\/20\/06A1E203-2BED-4925-87F1-05D7F5732946\/joan-laporta-salida-ciudad-justicia-barcelona_52.jpg?crop=5203,2927,x0,y0&amp;width=320&amp;height=180&amp;optimize=high&amp;format=webply\" width=\"320\" height=\"180\"><img decoding=\"async\" title=\"Joan Laporta, a su salida de la Ciudad de la Justicia de Barcelona\" alt=\"Joan Laporta, a su salida de la Ciudad de la Justicia de Barcelona\" width=\"480\" height=\"270\" src=\"https:\/\/fotografias.antena3.com\/clipping\/cmsimages02\/2025\/01\/20\/06A1E203-2BED-4925-87F1-05D7F5732946\/joan-laporta-salida-ciudad-justicia-barcelona_70.jpg?crop=5203,2927,x0,y0&amp;width=480&amp;height=270&amp;optimize=high&amp;format=webply\" loading=\"lazy\" class=\"lazy\"\/><br \/>\n  <\/source><\/source><\/source><\/source><\/picture>\n <\/div>\n<\/div><\/div>\n<\/p><\/div>\n<\/div>\n\n","protected":false},"excerpt":{"rendered":"<p>El claustro de doctores de la Universidad de Salamanca ha aprobado este lunes el doctorado &#8216;honoris causa&#8217; al extenista Rafa Nadal con un 34% de votos en contra y cr\u00edticas de algunos sectores, algo inusual en este tipo de votaciones. Quienes se oponen a dar el &#8216;honoris causa&#8217; a Nadal argumentan que lo admiran como &hellip;<\/p>\n","protected":false},"author":1,"featured_media":11253,"comment_status":"open","ping_status":"open","sticky":false,"template":"","format":"standard","meta":{"fifu_image_url":"https:\/\/fotografias.antena3.com\/clipping\/cmsimages02\/2025\/01\/20\/A6320FA9-1603-4FC3-B961-AF7A6950ED41\/nadal-cuando-fue-investido-doctor-honoris-causa-universidad-europea-2015_69.jpg?crop=2792,1571,x0,y0&width=1280&height=720&optimize=low&format=jpg","fifu_image_alt":"","footnotes":""},"categories":[6],"tags":[],"class_list":["post-11251","post","type-post","status-publish","format-standard","has-post-thumbnail","","category-deportes"],"_links":{"self":[{"href":"https:\/\/noticiasveraces.com\/index.php?rest_route=\/wp\/v2\/posts\/11251","targetHints":{"allow":["GET"]}}],"collection":[{"href":"https:\/\/noticiasveraces.com\/index.php?rest_route=\/wp\/v2\/posts"}],"about":[{"href":"https:\/\/noticiasveraces.com\/index.php?rest_route=\/wp\/v2\/types\/post"}],"author":[{"embeddable":true,"href":"https:\/\/noticiasveraces.com\/index.php?rest_route=\/wp\/v2\/users\/1"}],"replies":[{"embeddable":true,"href":"https:\/\/noticiasveraces.com\/index.php?rest_route=%2Fwp%2Fv2%2Fcomments&post=11251"}],"version-history":[{"count":0,"href":"https:\/\/noticiasveraces.com\/index.php?rest_route=\/wp\/v2\/posts\/11251\/revisions"}],"wp:featuredmedia":[{"embeddable":true,"href":"https:\/\/noticiasveraces.com\/index.php?rest_route=\/wp\/v2\/media\/11253"}],"wp:attachment":[{"href":"https:\/\/noticiasveraces.com\/index.php?rest_route=%2Fwp%2Fv2%2Fmedia&parent=11251"}],"wp:term":[{"taxonomy":"category","embeddable":true,"href":"https:\/\/noticiasveraces.com\/index.php?rest_route=%2Fwp%2Fv2%2Fcategories&post=11251"},{"taxonomy":"post_tag","embeddable":true,"href":"https:\/\/noticiasveraces.com\/index.php?rest_route=%2Fwp%2Fv2%2Ftags&post=11251"}],"curies":[{"name":"wp","href":"https:\/\/api.w.org\/{rel}","templated":true}]}}