{"id":11242,"date":"2025-01-20T16:35:49","date_gmt":"2025-01-20T20:35:49","guid":{"rendered":"https:\/\/noticiasveraces.com\/?p=11242"},"modified":"2025-01-20T16:35:49","modified_gmt":"2025-01-20T20:35:49","slug":"los-jovenes-se-hacen-oir-entre-los-ricos-y-poderosos-dw-20-01-2025","status":"publish","type":"post","link":"https:\/\/noticiasveraces.com\/?p=11242","title":{"rendered":"los j\u00f3venes se hacen o\u00edr entre los ricos y poderosos \u2013 DW \u2013 20\/01\/2025"},"content":{"rendered":"<p> \n<\/p>\n<div>\n<p>La manifestaci\u00f3n es peque\u00f1a pero ruidosa. Cientos de j\u00f3venes se re\u00fanen en la c\u00e9ntrica plaza Postplatz de Davos, en Suiza, por donde circulan limusinas oscuras.<\/p>\n<p>El lugar se encuentra a una altitud que la mayor\u00eda de las veces aprovechan los esquiadores, pero el lugar tiene hoy un aspecto diferente. Las panader\u00edas, los caf\u00e9s y las tiendas son sede de bancos, empresas o pa\u00edses por unos d\u00edas. El pub es ahora la \u00abCasa Belga\u00bb. Los muebles viejos han sido retirados y ahora hay elegantes muebles de dise\u00f1o y grandes carteles publicitarios.<\/p>\n<p>\u00abComan a los ricos\u00bb e \u00abImpuestos a los ricos\u00bb son los c\u00e1nticos de los manifestantes, algunos de los cuales han bloqueado la calle.<\/p>\n<p>Su protesta est\u00e1 dirigida contra los participantes del Foro Econ\u00f3mico Mundial. Seg\u00fan ellos, la reuni\u00f3n es una p\u00e9rdida de dinero y tiempo. \u00abNos manifestamos contra la cumbre en Davos de los grupos de presi\u00f3n ricos y poderosos. Est\u00e1 claro que ellos son los responsables de las crisis de nuestro tiempo\u00bb, afirma Mirjam Hostetmann, de las Juventudes Socialistas Suizas, que coorganizan la manifestaci\u00f3n bajo el lema \u00bb Huelga contra el FEM\u00bb.<\/p>\n<h2>Mensaje claro en el FEM<\/h2>\n<p>In\u00e9s Y\u00e1bar tiene una visi\u00f3n ligeramente diferente del evento. La joven peruana ha sido invitada al Foro Econ\u00f3mico Mundial de este a\u00f1o. En Lima, trabaja para proteger el medio ambiente, aborda problemas sociales y es \u00abglobal shaper\u00bb (N. de la R.: <em>Modeladores globales<\/em> es una red de j\u00f3venes que el Foro Econ\u00f3mico Mundial ha elegido para que contribuyan a la mejora de los entornos en los que viven).<\/p>\n<p>Aunque esta red global de j\u00f3venes comprometidos de entre 20 y 30 a\u00f1os est\u00e1 asesorada por el FEM, se organiza de forma independiente. En Davos, la peruana quiere debatir con los poderosos. Quiere construir puentes, pero tambi\u00e9n hablar claro.<\/p>\n<p>Y asegura entender que haya manifestaciones en la calle: \u00abCreo que eso demuestra que a los j\u00f3venes les importan las cosas. Y protestaremos, porque tenemos que alzar la voz por las cosas que nos apasionan. Tambi\u00e9n estamos representados en espacios donde podemos hablar de manera reflexiva con la gente, tomar decisiones que afecten nuestro futuro\u00bb.<\/p>\n<p><span data-slot-id=\"Article_InContent-1\" class=\"rich-text-ad\"\/><\/p>\n<h2>No puede continuar as\u00ed<\/h2>\n<p>50 \u201cglobal shars\u201d de todo el mundo participan en los debates en Davos. Los temas versan sobre justicia social, cambio clim\u00e1tico, inteligencia artificial y muchas otras cuestiones. Su presencia all\u00ed es una oportunidad. Muchos j\u00f3venes est\u00e1n insatisfechos. \u00abEsto no puede continuar as\u00ed\u00bb, dice Olajumoke Adekeye.<\/p>\n<p>La nigeriana est\u00e1 indignada, porque s\u00f3lo el 2,8 por ciento de los parlamentarios del mundo tienen menos de 30 a\u00f1os. En el \u00c1frica subsahariana, una gran parte de la poblaci\u00f3n tiene menos de 25 a\u00f1os, dice, pero cuando se trata de decisiones que afectan a su futuro, no se les escucha. Ella est\u00e1 aqu\u00ed para cambiar eso.<\/p>\n<p>Probablemente, no dormir\u00e1 mucho en los pr\u00f3ximos d\u00edas porque su agenda est\u00e1 llena. \u00bfQu\u00e9 tiene planeando? \u00abDar ideas sobre c\u00f3mo alentar y empoderar a los j\u00f3venes para que puedan asumir mayores responsabilidades. Juntos, los j\u00f3venes de aqu\u00ed y de all\u00e1 pueden enviar el mensaje contundente de que el cambio es posible\u00bb.<\/p>\n<figure class=\"placeholder-image master_landscape big\"><img data-format=\"MASTER_LANDSCAPE\" data-id=\"71326358\" data-url=\"https:\/\/static.dw.com\/image\/71326358_${formatId}.jpg\" data-aspect-ratio=\"16\/9\" alt=\"In\u00e9s Yabar con un micr\u00f3fono en mano.\" style=\"padding-bottom: 56.25%; height: 0; max-height: 0;\"\/><figcaption class=\"img-caption\">Las protestas demuestran, seg\u00fan In\u00e9s Y\u00e1bar, \u00abque a los j\u00f3venes les importan las cosas\u00bb.<small class=\"copyright\">Imagen: CEEW India<\/small><\/figcaption><\/figure>\n<h2>\u00a1Asumir la responsabilidad social!<\/h2>\n<p>Akshay Saxena tambi\u00e9n cree en el poder de los j\u00f3venes. Quiere un cambio: \u00abMuchas decisiones que afectan a la mayor\u00eda las toman s\u00f3lo grupos muy peque\u00f1os\u00bb. El indio apoya a los j\u00f3venes talentos con su organizaci\u00f3n Avanti Fellows. La atenci\u00f3n se centra en ni\u00f1os de familias pobres, con escaso acceso al sistema educativo. \u00abHay tantos ni\u00f1os inteligentes, personas extraordinarias, cuyos hechos a menudo se desperdician\u00bb, destaca.<\/p>\n<p>Saxena fue nombrado Emprendedor Social del A\u00f1o en el Foro Econ\u00f3mico Mundial. \u00abPara que el capitalismo funcione, los que tienen mucho tambi\u00e9n deben repartir su riqueza. Esa es su responsabilidad social\u00bb, afirma.<\/p>\n<p>Alrededor de 70.000 j\u00f3venes indios participan en los cursos en l\u00ednea de Avanti Fellows sobre temas de matem\u00e1ticas, tecnolog\u00eda y ciencias. Otros reciben apoyo espec\u00edfico en las escuelas a trav\u00e9s de los programas de la organizaci\u00f3n.<\/p>\n<p>Akshay Saxena habla con orgullo sobre los participantes que, despu\u00e9s de recibir la financiaci\u00f3n, se graduaron en el reconocido Instituto de Tecnolog\u00eda de Massachusetts (MIT) de EE.UU. UU. \u00abMi enfoque est\u00e1 orientado a los resultados\u00bb, dice. <\/p>\n<p>(rmr\/ms)<\/p>\n<\/p>\n<\/div>\n\n","protected":false},"excerpt":{"rendered":"<p>La manifestaci\u00f3n es peque\u00f1a pero ruidosa. Cientos de j\u00f3venes se re\u00fanen en la c\u00e9ntrica plaza Postplatz de Davos, en Suiza, por donde circulan limusinas oscuras. El lugar se encuentra a una altitud que la mayor\u00eda de las veces aprovechan los esquiadores, pero el lugar tiene hoy un aspecto diferente. Las panader\u00edas, los caf\u00e9s y las &hellip;<\/p>\n","protected":false},"author":1,"featured_media":11243,"comment_status":"open","ping_status":"open","sticky":false,"template":"","format":"standard","meta":{"fifu_image_url":"https:\/\/static.dw.com\/image\/71350535_6.jpg","fifu_image_alt":"","footnotes":""},"categories":[13],"tags":[],"class_list":["post-11242","post","type-post","status-publish","format-standard","has-post-thumbnail","","category-mundo"],"_links":{"self":[{"href":"https:\/\/noticiasveraces.com\/index.php?rest_route=\/wp\/v2\/posts\/11242","targetHints":{"allow":["GET"]}}],"collection":[{"href":"https:\/\/noticiasveraces.com\/index.php?rest_route=\/wp\/v2\/posts"}],"about":[{"href":"https:\/\/noticiasveraces.com\/index.php?rest_route=\/wp\/v2\/types\/post"}],"author":[{"embeddable":true,"href":"https:\/\/noticiasveraces.com\/index.php?rest_route=\/wp\/v2\/users\/1"}],"replies":[{"embeddable":true,"href":"https:\/\/noticiasveraces.com\/index.php?rest_route=%2Fwp%2Fv2%2Fcomments&post=11242"}],"version-history":[{"count":0,"href":"https:\/\/noticiasveraces.com\/index.php?rest_route=\/wp\/v2\/posts\/11242\/revisions"}],"wp:featuredmedia":[{"embeddable":true,"href":"https:\/\/noticiasveraces.com\/index.php?rest_route=\/wp\/v2\/media\/11243"}],"wp:attachment":[{"href":"https:\/\/noticiasveraces.com\/index.php?rest_route=%2Fwp%2Fv2%2Fmedia&parent=11242"}],"wp:term":[{"taxonomy":"category","embeddable":true,"href":"https:\/\/noticiasveraces.com\/index.php?rest_route=%2Fwp%2Fv2%2Fcategories&post=11242"},{"taxonomy":"post_tag","embeddable":true,"href":"https:\/\/noticiasveraces.com\/index.php?rest_route=%2Fwp%2Fv2%2Ftags&post=11242"}],"curies":[{"name":"wp","href":"https:\/\/api.w.org\/{rel}","templated":true}]}}