{"id":11214,"date":"2025-01-20T12:00:47","date_gmt":"2025-01-20T16:00:47","guid":{"rendered":"https:\/\/noticiasveraces.com\/?p=11214"},"modified":"2025-01-20T12:00:47","modified_gmt":"2025-01-20T16:00:47","slug":"el-gobierno-lanza-alia-el-modelo-espanol-de-ia-tecnologia","status":"publish","type":"post","link":"https:\/\/noticiasveraces.com\/?p=11214","title":{"rendered":"El Gobierno lanza Alia, el modelo espa\u00f1ol de IA | Tecnolog\u00eda"},"content":{"rendered":"<p> \n<\/p>\n<div data-dtm-region=\"articulo_cuerpo\">\n<p class=\"\">\u201cDesde hace unos minutos, acabamos de publicar los primeros modelos de Alia, el modelo fundacional de inteligencia artificial (IA) en espa\u00f1ol\u201d. As\u00ed lo ha anunciado esta ma\u00f1ana en Madrid el presidente del Gobierno, Pedro S\u00e1nchez, durante el acto de clausura del acto <i>HispanIA 2040: c\u00f3mo la inteligencia artificial mejorar\u00e1 nuestro futuro<\/i>. \u201cSe trata de modelos de IA p\u00fablicos y abiertos\u201d, ha subrayado S\u00e1nchez. Se puede empezar a usar en la web Alia.gob.es.<\/p>\n<p class=\"\">El lanzamiento de un gran modelo de lenguaje en espa\u00f1ol, Alia, entrenado tambi\u00e9n en catal\u00e1n, gallego, valenciano y vasco, es uno de los proyectos estrella en los que ven\u00eda trabajando el Ejecutivo en materia de IA. Los grandes modelos m\u00e1s conocidos, como los usados \u200b\u200bpor ChatGPT, Gemini o Copilot, han sido entrenados en ingl\u00e9s, por lo que pueden presentar ciertas lagunas al presentar resultados a los usuarios. El objetivo de Alia es precisamente atacar estas carencias: que el modelo conozca las frases hechas y todo el contexto posible de Espa\u00f1a.<\/p>\n<p class=\"\">Al presentarse como herramienta de c\u00f3digo abierto, las empresas que as\u00ed lo quieran pueden tomarlo como punto de partida para desarrollar sus propios modelos. S\u00e1nchez ha avanzado tambi\u00e9n que el Gobierno est\u00e1 trabajando en dos primeras pruebas piloto: un chatbot interno para la Agencia Tributaria que contribuya a agilizar las gestiones y una aplicaci\u00f3n para mejorar el diagn\u00f3stico precoz de las insuficiencias card\u00edacas en la Atenci\u00f3n Primaria.<\/p>\n<p class=\"\">Los planos del Gobierno para Alia quedaron reflejados en la Estrategia de Inteligencia Artificial 2024, el documento que ordena las actuaciones en este \u00e1mbito para 2024 y 2025 y que se present\u00f3 el a\u00f1o pasado. La estrategia le dedica 10 millones de euros al modelo y prev\u00e9 ampliar el corpus ling\u00fc\u00edstico del que se nutrir\u00e1, alcanzando un m\u00ednimo de cuatro billones de palabras. Se est\u00e1 alimentando con todo tipo de documentos oficiales, desde diarios de sesiones del Congreso de los Diputados hasta repositorios de revistas cient\u00edficas en espa\u00f1ol. El predecesor de L\u00f3pez al frente de Transformaci\u00f3n Digital, Jos\u00e9 Luis Escriv\u00e1, dijo sobre Alia en una entrevista en EL PA\u00cdS que \u201cabrir\u00e1 las puertas a una nueva generaci\u00f3n de productos tecnol\u00f3gicos enriquecidos con el vasto patrimonio ling\u00fc\u00edstico del castellano y las lenguas cooficiales de Espa\u00f1a\u201d .<\/p>\n<p class=\"\">El Ministerio de Transformaci\u00f3n Digital contempla el desarrollo de modelos de hasta 175.000 millones de par\u00e1metros, los mismos que utiliz\u00f3 la primera versi\u00f3n de ChatGPT. El equipo liderado por L\u00f3pez ha trabajado con el Ministerio de Cultura para encontrar la f\u00f3rmula que garantice la protecci\u00f3n de los derechos de autor de los textos usados \u200b\u200ben este sistema. El objetivo es que el modelo fundamental sea transparente y abierto, caracter\u00edsticas que no comparte, por ejemplo, ChatGPT.<\/p>\n<figure class=\"a_m a_m-h \"><span class=\"_db a_m_w _pr lb_btn\"><img alt=\"El presidente del Gobierno, Pedro S\u00e1nchez, durante el acto 'HispanIA 2040: c\u00f3mo la inteligencia artificial mejorar\u00e1 nuestro futuro' celebrado en Madrid en la Fundaci\u00f3n Ram\u00f3n Areces.\" decoding=\"auto\" class=\"_re lazyload a_m-h\" height=\"303\" srcset=\"https:\/\/imagenes.elpais.com\/resizer\/v2\/LM3QEEISXFHMZKYGT2HMJYTADE.jpg?auth=c7d6e2989afa45251e9f8e364ebc59a0e8e107f06678bd5d824c777d94437fee&amp;width=414 414w,https:\/\/imagenes.elpais.com\/resizer\/v2\/LM3QEEISXFHMZKYGT2HMJYTADE.jpg?auth=c7d6e2989afa45251e9f8e364ebc59a0e8e107f06678bd5d824c777d94437fee&amp;width=828 640w,https:\/\/imagenes.elpais.com\/resizer\/v2\/LM3QEEISXFHMZKYGT2HMJYTADE.jpg?auth=c7d6e2989afa45251e9f8e364ebc59a0e8e107f06678bd5d824c777d94437fee&amp;width=980 1000w,https:\/\/imagenes.elpais.com\/resizer\/v2\/LM3QEEISXFHMZKYGT2HMJYTADE.jpg?auth=c7d6e2989afa45251e9f8e364ebc59a0e8e107f06678bd5d824c777d94437fee&amp;width=1960 1960w\" width=\"414\" sizes=\"auto, (min-width:1199px) 1155px,(min-width:1001px) calc(100vw - 44px),(min-width:768px) 767px, 100vw\" src=\"https:\/\/imagenes.elpais.com\/resizer\/v2\/LM3QEEISXFHMZKYGT2HMJYTADE.jpg?auth=c7d6e2989afa45251e9f8e364ebc59a0e8e107f06678bd5d824c777d94437fee&amp;width=414\" loading=\"lazy\"\/><svg class=\"icon_multimedia_ampliar | _pa a_m_i a_m_i-a _dn\" viewbox=\"0 0 40 40\"><use xlink:href=\"#svg-ampliar\"\/><\/svg><\/span><figcaption class=\"a_m_p\"><span>El presidente del Gobierno, Pedro S\u00e1nchez, durante el acto &#8216;HispanIA 2040: c\u00f3mo la inteligencia artificial mejorar\u00e1 nuestro futuro&#8217; celebrado en Madrid en la Fundaci\u00f3n Ram\u00f3n Areces.<\/span><span class=\"a_m_m\">Eduardo Parra &#8211; Europa Press (Europa Press)<\/span><\/figcaption><\/figure>\n<p class=\"\">La Estrategia de Inteligencia Artificial 2024 est\u00e1 dotada de 1.500 millones de euros, procedentes principalmente del plan de recuperaci\u00f3n y de la Adenda, contempla varias actuaciones clave, a los que se suman otros 600 ya desplegados en virtud de la Estrategia Nacional de Inteligencia Artificial (ENIA). ) de 2020. A esa cantidad, S\u00e1nchez ha anunciado que se suman otros 150 para promover la IA entre las empresas, 20 de ellos dirigidos espec\u00edficamente a las pymes.<\/p>\n<p class=\"\">El acto <i>HispanIA 2040<\/i> ha servido para presentar un trabajo prospectivo encargado por el Gobierno a un grupo de expertos compuesto por acad\u00e9micos y empresarios con el objetivo de trazar un mapa con el que orientarnos ante los retos que supondr\u00e1 la IA para la sociedad. \u201cLa IA puede ser una herramienta decisiva para el progreso social\u201d, destac\u00f3 S\u00e1nchez.<\/p>\n<p class=\"\">Seg\u00fan ha destacado el presidente del Gobierno, el documento sostiene que la IA puede ayudar a la econom\u00eda espa\u00f1ola a ser m\u00e1s eficiente, puede contribuir a optimizar la prestaci\u00f3n de servicios p\u00fablicos, a mejorar la sostenibilidad, a reforzar la seguridad ya \u201ccombatir la desigualdad de oportunidades e ingresos\u201d.<\/p>\n<h3 class=\"\">La Estrategia Nacional de Inteligencia Artificial (ENIA)<\/h3>\n<p class=\"\">Adem\u00e1s del desarrollo de Alia, la ENIA contempla la inversi\u00f3n de 90 millones de euros para actualizar el MareNostrum 5 del Barcelona Supercomputing Center (BSC), el supercomputador con mayor capacidad de almacenamiento de datos de Europa y el tercero en rendimiento m\u00e1ximo (los otros dos est\u00e1n en Finlandia e Italia). Esta fue infraestructura elegida en diciembre por la Comisi\u00f3n Europea como <u>una de las siete f\u00e1bricas de IA de la UE<\/u>.<\/p>\n<p class=\"\">El fomento del talento en el \u00e1mbito de la IA es otro de los puntos que ataca la estrategia. El Gobierno destinar\u00e1 760 millones a becas en IA, en el desarrollo de proyectos espec\u00edficos de formaci\u00f3n en torno a esta tecnolog\u00eda, en crear nuevas especialidades para FP y en la formaci\u00f3n del personal de la Administraci\u00f3n.<\/p>\n<p class=\"\">La jornada <i>HispanIA 2040<\/i>ha contado con una nutrida representaci\u00f3n institucional: fue inaugurada por el ministro para la Transformaci\u00f3n Digital y de la Funci\u00f3n P\u00fablica, \u00d3scar L\u00f3pez, y han asistido a la vicepresidenta tercera y ministra de Transici\u00f3n Ecol\u00f3gica y Reto Demogr\u00e1fico, Sara Aagesen; el ministro del Interior, Fernando Grande-Marlaska; el ministro de Transportes y Movilidad Sostenible, \u00d3scar Puente; y el ministro de Agricultura, Pesca y Alimentaci\u00f3n, Luis Planas.<\/p>\n<\/div>\n\n","protected":false},"excerpt":{"rendered":"<p>\u201cDesde hace unos minutos, acabamos de publicar los primeros modelos de Alia, el modelo fundacional de inteligencia artificial (IA) en espa\u00f1ol\u201d. As\u00ed lo ha anunciado esta ma\u00f1ana en Madrid el presidente del Gobierno, Pedro S\u00e1nchez, durante el acto de clausura del acto HispanIA 2040: c\u00f3mo la inteligencia artificial mejorar\u00e1 nuestro futuro. \u201cSe trata de modelos &hellip;<\/p>\n","protected":false},"author":1,"featured_media":11215,"comment_status":"open","ping_status":"open","sticky":false,"template":"","format":"standard","meta":{"fifu_image_url":"https:\/\/imagenes.elpais.com\/resizer\/v2\/GIAMVGYOSBFULH5XSN5ZDP3PKQ.jpg?auth=954367d1b4c6ad41aee044adbb63cb25736fef9665125e18250f9d1bf30881b0&width=1200","fifu_image_alt":"","footnotes":""},"categories":[2],"tags":[],"class_list":["post-11214","post","type-post","status-publish","format-standard","has-post-thumbnail","","category-tecnologia"],"_links":{"self":[{"href":"https:\/\/noticiasveraces.com\/index.php?rest_route=\/wp\/v2\/posts\/11214","targetHints":{"allow":["GET"]}}],"collection":[{"href":"https:\/\/noticiasveraces.com\/index.php?rest_route=\/wp\/v2\/posts"}],"about":[{"href":"https:\/\/noticiasveraces.com\/index.php?rest_route=\/wp\/v2\/types\/post"}],"author":[{"embeddable":true,"href":"https:\/\/noticiasveraces.com\/index.php?rest_route=\/wp\/v2\/users\/1"}],"replies":[{"embeddable":true,"href":"https:\/\/noticiasveraces.com\/index.php?rest_route=%2Fwp%2Fv2%2Fcomments&post=11214"}],"version-history":[{"count":0,"href":"https:\/\/noticiasveraces.com\/index.php?rest_route=\/wp\/v2\/posts\/11214\/revisions"}],"wp:featuredmedia":[{"embeddable":true,"href":"https:\/\/noticiasveraces.com\/index.php?rest_route=\/wp\/v2\/media\/11215"}],"wp:attachment":[{"href":"https:\/\/noticiasveraces.com\/index.php?rest_route=%2Fwp%2Fv2%2Fmedia&parent=11214"}],"wp:term":[{"taxonomy":"category","embeddable":true,"href":"https:\/\/noticiasveraces.com\/index.php?rest_route=%2Fwp%2Fv2%2Fcategories&post=11214"},{"taxonomy":"post_tag","embeddable":true,"href":"https:\/\/noticiasveraces.com\/index.php?rest_route=%2Fwp%2Fv2%2Ftags&post=11214"}],"curies":[{"name":"wp","href":"https:\/\/api.w.org\/{rel}","templated":true}]}}