{"id":11162,"date":"2025-01-20T00:45:41","date_gmt":"2025-01-20T04:45:41","guid":{"rendered":"https:\/\/noticiasveraces.com\/?p=11162"},"modified":"2025-01-20T00:45:41","modified_gmt":"2025-01-20T04:45:41","slug":"colombia-al-menos-80-muertos-y-millas-de-desplazados-en-un-nuevo-episodio-de-terror-en-el-catatumbo","status":"publish","type":"post","link":"https:\/\/noticiasveraces.com\/?p=11162","title":{"rendered":"Colombia: al menos 80 muertos y millas de desplazados en un nuevo episodio de terror en el Catatumbo"},"content":{"rendered":"<p> \n<br \/><img decoding=\"async\" src=\"https:\/\/s.france24.com\/media\/display\/1c392fbe-d613-11ef-95ec-005056a97e36\/w:1024\/p:16x9\/587e82448b585c59334fc947ac315ea55615b10bw.jpg\" \/><br \/>La regi\u00f3n del Catatumbo, ubicada en el noreste de Colombia y fronteriza con Venezuela, no es ajena al conflicto armado y, pese al acuerdo de paz de 2016, vive bajo constante temor y asedio. En los \u00faltimos d\u00edas, la violencia se volvi\u00f3 a estallar entre el grupo guerrillero ELN y disidentes de la extinta guerrilla de las FARC. Los combates dejan ya m\u00e1s de 80 muertos y millas de desplazados.<br \/>\n<br \/>\n","protected":false},"excerpt":{"rendered":"<p>La regi\u00f3n del Catatumbo, ubicada en el noreste de Colombia y fronteriza con Venezuela, no es ajena al conflicto armado y, pese al acuerdo de paz de 2016, vive bajo constante temor y asedio. En los \u00faltimos d\u00edas, la violencia se volvi\u00f3 a estallar entre el grupo guerrillero ELN y disidentes de la extinta guerrilla &hellip;<\/p>\n","protected":false},"author":1,"featured_media":11164,"comment_status":"open","ping_status":"open","sticky":false,"template":"","format":"standard","meta":{"fifu_image_url":"https:\/\/s.france24.com\/media\/display\/1c392fbe-d613-11ef-95ec-005056a97e36\/w:1024\/p:16x9\/587e82448b585c59334fc947ac315ea55615b10bw.jpg","fifu_image_alt":"","footnotes":""},"categories":[13],"tags":[],"class_list":["post-11162","post","type-post","status-publish","format-standard","has-post-thumbnail","","category-mundo"],"_links":{"self":[{"href":"https:\/\/noticiasveraces.com\/index.php?rest_route=\/wp\/v2\/posts\/11162","targetHints":{"allow":["GET"]}}],"collection":[{"href":"https:\/\/noticiasveraces.com\/index.php?rest_route=\/wp\/v2\/posts"}],"about":[{"href":"https:\/\/noticiasveraces.com\/index.php?rest_route=\/wp\/v2\/types\/post"}],"author":[{"embeddable":true,"href":"https:\/\/noticiasveraces.com\/index.php?rest_route=\/wp\/v2\/users\/1"}],"replies":[{"embeddable":true,"href":"https:\/\/noticiasveraces.com\/index.php?rest_route=%2Fwp%2Fv2%2Fcomments&post=11162"}],"version-history":[{"count":0,"href":"https:\/\/noticiasveraces.com\/index.php?rest_route=\/wp\/v2\/posts\/11162\/revisions"}],"wp:featuredmedia":[{"embeddable":true,"href":"https:\/\/noticiasveraces.com\/index.php?rest_route=\/wp\/v2\/media\/11164"}],"wp:attachment":[{"href":"https:\/\/noticiasveraces.com\/index.php?rest_route=%2Fwp%2Fv2%2Fmedia&parent=11162"}],"wp:term":[{"taxonomy":"category","embeddable":true,"href":"https:\/\/noticiasveraces.com\/index.php?rest_route=%2Fwp%2Fv2%2Fcategories&post=11162"},{"taxonomy":"post_tag","embeddable":true,"href":"https:\/\/noticiasveraces.com\/index.php?rest_route=%2Fwp%2Fv2%2Ftags&post=11162"}],"curies":[{"name":"wp","href":"https:\/\/api.w.org\/{rel}","templated":true}]}}