{"id":11126,"date":"2025-01-19T17:45:15","date_gmt":"2025-01-19T21:45:15","guid":{"rendered":"https:\/\/noticiasveraces.com\/?p=11126"},"modified":"2025-01-19T17:45:15","modified_gmt":"2025-01-19T21:45:15","slug":"un-estado-palestino-puede-coexistir-con-israel-dw-19-01-2025","status":"publish","type":"post","link":"https:\/\/noticiasveraces.com\/?p=11126","title":{"rendered":"\u00abun Estado palestino\u00bb puede \u00abcoexistir\u00bb con Israel \u2013 DW \u2013 19\/01\/2025"},"content":{"rendered":"<p> \n<\/p>\n<div>\n<p>El canciller alem\u00e1n Olaf Scholz llam\u00f3 este domingo (19.01.2025) a comprometerse a favor de \u00abun Estado palestino\u00bb que coexista en paz con el Estado de Israel, despu\u00e9s del inicio del alto al fuego alcanzado entre Israel y el grupo terrorista palestino Ham\u00e1s.<\/p>\n<p>\u00abFinalmente se callaron las armas. Finalmente rehenes israel\u00edes son liberados. Pero ahora debe llegar r\u00e1pidamente m\u00e1s ayuda humanitaria a Gaza\u00bb, expres\u00f3 en la red social X.<\/p>\n<p>\u00abAhora deber\u00edamos aprovechar este impulso para comprometernos a que un Estado palestino pueda coexistir pac\u00edficamente con el Estado de Israel\u00bb, agreg\u00f3.<\/p>\n<blockquote class=\"tweet embed\" data-id=\"1880988913453473987\"\/>\n<p>La poblaci\u00f3n civil palestina \u00abha sufrido mucho\u00bb en Gaza y su destino \u00abtambi\u00e9n nos concierne a nosotros\u00bb, escribi\u00f3 el l\u00edder alem\u00e1n.<\/p>\n<p>Despu\u00e9s de 15 meses de conflicto en el enclave palestino, un acuerdo de alto al fuego entre Israel y Ham\u00e1s entr\u00f3 en vigor con casi tres horas de retraso, a las 09:15 am de este domingo.<\/p>\n<p>rr (afp\/dpa)<\/p>\n<\/div>\n\n","protected":false},"excerpt":{"rendered":"<p>El canciller alem\u00e1n Olaf Scholz llam\u00f3 este domingo (19.01.2025) a comprometerse a favor de \u00abun Estado palestino\u00bb que coexista en paz con el Estado de Israel, despu\u00e9s del inicio del alto al fuego alcanzado entre Israel y el grupo terrorista palestino Ham\u00e1s. \u00abFinalmente se callaron las armas. Finalmente rehenes israel\u00edes son liberados. Pero ahora debe &hellip;<\/p>\n","protected":false},"author":1,"featured_media":11127,"comment_status":"open","ping_status":"open","sticky":false,"template":"","format":"standard","meta":{"fifu_image_url":"https:\/\/static.dw.com\/image\/71272684_6.jpg","fifu_image_alt":"","footnotes":""},"categories":[13],"tags":[],"class_list":["post-11126","post","type-post","status-publish","format-standard","has-post-thumbnail","","category-mundo"],"_links":{"self":[{"href":"https:\/\/noticiasveraces.com\/index.php?rest_route=\/wp\/v2\/posts\/11126","targetHints":{"allow":["GET"]}}],"collection":[{"href":"https:\/\/noticiasveraces.com\/index.php?rest_route=\/wp\/v2\/posts"}],"about":[{"href":"https:\/\/noticiasveraces.com\/index.php?rest_route=\/wp\/v2\/types\/post"}],"author":[{"embeddable":true,"href":"https:\/\/noticiasveraces.com\/index.php?rest_route=\/wp\/v2\/users\/1"}],"replies":[{"embeddable":true,"href":"https:\/\/noticiasveraces.com\/index.php?rest_route=%2Fwp%2Fv2%2Fcomments&post=11126"}],"version-history":[{"count":0,"href":"https:\/\/noticiasveraces.com\/index.php?rest_route=\/wp\/v2\/posts\/11126\/revisions"}],"wp:featuredmedia":[{"embeddable":true,"href":"https:\/\/noticiasveraces.com\/index.php?rest_route=\/wp\/v2\/media\/11127"}],"wp:attachment":[{"href":"https:\/\/noticiasveraces.com\/index.php?rest_route=%2Fwp%2Fv2%2Fmedia&parent=11126"}],"wp:term":[{"taxonomy":"category","embeddable":true,"href":"https:\/\/noticiasveraces.com\/index.php?rest_route=%2Fwp%2Fv2%2Fcategories&post=11126"},{"taxonomy":"post_tag","embeddable":true,"href":"https:\/\/noticiasveraces.com\/index.php?rest_route=%2Fwp%2Fv2%2Ftags&post=11126"}],"curies":[{"name":"wp","href":"https:\/\/api.w.org\/{rel}","templated":true}]}}