{"id":11123,"date":"2025-01-19T17:35:11","date_gmt":"2025-01-19T21:35:11","guid":{"rendered":"https:\/\/noticiasveraces.com\/?p=11123"},"modified":"2025-01-19T17:35:11","modified_gmt":"2025-01-19T21:35:11","slug":"sus-palabras-no-ha-superado-las-dos-finales-de-champions","status":"publish","type":"post","link":"https:\/\/noticiasveraces.com\/?p=11123","title":{"rendered":"\u00ab\u00bfSus palabras? No ha superado las dos finales de Champions\u00bb"},"content":{"rendered":"<p> \n<\/p>\n<div id=\"intext\">\n<p>Dani <b>Ceballos <\/b>Tambi\u00e9n ha querido responder a las declaraciones de Simeone sobre el Real Madrid y unas presuntas ayudas arbitrales tras el duelo copero ante el Celta: \u00ab<b>Lleva pasando desde hace 100 a\u00f1os.<\/b>no s\u00e9 qu\u00e9 les sorprende\u00bb, dijo el argentino el pasado viernes.<\/p>\n<h2 class=\"title-h2\">\u00abTodav\u00eda no ha superado las dos finales de Champions que perdi\u00f3\u00bb<\/h2>\n<p>Unas palabras que ni mucho menos sentaron bien en la parroquia blanca y que el propio jugador andaluz ha querido responder este domingo en zona mixta: \u00abYo creo que<b> a\u00fan no ha superado las dos finales de Champions <\/b>que perdi\u00f3 ante el Real Madrid. Ellos tienen sus opiniones y nosotros tenemos que seguir trabajando. Seguir en la misma l\u00ednea, que es ganando\u00bb, dijo el ex del Betis, que fue uno de los mejores futbolistas del Real Madrid-Las Palmas en el que los blancos golearon (4-1) y se colocaron como <b>nuevos l\u00edderes de la Liga<\/b>.<\/p>\n<h2 class=\"title-h2\">Ancelotti: \u00abPueden ser espinas que duelen\u00bb<\/h2>\n<p>Al Cholo tambi\u00e9n le quiso responder a su manera Carlo Ancelotti en la previa del partido liguero: \u00abSon cosas que se dicen a veces para la <b>galer\u00eda<\/b>&#8230; Todo el mundo del f\u00fatbol tiene muy claro lo que ha sido el Madrid durante 125 a\u00f1os de historia. <b>Supongo que pueden ser espinas que duelen<\/b>\u00ab, asegur\u00f3 el italiano, siendo m\u00e1s audaz y sibilino que su jugador, pero respondiendo con la misma intenci\u00f3n.<\/p>\n<p>Aun as\u00ed, en la rueda de prensa posterior a la victoria ante Las Palmas un periodista volvi\u00f3 a preguntarle por el tema, esta vez por la respuesta que hab\u00eda dado Ceballos, pero Carletto no quiso pronunciarse m\u00e1s: \u00abYa dije lo que ten\u00eda que decir, para m\u00ed <b>es un tema zanjado<\/b>\u00ab.<\/p>\n<h2 class=\"title-h2\">El Madrid, l\u00edder tras golear a Las Palmas<\/h2>\n<p>El Real Madrid, con su victoria ante los canarios, se coloca como nuevo l\u00edder de la Liga aventajando en <b>dos puntos al Atleti y en siete al Bar\u00e7a<\/b>. Los rojiblancos precisamente perdieron este s\u00e1bado en Legan\u00e9s (1-0) diciendo adi\u00f3s a la mejor racha de su historia: 15 victorias consecutivas; mientras que los catalanes se fueron de Getafe con un solo punto y siguen alej\u00e1ndose de los merengues (han sumado solo 6 de los \u00faltimos 24 en Liga).<\/p>\n<p>No obstante, entramos en semana de Champions League, concretamente en la pen\u00faltima jornada de la liguilla, y este mismo martes el Atleti recibir\u00e1 al Bayer Leverkusen y el Bar\u00e7a visitar\u00e1 el Benfica, mientras que los blancos se enfrentar\u00e1n al Salzburgo el mi\u00e9rcoles, son estos precisamente los que tienen que ganar s\u00ed o s\u00ed a los austriacos si quieren zanjar su clasificaci\u00f3n, al menos para terminar entre los 24 primeros.<\/p>\n<p><i>S\u00edguenos en nuestro canal de WhatsApp y no te pierdas la \u00faltima hora y toda la actualidad de antena3noticias.com<\/i><\/p>\n<div class=\"recirculation-video\" data-mod=\"a3mod_recirculation_video\">\n<div class=\"recirculation-video-wrapper\">\n<div>\n<div class=\"video-wrapper\">\n  <picture class=\"video-main-picture\"><source media=\"(min-width: 481px)\" srcset=\"https:\/\/fotografias.antena3.com\/clipping\/cmsimages01\/2025\/01\/15\/AAD12D94-2314-4B35-95CA-C690E9F03198\/siria-quiere-que-futbol-vuelva-normalidad-caida-assad_94.jpg?crop=1280,720,x0,y0&amp;width=800&amp;height=450&amp;optimize=medium&amp;format=webply\" width=\"800\" height=\"450\"><source media=\"(min-width: 391px) and (max-width: 480px)\" srcset=\"https:\/\/fotografias.antena3.com\/clipping\/cmsimages01\/2025\/01\/15\/AAD12D94-2314-4B35-95CA-C690E9F03198\/siria-quiere-que-futbol-vuelva-normalidad-caida-assad_70.jpg?crop=1280,720,x0,y0&amp;width=480&amp;height=270&amp;optimize=high&amp;format=webply\" width=\"480\" height=\"270\"><source media=\"(min-width: 321px) and (max-width: 390px)\" srcset=\"https:\/\/fotografias.antena3.com\/clipping\/cmsimages01\/2025\/01\/15\/AAD12D94-2314-4B35-95CA-C690E9F03198\/siria-quiere-que-futbol-vuelva-normalidad-caida-assad_92.jpg?crop=1280,719,x0,y1&amp;width=390&amp;height=219&amp;optimize=high&amp;format=webply\" width=\"390\" height=\"219\"><source media=\"(max-width: 320px)\" srcset=\"https:\/\/fotografias.antena3.com\/clipping\/cmsimages01\/2025\/01\/15\/AAD12D94-2314-4B35-95CA-C690E9F03198\/siria-quiere-que-futbol-vuelva-normalidad-caida-assad_52.jpg?crop=1280,720,x0,y0&amp;width=320&amp;height=180&amp;optimize=high&amp;format=webply\" width=\"320\" height=\"180\"><img decoding=\"async\" title=\"Siria quiere que el f\u00fatbol vuelva a la normalidad tras la ca\u00edda de Al Assad\" alt=\"Siria quiere que el f\u00fatbol vuelva a la normalidad tras la ca\u00edda de Al Assad\" width=\"480\" height=\"270\" src=\"https:\/\/fotografias.antena3.com\/clipping\/cmsimages01\/2025\/01\/15\/AAD12D94-2314-4B35-95CA-C690E9F03198\/siria-quiere-que-futbol-vuelva-normalidad-caida-assad_70.jpg?crop=1280,720,x0,y0&amp;width=480&amp;height=270&amp;optimize=high&amp;format=webply\" loading=\"lazy\" class=\"lazy\"\/><br \/>\n  <\/source><\/source><\/source><\/source><\/picture>\n <\/div>\n<\/div><\/div>\n<\/p><\/div>\n<\/div>\n\n","protected":false},"excerpt":{"rendered":"<p>Dani Ceballos Tambi\u00e9n ha querido responder a las declaraciones de Simeone sobre el Real Madrid y unas presuntas ayudas arbitrales tras el duelo copero ante el Celta: \u00abLleva pasando desde hace 100 a\u00f1os.no s\u00e9 qu\u00e9 les sorprende\u00bb, dijo el argentino el pasado viernes. \u00abTodav\u00eda no ha superado las dos finales de Champions que perdi\u00f3\u00bb Unas &hellip;<\/p>\n","protected":false},"author":1,"featured_media":11125,"comment_status":"open","ping_status":"open","sticky":false,"template":"","format":"standard","meta":{"fifu_image_url":"https:\/\/fotografias.antena3.com\/clipping\/cmsimages02\/2025\/01\/19\/244C53A6-8E85-4FF1-89D1-02E8E69AD8FF\/ceballos-real-madrid-palmas-4-1_69.jpg?crop=528,297,x0,y0&width=1280&height=720&optimize=low&format=jpg","fifu_image_alt":"","footnotes":""},"categories":[6],"tags":[],"class_list":["post-11123","post","type-post","status-publish","format-standard","has-post-thumbnail","","category-deportes"],"_links":{"self":[{"href":"https:\/\/noticiasveraces.com\/index.php?rest_route=\/wp\/v2\/posts\/11123","targetHints":{"allow":["GET"]}}],"collection":[{"href":"https:\/\/noticiasveraces.com\/index.php?rest_route=\/wp\/v2\/posts"}],"about":[{"href":"https:\/\/noticiasveraces.com\/index.php?rest_route=\/wp\/v2\/types\/post"}],"author":[{"embeddable":true,"href":"https:\/\/noticiasveraces.com\/index.php?rest_route=\/wp\/v2\/users\/1"}],"replies":[{"embeddable":true,"href":"https:\/\/noticiasveraces.com\/index.php?rest_route=%2Fwp%2Fv2%2Fcomments&post=11123"}],"version-history":[{"count":0,"href":"https:\/\/noticiasveraces.com\/index.php?rest_route=\/wp\/v2\/posts\/11123\/revisions"}],"wp:featuredmedia":[{"embeddable":true,"href":"https:\/\/noticiasveraces.com\/index.php?rest_route=\/wp\/v2\/media\/11125"}],"wp:attachment":[{"href":"https:\/\/noticiasveraces.com\/index.php?rest_route=%2Fwp%2Fv2%2Fmedia&parent=11123"}],"wp:term":[{"taxonomy":"category","embeddable":true,"href":"https:\/\/noticiasveraces.com\/index.php?rest_route=%2Fwp%2Fv2%2Fcategories&post=11123"},{"taxonomy":"post_tag","embeddable":true,"href":"https:\/\/noticiasveraces.com\/index.php?rest_route=%2Fwp%2Fv2%2Ftags&post=11123"}],"curies":[{"name":"wp","href":"https:\/\/api.w.org\/{rel}","templated":true}]}}